{"id":10960,"date":"2022-10-08T09:01:41","date_gmt":"2022-10-08T07:01:41","guid":{"rendered":"https:\/\/antimuseum.com\/?p=10960"},"modified":"2022-12-24T17:33:20","modified_gmt":"2022-12-24T16:33:20","slug":"chateau-de-terride-in-mirepoix","status":"publish","type":"post","link":"https:\/\/antimuseum.com\/en\/2022\/10\/08\/chateau-de-terride-in-mirepoix\/","title":{"rendered":"Chateau de Terride in Mirepoix"},"content":{"rendered":"<p>When preparing this post, I researched Chateau de\u00a0Terride in Mirepoix with duck duck go. I realised that quite a few chateaux in the south-west of France bear that name. It\u2019s a shame, because this particular ch\u00e2teau is in no way like all <a href=\"https:\/\/chateaudeterrides.fr\" target=\"_blank\" rel=\"noopener\">the others<\/a> I have found on the Internet.<\/p>\n<h3>Chateau de Terride in Mirepoix<\/h3>\n<p>Chateau de\u00a0Terride is quite derelict. As I researched its history, I discovered that French TV celebrity Stephane Bern had launched an initiative with the Ministry of Culture. The aim is to rehabilitate a few remarkable buildings. <a href=\"https:\/\/www.fondation-patrimoine.org\/les-projets\/chateau-de-terride\" target=\"_blank\" rel=\"noopener\">This one being on the list<\/a>. And rightfully so.<\/p>\n<p style=\"padding-left: 40px;\">The upper floor of the chapel has already partially collapsed. The vault with the 13th-century <a href=\"https:\/\/www.merriam-webster.com\/dictionary\/rinceaux\" target=\"_blank\" rel=\"noopener\">rinceaux<\/a> is exposed to the weather and the whole structure is gradually weakening. The lower floor could also see its arches weakened and the brick walls crack. The owners are mobilising to undertake major works and improvements in order to continue to enhance this precious heritage. Thus they welcome visitors and are working on the consolidation of some elements, which are unfortunately in a state of peril.<br \/>\n<a href=\"https:\/\/www.fondation-patrimoine.org\/les-projets\/chateau-de-terride\" target=\"_blank\" rel=\"noopener\">Fondation du Patrimoine<\/a><\/p>\n<h3>MidSummer Winter Journey<\/h3>\n<p>As we made our way to the Chateau de\u00a0Terride on that hot August 2022 evening for an overnight performance of Schubert\u2019s masterpiece <a href=\"https:\/\/en.wikipedia.org\/wiki\/Winterreise\" target=\"_blank\" rel=\"noopener\">Winterreise<\/a>, I was absolutely gobsmacked by the sheer beauty of this place. Possibly, the fact that it is a little derelict makes it even more beautiful or even\u00a0incredibly romantic.<\/p>\n<p>A chateau that could have been painted by Claude as in the picture below.<\/p>\n<figure id=\"attachment_11022\" aria-describedby=\"caption-attachment-11022\" style=\"width: 960px\" class=\"wp-caption aligncenter\"><img data-recalc-dims=\"1\" loading=\"lazy\" decoding=\"async\" data-attachment-id=\"11022\" data-permalink=\"https:\/\/antimuseum.com\/en\/2022\/10\/08\/chateau-de-terride-in-mirepoix\/ll09\/\" data-orig-file=\"https:\/\/i0.wp.com\/antimuseum.com\/wp-content\/uploads\/2022\/10\/ll09-e1665208915118.jpg?fit=850%2C600&amp;ssl=1\" data-orig-size=\"850,600\" data-comments-opened=\"1\" data-image-meta=\"{&quot;aperture&quot;:&quot;0&quot;,&quot;credit&quot;:&quot;&quot;,&quot;camera&quot;:&quot;&quot;,&quot;caption&quot;:&quot;&quot;,&quot;created_timestamp&quot;:&quot;0&quot;,&quot;copyright&quot;:&quot;&quot;,&quot;focal_length&quot;:&quot;0&quot;,&quot;iso&quot;:&quot;0&quot;,&quot;shutter_speed&quot;:&quot;0&quot;,&quot;title&quot;:&quot;&quot;,&quot;orientation&quot;:&quot;0&quot;}\" data-image-title=\"ll09\" data-image-description=\"\" data-image-caption=\"\" data-large-file=\"https:\/\/i0.wp.com\/antimuseum.com\/wp-content\/uploads\/2022\/10\/ll09-e1665208915118.jpg?fit=1000%2C705&amp;ssl=1\" class=\"wp-image-11022 size-large\" src=\"https:\/\/i0.wp.com\/antimuseum.com\/wp-content\/uploads\/2022\/10\/ll09.jpg?resize=960%2C677&#038;ssl=1\" alt=\"Chateau de Terride\" width=\"960\" height=\"677\" \/><figcaption id=\"caption-attachment-11022\" class=\"wp-caption-text\">An enchanted landscape (<a href=\"https:\/\/kunstonline.dk\/indhold\/claude-lorrain.php\" target=\"_blank\" rel=\"noopener\">Die verzauberte Landschaft<\/a>) by <a href=\"http:\/\/lelorrain.louvre.fr\/fr\/html\/ll09.html\" target=\"_blank\" rel=\"noopener\">Claude Gell\u00e9e<\/a> aka Le Lorrain or Claude in England<\/figcaption><\/figure>\n<p>Parts of the chateau are in fact a <a href=\"https:\/\/antimuseum.com\/en\/2014\/10\/01\/not-so-medieval-castle\/\">castle<\/a>. The main tower on the right-hand side of the photo below is from the 12th century. It was altered in the 15th century and again later.<\/p>\n<figure id=\"attachment_11018\" aria-describedby=\"caption-attachment-11018\" style=\"width: 960px\" class=\"wp-caption aligncenter\"><img data-recalc-dims=\"1\" loading=\"lazy\" decoding=\"async\" data-attachment-id=\"11018\" data-permalink=\"https:\/\/antimuseum.com\/en\/2022\/10\/08\/chateau-de-terride-in-mirepoix\/52315358487_292230a89c_k\/\" data-orig-file=\"https:\/\/i0.wp.com\/antimuseum.com\/wp-content\/uploads\/2022\/10\/52315358487_292230a89c_k.jpg?fit=2048%2C1365&amp;ssl=1\" data-orig-size=\"2048,1365\" data-comments-opened=\"1\" data-image-meta=\"{&quot;aperture&quot;:&quot;0&quot;,&quot;credit&quot;:&quot;Yann Gourvennec&quot;,&quot;camera&quot;:&quot;&quot;,&quot;caption&quot;:&quot;&quot;,&quot;created_timestamp&quot;:&quot;0&quot;,&quot;copyright&quot;:&quot;Copyright-2021-2022 antimuseum.com&quot;,&quot;focal_length&quot;:&quot;0&quot;,&quot;iso&quot;:&quot;0&quot;,&quot;shutter_speed&quot;:&quot;0&quot;,&quot;title&quot;:&quot;&quot;,&quot;orientation&quot;:&quot;0&quot;}\" data-image-title=\"52315358487_292230a89c_k\" data-image-description=\"\" data-image-caption=\"\" data-large-file=\"https:\/\/i0.wp.com\/antimuseum.com\/wp-content\/uploads\/2022\/10\/52315358487_292230a89c_k.jpg?fit=1000%2C667&amp;ssl=1\" class=\"wp-image-11018 size-large\" src=\"https:\/\/i0.wp.com\/antimuseum.com\/wp-content\/uploads\/2022\/10\/52315358487_292230a89c_k.jpg?resize=960%2C640&#038;ssl=1\" alt=\"Chateau de Terride\" width=\"960\" height=\"640\" srcset=\"https:\/\/i0.wp.com\/antimuseum.com\/wp-content\/uploads\/2022\/10\/52315358487_292230a89c_k.jpg?resize=1024%2C683&amp;ssl=1 1024w, https:\/\/i0.wp.com\/antimuseum.com\/wp-content\/uploads\/2022\/10\/52315358487_292230a89c_k.jpg?resize=300%2C200&amp;ssl=1 300w, https:\/\/i0.wp.com\/antimuseum.com\/wp-content\/uploads\/2022\/10\/52315358487_292230a89c_k.jpg?resize=768%2C512&amp;ssl=1 768w, https:\/\/i0.wp.com\/antimuseum.com\/wp-content\/uploads\/2022\/10\/52315358487_292230a89c_k.jpg?resize=1536%2C1024&amp;ssl=1 1536w, https:\/\/i0.wp.com\/antimuseum.com\/wp-content\/uploads\/2022\/10\/52315358487_292230a89c_k.jpg?resize=1200%2C800&amp;ssl=1 1200w, https:\/\/i0.wp.com\/antimuseum.com\/wp-content\/uploads\/2022\/10\/52315358487_292230a89c_k.jpg?resize=1400%2C933&amp;ssl=1 1400w, https:\/\/i0.wp.com\/antimuseum.com\/wp-content\/uploads\/2022\/10\/52315358487_292230a89c_k.jpg?resize=800%2C533&amp;ssl=1 800w, https:\/\/i0.wp.com\/antimuseum.com\/wp-content\/uploads\/2022\/10\/52315358487_292230a89c_k.jpg?w=2048&amp;ssl=1 2048w\" sizes=\"auto, (max-width: 960px) 100vw, 960px\" \/><figcaption id=\"caption-attachment-11018\" class=\"wp-caption-text\">Getting ready for an amazing performance of Winterreise. The character on the right-hand side crouched on the ground is a draughtsman. He kept all his kit in an incredible number of plastic carrier bags. He sketched the musicians for the entire evening. After 9\u00a0PM the sun set and he kept drawing in the dark, I would very much like to see the outcome of his nocturnal work.<\/figcaption><\/figure>\n<figure id=\"attachment_11032\" aria-describedby=\"caption-attachment-11032\" style=\"width: 960px\" class=\"wp-caption aligncenter\"><img data-recalc-dims=\"1\" loading=\"lazy\" decoding=\"async\" data-attachment-id=\"11032\" data-permalink=\"https:\/\/antimuseum.com\/en\/2022\/10\/08\/chateau-de-terride-in-mirepoix\/22-ariege-120822-4715\/\" data-orig-file=\"https:\/\/i0.wp.com\/antimuseum.com\/wp-content\/uploads\/2022\/10\/22-Ariege-120822-4715-e1665211369964.jpg?fit=850%2C567&amp;ssl=1\" data-orig-size=\"850,567\" data-comments-opened=\"1\" data-image-meta=\"{&quot;aperture&quot;:&quot;3.5&quot;,&quot;credit&quot;:&quot;Yann Gourvennec&quot;,&quot;camera&quot;:&quot;NIKON Z 7&quot;,&quot;caption&quot;:&quot;&quot;,&quot;created_timestamp&quot;:&quot;1660242119&quot;,&quot;copyright&quot;:&quot;Copyright-2021-2022 antimuseum.com&quot;,&quot;focal_length&quot;:&quot;40&quot;,&quot;iso&quot;:&quot;125&quot;,&quot;shutter_speed&quot;:&quot;0.002&quot;,&quot;title&quot;:&quot;&quot;,&quot;orientation&quot;:&quot;0&quot;}\" data-image-title=\"22-Ariege-120822-4715\" data-image-description=\"\" data-image-caption=\"\" data-large-file=\"https:\/\/i0.wp.com\/antimuseum.com\/wp-content\/uploads\/2022\/10\/22-Ariege-120822-4715-e1665211369964.jpg?fit=1000%2C667&amp;ssl=1\" class=\"wp-image-11032 size-large\" src=\"https:\/\/i0.wp.com\/antimuseum.com\/wp-content\/uploads\/2022\/10\/22-Ariege-120822-4715.jpg?resize=960%2C640&#038;ssl=1\" alt=\"Chateau de Terride\" width=\"960\" height=\"640\" \/><figcaption id=\"caption-attachment-11032\" class=\"wp-caption-text\">The delicate and ornate doorframe of the \u201cold tower\u201d (tour vieille)<\/figcaption><\/figure>\n<p>I cannot think of a more beautiful place for listening to Winterreise, my favourite suite of \u201cLieder\u201d (songs) by Schubert. You can listen to Franco-Irish bass-baritone <a href=\"http:\/\/edwincrossleymercer.com\/schedule\" target=\"_blank\" rel=\"noopener\">singer Edwin Crossley Mercer<\/a>\u00a0who is the co-owner of Chateau de\u00a0Terride with his partner, and the organiser of the classical music <a href=\"https:\/\/mairie-mirepoix.fr\/2022\/03\/21\/swing-a-mirepoix-4\/\" target=\"_blank\" rel=\"noopener\">festival Catel Artes of Mirepoix<\/a>. [Bach performance by Crossley Mercer per below \u201cIch habe genug\u201d\u2009\u2013\u2009I have enough\u2009\u2013\u2009cantata Bwv\u00a082]<\/p>\n<p><iframe loading=\"lazy\" title=\"Ich Habe genug - Aria from cantata BWV82 - JS Bach -\" src=\"https:\/\/player.vimeo.com\/video\/176034765?dnt=1&amp;app_id=122963\" width=\"1000\" height=\"563\" frameborder=\"0\" allow=\"autoplay; fullscreen; picture-in-picture; clipboard-write; encrypted-media; web-share\" referrerpolicy=\"strict-origin-when-cross-origin\"><\/iframe><\/p>\n<p>A very unusual and beautiful recording since Schubert <a href=\"https:\/\/en.wikipedia.org\/wiki\/Winterreise\" target=\"_blank\" rel=\"noopener\">composed these Lieder for a tenor.<\/a>\u00a0Schubert himself did transpose many of his works for other voices. Yet there are few versions of the Winterreise in this register.<\/p>\n<figure id=\"attachment_11028\" aria-describedby=\"caption-attachment-11028\" style=\"width: 925px\" class=\"wp-caption aligncenter\"><a href=\"https:\/\/www.qobuz.com\/fr-fr\/album\/schubert-winterreise-edwin-crossley-mercer-yoan-hereau\/pegbdta9b9l5b\" target=\"_blank\" rel=\"noopener\"><img data-recalc-dims=\"1\" loading=\"lazy\" decoding=\"async\" data-attachment-id=\"11028\" data-permalink=\"https:\/\/antimuseum.com\/en\/2022\/10\/08\/chateau-de-terride-in-mirepoix\/screenshot-2022-10-08-at-08-34-21\/\" data-orig-file=\"https:\/\/i0.wp.com\/antimuseum.com\/wp-content\/uploads\/2022\/10\/Screenshot-2022-10-08-at-08.34.21-e1665210942815.png?fit=850%2C638&amp;ssl=1\" data-orig-size=\"850,638\" data-comments-opened=\"1\" data-image-meta=\"{&quot;aperture&quot;:&quot;0&quot;,&quot;credit&quot;:&quot;&quot;,&quot;camera&quot;:&quot;&quot;,&quot;caption&quot;:&quot;&quot;,&quot;created_timestamp&quot;:&quot;0&quot;,&quot;copyright&quot;:&quot;&quot;,&quot;focal_length&quot;:&quot;0&quot;,&quot;iso&quot;:&quot;0&quot;,&quot;shutter_speed&quot;:&quot;0&quot;,&quot;title&quot;:&quot;&quot;,&quot;orientation&quot;:&quot;0&quot;}\" data-image-title=\"Screenshot 2022-10-08 at 08.34.21\" data-image-description=\"&lt;p&gt;zzz&lt;\/p&gt;\n\" data-image-caption=\"&lt;p&gt;rr&lt;\/p&gt;\n\" data-large-file=\"https:\/\/i0.wp.com\/antimuseum.com\/wp-content\/uploads\/2022\/10\/Screenshot-2022-10-08-at-08.34.21-e1665210942815.png?fit=850%2C638&amp;ssl=1\" class=\"wp-image-11028 size-full\" src=\"https:\/\/i0.wp.com\/antimuseum.com\/wp-content\/uploads\/2022\/10\/Screenshot-2022-10-08-at-08.34.21.png?resize=925%2C694&#038;ssl=1\" alt=\"Chateau de Terride\" width=\"925\" height=\"694\" \/><\/a><figcaption id=\"caption-attachment-11028\" class=\"wp-caption-text\">The paintings are by Edwin\u2019s mother, Claudine Franck\u2009\u2013\u2009<a href=\"https:\/\/www.qobuz.com\/fr-fr\/album\/schubert-winterreise-edwin-crossley-mercer-yoan-hereau\/pegbdta9b9l5b\" target=\"_blank\" rel=\"noopener\">click to listen on Qobuz<\/a><\/figcaption><\/figure>\n<h3>Chateau de Terride in Mirepoix<\/h3>\n<figure id=\"attachment_10963\" aria-describedby=\"caption-attachment-10963\" style=\"width: 960px\" class=\"wp-caption aligncenter\"><img data-recalc-dims=\"1\" loading=\"lazy\" decoding=\"async\" data-attachment-id=\"10963\" data-permalink=\"https:\/\/antimuseum.com\/en\/2022\/10\/08\/chateau-de-terride-in-mirepoix\/52315359877_2d19e7efc8_k\/\" data-orig-file=\"https:\/\/i0.wp.com\/antimuseum.com\/wp-content\/uploads\/2022\/09\/52315359877_2d19e7efc8_k.jpg?fit=2048%2C598&amp;ssl=1\" data-orig-size=\"2048,598\" data-comments-opened=\"1\" data-image-meta=\"{&quot;aperture&quot;:&quot;0&quot;,&quot;credit&quot;:&quot;Yann Gourvennec&quot;,&quot;camera&quot;:&quot;&quot;,&quot;caption&quot;:&quot;&quot;,&quot;created_timestamp&quot;:&quot;0&quot;,&quot;copyright&quot;:&quot;Copyright-2021-2022 antimuseum.com&quot;,&quot;focal_length&quot;:&quot;0&quot;,&quot;iso&quot;:&quot;0&quot;,&quot;shutter_speed&quot;:&quot;0&quot;,&quot;title&quot;:&quot;&quot;,&quot;orientation&quot;:&quot;0&quot;}\" data-image-title=\"52315359877_2d19e7efc8_k\" data-image-description=\"\" data-image-caption=\"\" data-large-file=\"https:\/\/i0.wp.com\/antimuseum.com\/wp-content\/uploads\/2022\/09\/52315359877_2d19e7efc8_k.jpg?fit=1000%2C292&amp;ssl=1\" class=\"wp-image-10963 size-large\" src=\"https:\/\/i0.wp.com\/antimuseum.com\/wp-content\/uploads\/2022\/09\/52315359877_2d19e7efc8_k.jpg?resize=960%2C280&#038;ssl=1\" alt=\"Chateau de Terride\" width=\"960\" height=\"280\" srcset=\"https:\/\/i0.wp.com\/antimuseum.com\/wp-content\/uploads\/2022\/09\/52315359877_2d19e7efc8_k.jpg?resize=1024%2C299&amp;ssl=1 1024w, https:\/\/i0.wp.com\/antimuseum.com\/wp-content\/uploads\/2022\/09\/52315359877_2d19e7efc8_k.jpg?resize=300%2C88&amp;ssl=1 300w, https:\/\/i0.wp.com\/antimuseum.com\/wp-content\/uploads\/2022\/09\/52315359877_2d19e7efc8_k.jpg?resize=768%2C224&amp;ssl=1 768w, https:\/\/i0.wp.com\/antimuseum.com\/wp-content\/uploads\/2022\/09\/52315359877_2d19e7efc8_k.jpg?resize=1536%2C449&amp;ssl=1 1536w, https:\/\/i0.wp.com\/antimuseum.com\/wp-content\/uploads\/2022\/09\/52315359877_2d19e7efc8_k.jpg?resize=1200%2C350&amp;ssl=1 1200w, https:\/\/i0.wp.com\/antimuseum.com\/wp-content\/uploads\/2022\/09\/52315359877_2d19e7efc8_k.jpg?resize=1400%2C409&amp;ssl=1 1400w, https:\/\/i0.wp.com\/antimuseum.com\/wp-content\/uploads\/2022\/09\/52315359877_2d19e7efc8_k.jpg?resize=800%2C234&amp;ssl=1 800w, https:\/\/i0.wp.com\/antimuseum.com\/wp-content\/uploads\/2022\/09\/52315359877_2d19e7efc8_k.jpg?w=2048&amp;ssl=1 2048w\" sizes=\"auto, (max-width: 960px) 100vw, 960px\" \/><figcaption id=\"caption-attachment-10963\" class=\"wp-caption-text\">The view from Chateau de\u00a0Terride is astounding. The Pyrenees are in the background. Our house is somewhere in the mountains, South-West of Mirepoix (on the right handsome of that picture).<\/figcaption><\/figure>\n<figure id=\"attachment_10961\" aria-describedby=\"caption-attachment-10961\" style=\"width: 960px\" class=\"wp-caption aligncenter\"><img data-recalc-dims=\"1\" loading=\"lazy\" decoding=\"async\" data-attachment-id=\"10961\" data-permalink=\"https:\/\/antimuseum.com\/en\/2022\/10\/08\/chateau-de-terride-in-mirepoix\/52316584774_9fbea55e13_k\/\" data-orig-file=\"https:\/\/i0.wp.com\/antimuseum.com\/wp-content\/uploads\/2022\/09\/52316584774_9fbea55e13_k.jpg?fit=2048%2C1365&amp;ssl=1\" data-orig-size=\"2048,1365\" data-comments-opened=\"1\" data-image-meta=\"{&quot;aperture&quot;:&quot;0&quot;,&quot;credit&quot;:&quot;Yann Gourvennec&quot;,&quot;camera&quot;:&quot;&quot;,&quot;caption&quot;:&quot;&quot;,&quot;created_timestamp&quot;:&quot;0&quot;,&quot;copyright&quot;:&quot;Copyright-2021-2022 antimuseum.com&quot;,&quot;focal_length&quot;:&quot;0&quot;,&quot;iso&quot;:&quot;0&quot;,&quot;shutter_speed&quot;:&quot;0&quot;,&quot;title&quot;:&quot;&quot;,&quot;orientation&quot;:&quot;0&quot;}\" data-image-title=\"52316584774_9fbea55e13_k\" data-image-description=\"\" data-image-caption=\"\" data-large-file=\"https:\/\/i0.wp.com\/antimuseum.com\/wp-content\/uploads\/2022\/09\/52316584774_9fbea55e13_k.jpg?fit=1000%2C667&amp;ssl=1\" class=\"wp-image-10961 size-large\" src=\"https:\/\/i0.wp.com\/antimuseum.com\/wp-content\/uploads\/2022\/09\/52316584774_9fbea55e13_k.jpg?resize=960%2C640&#038;ssl=1\" alt=\"\" width=\"960\" height=\"640\" srcset=\"https:\/\/i0.wp.com\/antimuseum.com\/wp-content\/uploads\/2022\/09\/52316584774_9fbea55e13_k.jpg?resize=1024%2C683&amp;ssl=1 1024w, https:\/\/i0.wp.com\/antimuseum.com\/wp-content\/uploads\/2022\/09\/52316584774_9fbea55e13_k.jpg?resize=300%2C200&amp;ssl=1 300w, https:\/\/i0.wp.com\/antimuseum.com\/wp-content\/uploads\/2022\/09\/52316584774_9fbea55e13_k.jpg?resize=768%2C512&amp;ssl=1 768w, https:\/\/i0.wp.com\/antimuseum.com\/wp-content\/uploads\/2022\/09\/52316584774_9fbea55e13_k.jpg?resize=1536%2C1024&amp;ssl=1 1536w, https:\/\/i0.wp.com\/antimuseum.com\/wp-content\/uploads\/2022\/09\/52316584774_9fbea55e13_k.jpg?resize=1200%2C800&amp;ssl=1 1200w, https:\/\/i0.wp.com\/antimuseum.com\/wp-content\/uploads\/2022\/09\/52316584774_9fbea55e13_k.jpg?resize=1400%2C933&amp;ssl=1 1400w, https:\/\/i0.wp.com\/antimuseum.com\/wp-content\/uploads\/2022\/09\/52316584774_9fbea55e13_k.jpg?resize=800%2C533&amp;ssl=1 800w, https:\/\/i0.wp.com\/antimuseum.com\/wp-content\/uploads\/2022\/09\/52316584774_9fbea55e13_k.jpg?w=2048&amp;ssl=1 2048w\" sizes=\"auto, (max-width: 960px) 100vw, 960px\" \/><figcaption id=\"caption-attachment-10961\" class=\"wp-caption-text\">Mirepoix from the Chateau during the intermission<\/figcaption><\/figure>\n","protected":false},"excerpt":{"rendered":"<p>When preparing this post, I researched Chateau de\u00a0Terride in Mirepoix with duck duck go. I realised that quite a few chateaux in the south-west of France bear that name. It\u2019s a shame, because this particular ch\u00e2teau is in no way like all the others I have found on the Internet. Chateau de Terride in Mirepoix [&hellip;]<\/p>\n","protected":false},"author":60439,"featured_media":10965,"comment_status":"open","ping_status":"open","sticky":false,"template":"","format":"standard","meta":{"_crdt_document":"","_jetpack_newsletter_access":"","_jetpack_dont_email_post_to_subs":false,"_jetpack_newsletter_tier_id":0,"_jetpack_memberships_contains_paywalled_content":false,"_jetpack_memberships_contains_paid_content":false,"footnotes":"","jetpack_publicize_message":"","jetpack_publicize_feature_enabled":true,"jetpack_social_post_already_shared":true,"jetpack_social_options":{"image_generator_settings":{"template":"dois","default_image_id":0,"font":"","enabled":false},"version":2},"_wpas_customize_per_network":false,"jetpack_post_was_ever_published":false},"categories":[2290],"tags":[],"class_list":["post-10960","post","type-post","status-publish","format-standard","has-post-thumbnail","hentry","category-architecture-photography"],"blocksy_meta":[],"yoast_head":"<!-- This site is optimized with the Yoast SEO plugin v27.5 - https:\/\/yoast.com\/product\/yoast-seo-wordpress\/ -->\n<title>Chateau de Terride Mirepoix - Antimuseum<\/title>\n<meta name=\"description\" content=\"Almost every other other chateau in the south-west of France is called Chateau de Terride, yet this one in Mirepoix is in like no other\" \/>\n<meta name=\"robots\" content=\"index, follow, max-snippet:-1, max-image-preview:large, max-video-preview:-1\" \/>\n<link rel=\"canonical\" href=\"https:\/\/antimuseum.com\/en\/2022\/10\/08\/chateau-de-terride-in-mirepoix\/\" \/>\n<meta property=\"og:locale\" content=\"en_US\" \/>\n<meta property=\"og:type\" content=\"article\" \/>\n<meta property=\"og:title\" content=\"Chateau de Terride Mirepoix - Antimuseum\" \/>\n<meta property=\"og:description\" content=\"Almost every other other chateau in the south-west of France is called Chateau de Terride, yet this one in Mirepoix is in like no other\" \/>\n<meta property=\"og:url\" content=\"https:\/\/antimuseum.com\/en\/2022\/10\/08\/chateau-de-terride-in-mirepoix\/\" \/>\n<meta property=\"og:site_name\" content=\"Yann Gourvennec - Photography\" \/>\n<meta property=\"article:publisher\" content=\"https:\/\/www.facebook.com\/AntimuseumParis\/\" \/>\n<meta property=\"article:published_time\" content=\"2022-10-08T07:01:41+00:00\" \/>\n<meta property=\"article:modified_time\" content=\"2022-12-24T16:33:20+00:00\" \/>\n<meta property=\"og:image\" content=\"https:\/\/i0.wp.com\/antimuseum.com\/wp-content\/uploads\/2022\/09\/52316600765_969dad9c13_k.jpg?fit=2048%2C1365&ssl=1\" \/>\n\t<meta property=\"og:image:width\" content=\"2048\" \/>\n\t<meta property=\"og:image:height\" content=\"1365\" \/>\n\t<meta property=\"og:image:type\" content=\"image\/jpeg\" \/>\n<meta name=\"author\" content=\"Yann Gourvennec\" \/>\n<meta name=\"twitter:card\" content=\"summary_large_image\" \/>\n<meta name=\"twitter:creator\" content=\"@ygourven\" \/>\n<meta name=\"twitter:site\" content=\"@ygourven\" \/>\n<meta name=\"twitter:label1\" content=\"Written by\" \/>\n\t<meta name=\"twitter:data1\" content=\"Yann Gourvennec\" \/>\n\t<meta name=\"twitter:label2\" content=\"Est. reading time\" \/>\n\t<meta name=\"twitter:data2\" content=\"4 minutes\" \/>\n<script type=\"application\/ld+json\" class=\"yoast-schema-graph\">{\"@context\":\"https:\\\/\\\/schema.org\",\"@graph\":[{\"@type\":\"Article\",\"@id\":\"https:\\\/\\\/antimuseum.com\\\/en\\\/2022\\\/10\\\/08\\\/chateau-de-terride-in-mirepoix\\\/#article\",\"isPartOf\":{\"@id\":\"https:\\\/\\\/antimuseum.com\\\/en\\\/2022\\\/10\\\/08\\\/chateau-de-terride-in-mirepoix\\\/\"},\"author\":{\"name\":\"Yann Gourvennec\",\"@id\":\"https:\\\/\\\/antimuseum.com\\\/en\\\/#\\\/schema\\\/person\\\/545aaf6fc711850cd5dace4214985a98\"},\"headline\":\"Chateau de Terride in Mirepoix\",\"datePublished\":\"2022-10-08T07:01:41+00:00\",\"dateModified\":\"2022-12-24T16:33:20+00:00\",\"mainEntityOfPage\":{\"@id\":\"https:\\\/\\\/antimuseum.com\\\/en\\\/2022\\\/10\\\/08\\\/chateau-de-terride-in-mirepoix\\\/\"},\"wordCount\":600,\"commentCount\":0,\"publisher\":{\"@id\":\"https:\\\/\\\/antimuseum.com\\\/en\\\/#organization\"},\"image\":{\"@id\":\"https:\\\/\\\/antimuseum.com\\\/en\\\/2022\\\/10\\\/08\\\/chateau-de-terride-in-mirepoix\\\/#primaryimage\"},\"thumbnailUrl\":\"https:\\\/\\\/i0.wp.com\\\/antimuseum.com\\\/wp-content\\\/uploads\\\/2022\\\/09\\\/52316600765_969dad9c13_k.jpg?fit=2048%2C1365&ssl=1\",\"articleSection\":[\"Architecture Photos\"],\"inLanguage\":\"en-US\",\"potentialAction\":[{\"@type\":\"CommentAction\",\"name\":\"Comment\",\"target\":[\"https:\\\/\\\/antimuseum.com\\\/en\\\/2022\\\/10\\\/08\\\/chateau-de-terride-in-mirepoix\\\/#respond\"]}]},{\"@type\":\"WebPage\",\"@id\":\"https:\\\/\\\/antimuseum.com\\\/en\\\/2022\\\/10\\\/08\\\/chateau-de-terride-in-mirepoix\\\/\",\"url\":\"https:\\\/\\\/antimuseum.com\\\/en\\\/2022\\\/10\\\/08\\\/chateau-de-terride-in-mirepoix\\\/\",\"name\":\"Chateau de Terride Mirepoix - Antimuseum\",\"isPartOf\":{\"@id\":\"https:\\\/\\\/antimuseum.com\\\/en\\\/#website\"},\"primaryImageOfPage\":{\"@id\":\"https:\\\/\\\/antimuseum.com\\\/en\\\/2022\\\/10\\\/08\\\/chateau-de-terride-in-mirepoix\\\/#primaryimage\"},\"image\":{\"@id\":\"https:\\\/\\\/antimuseum.com\\\/en\\\/2022\\\/10\\\/08\\\/chateau-de-terride-in-mirepoix\\\/#primaryimage\"},\"thumbnailUrl\":\"https:\\\/\\\/i0.wp.com\\\/antimuseum.com\\\/wp-content\\\/uploads\\\/2022\\\/09\\\/52316600765_969dad9c13_k.jpg?fit=2048%2C1365&ssl=1\",\"datePublished\":\"2022-10-08T07:01:41+00:00\",\"dateModified\":\"2022-12-24T16:33:20+00:00\",\"description\":\"Almost every other other chateau in the south-west of France is called Chateau de Terride, yet this one in Mirepoix is in like no other\",\"breadcrumb\":{\"@id\":\"https:\\\/\\\/antimuseum.com\\\/en\\\/2022\\\/10\\\/08\\\/chateau-de-terride-in-mirepoix\\\/#breadcrumb\"},\"inLanguage\":\"en-US\",\"potentialAction\":[{\"@type\":\"ReadAction\",\"target\":[\"https:\\\/\\\/antimuseum.com\\\/en\\\/2022\\\/10\\\/08\\\/chateau-de-terride-in-mirepoix\\\/\"]}]},{\"@type\":\"ImageObject\",\"inLanguage\":\"en-US\",\"@id\":\"https:\\\/\\\/antimuseum.com\\\/en\\\/2022\\\/10\\\/08\\\/chateau-de-terride-in-mirepoix\\\/#primaryimage\",\"url\":\"https:\\\/\\\/i0.wp.com\\\/antimuseum.com\\\/wp-content\\\/uploads\\\/2022\\\/09\\\/52316600765_969dad9c13_k.jpg?fit=2048%2C1365&ssl=1\",\"contentUrl\":\"https:\\\/\\\/i0.wp.com\\\/antimuseum.com\\\/wp-content\\\/uploads\\\/2022\\\/09\\\/52316600765_969dad9c13_k.jpg?fit=2048%2C1365&ssl=1\",\"width\":2048,\"height\":1365},{\"@type\":\"BreadcrumbList\",\"@id\":\"https:\\\/\\\/antimuseum.com\\\/en\\\/2022\\\/10\\\/08\\\/chateau-de-terride-in-mirepoix\\\/#breadcrumb\",\"itemListElement\":[{\"@type\":\"ListItem\",\"position\":1,\"name\":\"Home\",\"item\":\"https:\\\/\\\/antimuseum.com\\\/en\\\/photographe-portrait-entreprise-paris\\\/\"},{\"@type\":\"ListItem\",\"position\":2,\"name\":\"Chateau de Terride in Mirepoix\"}]},{\"@type\":\"WebSite\",\"@id\":\"https:\\\/\\\/antimuseum.com\\\/en\\\/#website\",\"url\":\"https:\\\/\\\/antimuseum.com\\\/en\\\/\",\"name\":\"The Antimuseum in Paris (and beyond)\",\"description\":\"The Antimuseum in Paris (and beyond)\",\"publisher\":{\"@id\":\"https:\\\/\\\/antimuseum.com\\\/en\\\/#organization\"},\"alternateName\":\"anti-museum in Paris\",\"potentialAction\":[{\"@type\":\"SearchAction\",\"target\":{\"@type\":\"EntryPoint\",\"urlTemplate\":\"https:\\\/\\\/antimuseum.com\\\/en\\\/?s={search_term_string}\"},\"query-input\":{\"@type\":\"PropertyValueSpecification\",\"valueRequired\":true,\"valueName\":\"search_term_string\"}}],\"inLanguage\":\"en-US\"},{\"@type\":\"Organization\",\"@id\":\"https:\\\/\\\/antimuseum.com\\\/en\\\/#organization\",\"name\":\"The Antimuseum in Paris (and beyond)\",\"url\":\"https:\\\/\\\/antimuseum.com\\\/en\\\/\",\"logo\":{\"@type\":\"ImageObject\",\"inLanguage\":\"en-US\",\"@id\":\"https:\\\/\\\/antimuseum.com\\\/en\\\/#\\\/schema\\\/logo\\\/image\\\/\",\"url\":\"https:\\\/\\\/antimuseum.com\\\/wp-content\\\/uploads\\\/2021\\\/01\\\/antimuseum-logo-1-2-e1610813225740.png\",\"contentUrl\":\"https:\\\/\\\/antimuseum.com\\\/wp-content\\\/uploads\\\/2021\\\/01\\\/antimuseum-logo-1-2-e1610813225740.png\",\"width\":1487,\"height\":692,\"caption\":\"The Antimuseum in Paris (and beyond)\"},\"image\":{\"@id\":\"https:\\\/\\\/antimuseum.com\\\/en\\\/#\\\/schema\\\/logo\\\/image\\\/\"},\"sameAs\":[\"https:\\\/\\\/www.facebook.com\\\/AntimuseumParis\\\/\",\"https:\\\/\\\/x.com\\\/ygourven\"]},{\"@type\":\"Person\",\"@id\":\"https:\\\/\\\/antimuseum.com\\\/en\\\/#\\\/schema\\\/person\\\/545aaf6fc711850cd5dace4214985a98\",\"name\":\"Yann Gourvennec\",\"image\":{\"@type\":\"ImageObject\",\"inLanguage\":\"en-US\",\"@id\":\"https:\\\/\\\/secure.gravatar.com\\\/avatar\\\/d6cd451b8e0fc3c089b819830933d0a38a14de90e62c0dfdbf7feeb7bf00510e?s=96&d=identicon&r=g\",\"url\":\"https:\\\/\\\/secure.gravatar.com\\\/avatar\\\/d6cd451b8e0fc3c089b819830933d0a38a14de90e62c0dfdbf7feeb7bf00510e?s=96&d=identicon&r=g\",\"contentUrl\":\"https:\\\/\\\/secure.gravatar.com\\\/avatar\\\/d6cd451b8e0fc3c089b819830933d0a38a14de90e62c0dfdbf7feeb7bf00510e?s=96&d=identicon&r=g\",\"caption\":\"Yann Gourvennec\"},\"description\":\"I'm a photographer and watercolourist. I have practiced photography since childhood and digital photography since 1995. I turned it into my main occupation in 2021. I own a photo studio in Paris, France. ------------ Je suis photographe et aquarelliste. Je pratique la photographie depuis l'enfance et la photographie num\u00e9rique depuis 1995. J'en ai fait mon activit\u00e9 principale en 2021. Je poss\u00e8de un studio photo dans le 15e arrondissement de Paris\",\"sameAs\":[\"https:\\\/\\\/visionarymarketing.com\"],\"url\":\"https:\\\/\\\/antimuseum.com\\\/en\\\/author\\\/visionarymarketing\\\/\"}]}<\/script>\n<!-- \/ Yoast SEO plugin. -->","yoast_head_json":{"title":"Chateau de Terride Mirepoix - Antimuseum","description":"Almost every other other chateau in the south-west of France is called Chateau de Terride, yet this one in Mirepoix is in like no other","robots":{"index":"index","follow":"follow","max-snippet":"max-snippet:-1","max-image-preview":"max-image-preview:large","max-video-preview":"max-video-preview:-1"},"canonical":"https:\/\/antimuseum.com\/en\/2022\/10\/08\/chateau-de-terride-in-mirepoix\/","og_locale":"en_US","og_type":"article","og_title":"Chateau de Terride Mirepoix - Antimuseum","og_description":"Almost every other other chateau in the south-west of France is called Chateau de Terride, yet this one in Mirepoix is in like no other","og_url":"https:\/\/antimuseum.com\/en\/2022\/10\/08\/chateau-de-terride-in-mirepoix\/","og_site_name":"Yann Gourvennec - Photography","article_publisher":"https:\/\/www.facebook.com\/AntimuseumParis\/","article_published_time":"2022-10-08T07:01:41+00:00","article_modified_time":"2022-12-24T16:33:20+00:00","og_image":[{"width":2048,"height":1365,"url":"https:\/\/i0.wp.com\/antimuseum.com\/wp-content\/uploads\/2022\/09\/52316600765_969dad9c13_k.jpg?fit=2048%2C1365&ssl=1","type":"image\/jpeg"}],"author":"Yann Gourvennec","twitter_card":"summary_large_image","twitter_creator":"@ygourven","twitter_site":"@ygourven","twitter_misc":{"Written by":"Yann Gourvennec","Est. reading time":"4 minutes"},"schema":{"@context":"https:\/\/schema.org","@graph":[{"@type":"Article","@id":"https:\/\/antimuseum.com\/en\/2022\/10\/08\/chateau-de-terride-in-mirepoix\/#article","isPartOf":{"@id":"https:\/\/antimuseum.com\/en\/2022\/10\/08\/chateau-de-terride-in-mirepoix\/"},"author":{"name":"Yann Gourvennec","@id":"https:\/\/antimuseum.com\/en\/#\/schema\/person\/545aaf6fc711850cd5dace4214985a98"},"headline":"Chateau de Terride in Mirepoix","datePublished":"2022-10-08T07:01:41+00:00","dateModified":"2022-12-24T16:33:20+00:00","mainEntityOfPage":{"@id":"https:\/\/antimuseum.com\/en\/2022\/10\/08\/chateau-de-terride-in-mirepoix\/"},"wordCount":600,"commentCount":0,"publisher":{"@id":"https:\/\/antimuseum.com\/en\/#organization"},"image":{"@id":"https:\/\/antimuseum.com\/en\/2022\/10\/08\/chateau-de-terride-in-mirepoix\/#primaryimage"},"thumbnailUrl":"https:\/\/i0.wp.com\/antimuseum.com\/wp-content\/uploads\/2022\/09\/52316600765_969dad9c13_k.jpg?fit=2048%2C1365&ssl=1","articleSection":["Architecture Photos"],"inLanguage":"en-US","potentialAction":[{"@type":"CommentAction","name":"Comment","target":["https:\/\/antimuseum.com\/en\/2022\/10\/08\/chateau-de-terride-in-mirepoix\/#respond"]}]},{"@type":"WebPage","@id":"https:\/\/antimuseum.com\/en\/2022\/10\/08\/chateau-de-terride-in-mirepoix\/","url":"https:\/\/antimuseum.com\/en\/2022\/10\/08\/chateau-de-terride-in-mirepoix\/","name":"Chateau de Terride Mirepoix - Antimuseum","isPartOf":{"@id":"https:\/\/antimuseum.com\/en\/#website"},"primaryImageOfPage":{"@id":"https:\/\/antimuseum.com\/en\/2022\/10\/08\/chateau-de-terride-in-mirepoix\/#primaryimage"},"image":{"@id":"https:\/\/antimuseum.com\/en\/2022\/10\/08\/chateau-de-terride-in-mirepoix\/#primaryimage"},"thumbnailUrl":"https:\/\/i0.wp.com\/antimuseum.com\/wp-content\/uploads\/2022\/09\/52316600765_969dad9c13_k.jpg?fit=2048%2C1365&ssl=1","datePublished":"2022-10-08T07:01:41+00:00","dateModified":"2022-12-24T16:33:20+00:00","description":"Almost every other other chateau in the south-west of France is called Chateau de Terride, yet this one in Mirepoix is in like no other","breadcrumb":{"@id":"https:\/\/antimuseum.com\/en\/2022\/10\/08\/chateau-de-terride-in-mirepoix\/#breadcrumb"},"inLanguage":"en-US","potentialAction":[{"@type":"ReadAction","target":["https:\/\/antimuseum.com\/en\/2022\/10\/08\/chateau-de-terride-in-mirepoix\/"]}]},{"@type":"ImageObject","inLanguage":"en-US","@id":"https:\/\/antimuseum.com\/en\/2022\/10\/08\/chateau-de-terride-in-mirepoix\/#primaryimage","url":"https:\/\/i0.wp.com\/antimuseum.com\/wp-content\/uploads\/2022\/09\/52316600765_969dad9c13_k.jpg?fit=2048%2C1365&ssl=1","contentUrl":"https:\/\/i0.wp.com\/antimuseum.com\/wp-content\/uploads\/2022\/09\/52316600765_969dad9c13_k.jpg?fit=2048%2C1365&ssl=1","width":2048,"height":1365},{"@type":"BreadcrumbList","@id":"https:\/\/antimuseum.com\/en\/2022\/10\/08\/chateau-de-terride-in-mirepoix\/#breadcrumb","itemListElement":[{"@type":"ListItem","position":1,"name":"Home","item":"https:\/\/antimuseum.com\/en\/photographe-portrait-entreprise-paris\/"},{"@type":"ListItem","position":2,"name":"Chateau de Terride in Mirepoix"}]},{"@type":"WebSite","@id":"https:\/\/antimuseum.com\/en\/#website","url":"https:\/\/antimuseum.com\/en\/","name":"The Antimuseum in Paris (and beyond)","description":"The Antimuseum in Paris (and beyond)","publisher":{"@id":"https:\/\/antimuseum.com\/en\/#organization"},"alternateName":"anti-museum in Paris","potentialAction":[{"@type":"SearchAction","target":{"@type":"EntryPoint","urlTemplate":"https:\/\/antimuseum.com\/en\/?s={search_term_string}"},"query-input":{"@type":"PropertyValueSpecification","valueRequired":true,"valueName":"search_term_string"}}],"inLanguage":"en-US"},{"@type":"Organization","@id":"https:\/\/antimuseum.com\/en\/#organization","name":"The Antimuseum in Paris (and beyond)","url":"https:\/\/antimuseum.com\/en\/","logo":{"@type":"ImageObject","inLanguage":"en-US","@id":"https:\/\/antimuseum.com\/en\/#\/schema\/logo\/image\/","url":"https:\/\/antimuseum.com\/wp-content\/uploads\/2021\/01\/antimuseum-logo-1-2-e1610813225740.png","contentUrl":"https:\/\/antimuseum.com\/wp-content\/uploads\/2021\/01\/antimuseum-logo-1-2-e1610813225740.png","width":1487,"height":692,"caption":"The Antimuseum in Paris (and beyond)"},"image":{"@id":"https:\/\/antimuseum.com\/en\/#\/schema\/logo\/image\/"},"sameAs":["https:\/\/www.facebook.com\/AntimuseumParis\/","https:\/\/x.com\/ygourven"]},{"@type":"Person","@id":"https:\/\/antimuseum.com\/en\/#\/schema\/person\/545aaf6fc711850cd5dace4214985a98","name":"Yann Gourvennec","image":{"@type":"ImageObject","inLanguage":"en-US","@id":"https:\/\/secure.gravatar.com\/avatar\/d6cd451b8e0fc3c089b819830933d0a38a14de90e62c0dfdbf7feeb7bf00510e?s=96&d=identicon&r=g","url":"https:\/\/secure.gravatar.com\/avatar\/d6cd451b8e0fc3c089b819830933d0a38a14de90e62c0dfdbf7feeb7bf00510e?s=96&d=identicon&r=g","contentUrl":"https:\/\/secure.gravatar.com\/avatar\/d6cd451b8e0fc3c089b819830933d0a38a14de90e62c0dfdbf7feeb7bf00510e?s=96&d=identicon&r=g","caption":"Yann Gourvennec"},"description":"I'm a photographer and watercolourist. I have practiced photography since childhood and digital photography since 1995. I turned it into my main occupation in 2021. I own a photo studio in Paris, France. ------------ Je suis photographe et aquarelliste. Je pratique la photographie depuis l'enfance et la photographie num\u00e9rique depuis 1995. J'en ai fait mon activit\u00e9 principale en 2021. Je poss\u00e8de un studio photo dans le 15e arrondissement de Paris","sameAs":["https:\/\/visionarymarketing.com"],"url":"https:\/\/antimuseum.com\/en\/author\/visionarymarketing\/"}]}},"jetpack_publicize_connections":[],"jetpack_featured_media_url":"https:\/\/i0.wp.com\/antimuseum.com\/wp-content\/uploads\/2022\/09\/52316600765_969dad9c13_k.jpg?fit=2048%2C1365&ssl=1","jetpack_likes_enabled":true,"jetpack_sharing_enabled":true,"jetpack_shortlink":"https:\/\/wp.me\/p1bww-2QM","jetpack-related-posts":[{"id":11040,"url":"https:\/\/antimuseum.com\/2022\/10\/22\/mirepoix\/","url_meta":{"origin":10960,"position":0},"title":"Le ch\u00e2teau de Terride \u00e0 Mirepoix","author":"Yann Gourvennec","date":"October 22, 2022","format":false,"excerpt":"En pr\u00e9parant ce billet, j'ai fait des recherches sur le Ch\u00e2teau de Terride \u00e0 Mirepoix dans duck duck go. Je me suis rendu compte que pas mal de ch\u00e2teaux du sud-ouest de la France portent ce nom. Pourtant, ce ch\u00e2teau est bien diff\u00e9rent de ses homonymes\u00a0trouv\u00e9s sur Internet. Ch\u00e2teau de\u2026","rel":"","context":"In &quot;Photos d'architecture&quot;","block_context":{"text":"Photos d'architecture","link":"https:\/\/antimuseum.com\/category\/photographie\/photos-darchitecture\/"},"img":{"alt_text":"Ch\u00e2teau de Terride \u00e0 Mirepoix","src":"https:\/\/i0.wp.com\/antimuseum.com\/wp-content\/uploads\/2022\/09\/52316600765_969dad9c13_k.webp?fit=1200%2C800&ssl=1&resize=350%2C200","width":350,"height":200,"srcset":"https:\/\/i0.wp.com\/antimuseum.com\/wp-content\/uploads\/2022\/09\/52316600765_969dad9c13_k.webp?fit=1200%2C800&ssl=1&resize=350%2C200 1x, https:\/\/i0.wp.com\/antimuseum.com\/wp-content\/uploads\/2022\/09\/52316600765_969dad9c13_k.webp?fit=1200%2C800&ssl=1&resize=525%2C300 1.5x, https:\/\/i0.wp.com\/antimuseum.com\/wp-content\/uploads\/2022\/09\/52316600765_969dad9c13_k.webp?fit=1200%2C800&ssl=1&resize=700%2C400 2x, https:\/\/i0.wp.com\/antimuseum.com\/wp-content\/uploads\/2022\/09\/52316600765_969dad9c13_k.webp?fit=1200%2C800&ssl=1&resize=1050%2C600 3x"},"classes":[]},{"id":7448,"url":"https:\/\/antimuseum.com\/en\/2021\/02\/07\/behind-the-scenes\/","url_meta":{"origin":10960,"position":1},"title":"Behind the scenes &#8211; Versailles","author":"Yann Gourvennec","date":"February 7, 2021","format":false,"excerpt":"Behind the scenes, one understands that appearances may be a trifle deceptive. To most people, and not just tourists, Versailles will look like the above picture. Rowing boats, canals and a grandiose ch\u00e2teau. One will take the train to the Versailles Rive Gauche railway station and scutter from there to\u2026","rel":"","context":"In &quot;Architecture Photos&quot;","block_context":{"text":"Architecture Photos","link":"https:\/\/antimuseum.com\/en\/category\/photography\/architecture-photography\/"},"img":{"alt_text":"","src":"https:\/\/i0.wp.com\/antimuseum.com\/wp-content\/uploads\/2021\/02\/50687129472_eb5b293df7_o-2.jpg?fit=900%2C350&ssl=1&resize=350%2C200","width":350,"height":200,"srcset":"https:\/\/i0.wp.com\/antimuseum.com\/wp-content\/uploads\/2021\/02\/50687129472_eb5b293df7_o-2.jpg?fit=900%2C350&ssl=1&resize=350%2C200 1x, https:\/\/i0.wp.com\/antimuseum.com\/wp-content\/uploads\/2021\/02\/50687129472_eb5b293df7_o-2.jpg?fit=900%2C350&ssl=1&resize=525%2C300 1.5x, https:\/\/i0.wp.com\/antimuseum.com\/wp-content\/uploads\/2021\/02\/50687129472_eb5b293df7_o-2.jpg?fit=900%2C350&ssl=1&resize=700%2C400 2x"},"classes":[]},{"id":9550,"url":"https:\/\/antimuseum.com\/en\/2026\/04\/29\/saint-lizier-trees\/","url_meta":{"origin":10960,"position":2},"title":"Trees outside the Bishop&#8217;s Palace in Saint Lizier","author":"Yann Gourvennec","date":"April 29, 2026","format":false,"excerpt":"Ah, the trees of Saint-Lizier* \u2014 and trees in general. I love them so much that I decided to make them the subject of this week's post. Lately I've been photographing trees left, right and centre. And strangely enough, not always in colour. I've realised, in fact, that trees are\u2026","rel":"","context":"In &quot;Landscape Photography&quot;","block_context":{"text":"Landscape Photography","link":"https:\/\/antimuseum.com\/en\/category\/photography\/landscape-photography\/"},"img":{"alt_text":"Trees","src":"https:\/\/i0.wp.com\/antimuseum.com\/wp-content\/uploads\/2021\/09\/Thumnbnail-TREE.jpg?fit=500%2C333&ssl=1&resize=350%2C200","width":350,"height":200},"classes":[]},{"id":17503,"url":"https:\/\/antimuseum.com\/en\/2026\/03\/27\/picture-this-saint-germain-en-laye\/","url_meta":{"origin":10960,"position":3},"title":"Picture this: Saint-Germain-en-Laye","author":"Yann Gourvennec","date":"March 27, 2026","format":false,"excerpt":"A few photos of Saint-Germain-en-Laye, a town where I was fortunate enough to spend many happy years. This post is a way of keeping alive an old piece I wrote for a now-defunct local paper, C\u00f4t\u00e9 Yvelines. Picture this: Saint-Germain-en-Laye Saint Germain-en-Laye: All that is left from the 17th century\u2026","rel":"","context":"In &quot;Photography&quot;","block_context":{"text":"Photography","link":"https:\/\/antimuseum.com\/en\/category\/photography\/"},"img":{"alt_text":"","src":"https:\/\/i0.wp.com\/antimuseum.com\/wp-content\/uploads\/2026\/03\/stger-4707.jpg?fit=1200%2C801&ssl=1&resize=350%2C200","width":350,"height":200,"srcset":"https:\/\/i0.wp.com\/antimuseum.com\/wp-content\/uploads\/2026\/03\/stger-4707.jpg?fit=1200%2C801&ssl=1&resize=350%2C200 1x, https:\/\/i0.wp.com\/antimuseum.com\/wp-content\/uploads\/2026\/03\/stger-4707.jpg?fit=1200%2C801&ssl=1&resize=525%2C300 1.5x, https:\/\/i0.wp.com\/antimuseum.com\/wp-content\/uploads\/2026\/03\/stger-4707.jpg?fit=1200%2C801&ssl=1&resize=700%2C400 2x, https:\/\/i0.wp.com\/antimuseum.com\/wp-content\/uploads\/2026\/03\/stger-4707.jpg?fit=1200%2C801&ssl=1&resize=1050%2C600 3x"},"classes":[]},{"id":2695,"url":"https:\/\/antimuseum.com\/en\/2016\/07\/15\/details\/","url_meta":{"origin":10960,"position":4},"title":"The Devil is in there","author":"Yann Gourvennec","date":"July 15, 2016","format":false,"excerpt":"The devil, and the lizard, is in the details as the saying goes. I caught that one above amongst the rocks outside Port Royal des Champs Abbey in the South West of Paris a few years back. One really has to focus to catch a glimpse of the \u2019beast'. More\u2026","rel":"","context":"In &quot;Photography&quot;","block_context":{"text":"Photography","link":"https:\/\/antimuseum.com\/en\/category\/photography\/"},"img":{"alt_text":"","src":"https:\/\/i0.wp.com\/antimuseum.com\/wp-content\/uploads\/2016\/07\/27605315734_b831a8b866_h.jpg?fit=1200%2C795&ssl=1&resize=350%2C200","width":350,"height":200,"srcset":"https:\/\/i0.wp.com\/antimuseum.com\/wp-content\/uploads\/2016\/07\/27605315734_b831a8b866_h.jpg?fit=1200%2C795&ssl=1&resize=350%2C200 1x, https:\/\/i0.wp.com\/antimuseum.com\/wp-content\/uploads\/2016\/07\/27605315734_b831a8b866_h.jpg?fit=1200%2C795&ssl=1&resize=525%2C300 1.5x, https:\/\/i0.wp.com\/antimuseum.com\/wp-content\/uploads\/2016\/07\/27605315734_b831a8b866_h.jpg?fit=1200%2C795&ssl=1&resize=700%2C400 2x, https:\/\/i0.wp.com\/antimuseum.com\/wp-content\/uploads\/2016\/07\/27605315734_b831a8b866_h.jpg?fit=1200%2C795&ssl=1&resize=1050%2C600 3x"},"classes":[]},{"id":1986,"url":"https:\/\/antimuseum.com\/en\/2014\/05\/24\/the-derelict-18th-folly-of-dampierre\/","url_meta":{"origin":10960,"position":5},"title":"The Derelict 17th Century Folly of Dampierre","author":"Yann Gourvennec","date":"May 24, 2014","format":false,"excerpt":"Dampierre is a beautiful yet somewhat decrepit chateau (background) 20km South West of Paris. At the end of the private Park I found that folly in an even sorrier state which makes for interesting photos anyway. Here they are. Grass is growing inside the folly, the windows are shattered, the\u2026","rel":"","context":"In &quot;Architecture Photos&quot;","block_context":{"text":"Architecture Photos","link":"https:\/\/antimuseum.com\/en\/category\/photography\/architecture-photography\/"},"img":{"alt_text":"antimuseum.com-chevreuse-5562","src":"https:\/\/i0.wp.com\/static.flickr.com\/7359\/14172587153_46fda299a0_b.jpg?resize=350%2C200","width":350,"height":200,"srcset":"https:\/\/i0.wp.com\/static.flickr.com\/7359\/14172587153_46fda299a0_b.jpg?resize=350%2C200 1x, https:\/\/i0.wp.com\/static.flickr.com\/7359\/14172587153_46fda299a0_b.jpg?resize=525%2C300 1.5x"},"classes":[]}],"_links":{"self":[{"href":"https:\/\/antimuseum.com\/en\/wp-json\/wp\/v2\/posts\/10960","targetHints":{"allow":["GET"]}}],"collection":[{"href":"https:\/\/antimuseum.com\/en\/wp-json\/wp\/v2\/posts"}],"about":[{"href":"https:\/\/antimuseum.com\/en\/wp-json\/wp\/v2\/types\/post"}],"author":[{"embeddable":true,"href":"https:\/\/antimuseum.com\/en\/wp-json\/wp\/v2\/users\/60439"}],"replies":[{"embeddable":true,"href":"https:\/\/antimuseum.com\/en\/wp-json\/wp\/v2\/comments?post=10960"}],"version-history":[{"count":19,"href":"https:\/\/antimuseum.com\/en\/wp-json\/wp\/v2\/posts\/10960\/revisions"}],"predecessor-version":[{"id":11623,"href":"https:\/\/antimuseum.com\/en\/wp-json\/wp\/v2\/posts\/10960\/revisions\/11623"}],"wp:featuredmedia":[{"embeddable":true,"href":"https:\/\/antimuseum.com\/en\/wp-json\/wp\/v2\/media\/10965"}],"wp:attachment":[{"href":"https:\/\/antimuseum.com\/en\/wp-json\/wp\/v2\/media?parent=10960"}],"wp:term":[{"taxonomy":"category","embeddable":true,"href":"https:\/\/antimuseum.com\/en\/wp-json\/wp\/v2\/categories?post=10960"},{"taxonomy":"post_tag","embeddable":true,"href":"https:\/\/antimuseum.com\/en\/wp-json\/wp\/v2\/tags?post=10960"}],"curies":[{"name":"wp","href":"https:\/\/api.w.org\/{rel}","templated":true}]}}