{"id":1728,"date":"2013-12-13T06:10:32","date_gmt":"2013-12-13T06:10:32","guid":{"rendered":"http:\/\/antimuseum.com\/?p=1728"},"modified":"2023-06-08T15:39:27","modified_gmt":"2023-06-08T13:39:27","slug":"the-cage-is-open","status":"publish","type":"post","link":"https:\/\/antimuseum.com\/en\/2013\/12\/13\/the-cage-is-open\/","title":{"rendered":"The Cage Is Open (B&amp;W)"},"content":{"rendered":"<p><a title=\"antimuseum.com-bruxelles-3861 by ygourvennec, on Flickr\" href=\"http:\/\/www.flickr.com\/photos\/yag\/10849942106\/\"><img data-recalc-dims=\"1\" loading=\"lazy\" decoding=\"async\" class=\"aligncenter\" src=\"https:\/\/i0.wp.com\/farm6.staticflickr.com\/5525\/10849942106_31d8d02ff0_c.jpg?resize=534%2C800\" alt=\"antimuseum.com-bruxelles-3861\" width=\"534\" height=\"800\" \/><\/a><br \/>\nStreetlamp, Brussels, November 2013<\/p>\n","protected":false},"excerpt":{"rendered":"<p>Streetlamp, Brussels, November 2013<\/p>\n","protected":false},"author":60439,"featured_media":0,"comment_status":"open","ping_status":"open","sticky":false,"template":"","format":"standard","meta":{"_crdt_document":"","_jetpack_newsletter_access":"","_jetpack_dont_email_post_to_subs":false,"_jetpack_newsletter_tier_id":0,"_jetpack_memberships_contains_paywalled_content":false,"_jetpack_memberships_contains_paid_content":false,"footnotes":"","jetpack_publicize_message":"","jetpack_publicize_feature_enabled":true,"jetpack_social_post_already_shared":true,"jetpack_social_options":{"image_generator_settings":{"template":"dois","default_image_id":0,"font":"","enabled":false},"version":2},"_wpas_customize_per_network":false,"jetpack_post_was_ever_published":false},"categories":[436,3532810],"tags":[678148084],"class_list":["post-1728","post","type-post","status-publish","format-standard","hentry","category-photography","category-street-photography","tag-merge"],"blocksy_meta":[],"yoast_head":"<!-- This site is optimized with the Yoast SEO plugin v27.5 - https:\/\/yoast.com\/product\/yoast-seo-wordpress\/ -->\n<title>The Cage Is Open (B&amp;W)<\/title>\n<meta name=\"robots\" content=\"noindex, follow\" \/>\n<meta property=\"og:locale\" content=\"en_US\" \/>\n<meta property=\"og:type\" content=\"article\" \/>\n<meta property=\"og:title\" content=\"The Cage Is Open (B&amp;W)\" \/>\n<meta property=\"og:description\" content=\"Streetlamp, Brussels, November 2013\" \/>\n<meta property=\"og:url\" content=\"https:\/\/antimuseum.com\/en\/2013\/12\/13\/the-cage-is-open\/\" \/>\n<meta property=\"og:site_name\" content=\"Yann Gourvennec - Photography\" \/>\n<meta property=\"article:publisher\" content=\"https:\/\/www.facebook.com\/AntimuseumParis\/\" \/>\n<meta property=\"article:published_time\" content=\"2013-12-13T06:10:32+00:00\" \/>\n<meta property=\"article:modified_time\" content=\"2023-06-08T13:39:27+00:00\" \/>\n<meta property=\"og:image\" content=\"http:\/\/farm6.staticflickr.com\/5525\/10849942106_31d8d02ff0_c.jpg\" \/>\n<meta name=\"author\" content=\"Yann Gourvennec\" \/>\n<meta name=\"twitter:card\" content=\"summary_large_image\" \/>\n<meta name=\"twitter:creator\" content=\"@ygourven\" \/>\n<meta name=\"twitter:site\" content=\"@ygourven\" \/>\n<meta name=\"twitter:label1\" content=\"Written by\" \/>\n\t<meta name=\"twitter:data1\" content=\"Yann Gourvennec\" \/>\n\t<meta name=\"twitter:label2\" content=\"Est. reading time\" \/>\n\t<meta name=\"twitter:data2\" content=\"1 minute\" \/>\n<script type=\"application\/ld+json\" class=\"yoast-schema-graph\">{\"@context\":\"https:\\\/\\\/schema.org\",\"@graph\":[{\"@type\":\"Article\",\"@id\":\"https:\\\/\\\/antimuseum.com\\\/en\\\/2013\\\/12\\\/13\\\/the-cage-is-open\\\/#article\",\"isPartOf\":{\"@id\":\"https:\\\/\\\/antimuseum.com\\\/en\\\/2013\\\/12\\\/13\\\/the-cage-is-open\\\/\"},\"author\":{\"name\":\"Yann Gourvennec\",\"@id\":\"https:\\\/\\\/antimuseum.com\\\/en\\\/#\\\/schema\\\/person\\\/545aaf6fc711850cd5dace4214985a98\"},\"headline\":\"The Cage Is Open (B&amp;W)\",\"datePublished\":\"2013-12-13T06:10:32+00:00\",\"dateModified\":\"2023-06-08T13:39:27+00:00\",\"mainEntityOfPage\":{\"@id\":\"https:\\\/\\\/antimuseum.com\\\/en\\\/2013\\\/12\\\/13\\\/the-cage-is-open\\\/\"},\"wordCount\":10,\"commentCount\":0,\"publisher\":{\"@id\":\"https:\\\/\\\/antimuseum.com\\\/en\\\/#organization\"},\"image\":{\"@id\":\"https:\\\/\\\/antimuseum.com\\\/en\\\/2013\\\/12\\\/13\\\/the-cage-is-open\\\/#primaryimage\"},\"thumbnailUrl\":\"http:\\\/\\\/farm6.staticflickr.com\\\/5525\\\/10849942106_31d8d02ff0_c.jpg\",\"keywords\":[\"merge\"],\"articleSection\":[\"Photography\",\"Street Photography\"],\"inLanguage\":\"en-US\",\"potentialAction\":[{\"@type\":\"CommentAction\",\"name\":\"Comment\",\"target\":[\"https:\\\/\\\/antimuseum.com\\\/en\\\/2013\\\/12\\\/13\\\/the-cage-is-open\\\/#respond\"]}]},{\"@type\":\"WebPage\",\"@id\":\"https:\\\/\\\/antimuseum.com\\\/en\\\/2013\\\/12\\\/13\\\/the-cage-is-open\\\/\",\"url\":\"https:\\\/\\\/antimuseum.com\\\/en\\\/2013\\\/12\\\/13\\\/the-cage-is-open\\\/\",\"name\":\"The Cage Is Open (B&amp;W)\",\"isPartOf\":{\"@id\":\"https:\\\/\\\/antimuseum.com\\\/en\\\/#website\"},\"primaryImageOfPage\":{\"@id\":\"https:\\\/\\\/antimuseum.com\\\/en\\\/2013\\\/12\\\/13\\\/the-cage-is-open\\\/#primaryimage\"},\"image\":{\"@id\":\"https:\\\/\\\/antimuseum.com\\\/en\\\/2013\\\/12\\\/13\\\/the-cage-is-open\\\/#primaryimage\"},\"thumbnailUrl\":\"http:\\\/\\\/farm6.staticflickr.com\\\/5525\\\/10849942106_31d8d02ff0_c.jpg\",\"datePublished\":\"2013-12-13T06:10:32+00:00\",\"dateModified\":\"2023-06-08T13:39:27+00:00\",\"breadcrumb\":{\"@id\":\"https:\\\/\\\/antimuseum.com\\\/en\\\/2013\\\/12\\\/13\\\/the-cage-is-open\\\/#breadcrumb\"},\"inLanguage\":\"en-US\",\"potentialAction\":[{\"@type\":\"ReadAction\",\"target\":[\"https:\\\/\\\/antimuseum.com\\\/en\\\/2013\\\/12\\\/13\\\/the-cage-is-open\\\/\"]}]},{\"@type\":\"ImageObject\",\"inLanguage\":\"en-US\",\"@id\":\"https:\\\/\\\/antimuseum.com\\\/en\\\/2013\\\/12\\\/13\\\/the-cage-is-open\\\/#primaryimage\",\"url\":\"http:\\\/\\\/farm6.staticflickr.com\\\/5525\\\/10849942106_31d8d02ff0_c.jpg\",\"contentUrl\":\"http:\\\/\\\/farm6.staticflickr.com\\\/5525\\\/10849942106_31d8d02ff0_c.jpg\"},{\"@type\":\"BreadcrumbList\",\"@id\":\"https:\\\/\\\/antimuseum.com\\\/en\\\/2013\\\/12\\\/13\\\/the-cage-is-open\\\/#breadcrumb\",\"itemListElement\":[{\"@type\":\"ListItem\",\"position\":1,\"name\":\"Home\",\"item\":\"https:\\\/\\\/antimuseum.com\\\/en\\\/photographe-portrait-entreprise-paris\\\/\"},{\"@type\":\"ListItem\",\"position\":2,\"name\":\"The Cage Is Open (B&amp;W)\"}]},{\"@type\":\"WebSite\",\"@id\":\"https:\\\/\\\/antimuseum.com\\\/en\\\/#website\",\"url\":\"https:\\\/\\\/antimuseum.com\\\/en\\\/\",\"name\":\"The Antimuseum in Paris (and beyond)\",\"description\":\"The Antimuseum in Paris (and beyond)\",\"publisher\":{\"@id\":\"https:\\\/\\\/antimuseum.com\\\/en\\\/#organization\"},\"alternateName\":\"anti-museum in Paris\",\"potentialAction\":[{\"@type\":\"SearchAction\",\"target\":{\"@type\":\"EntryPoint\",\"urlTemplate\":\"https:\\\/\\\/antimuseum.com\\\/en\\\/?s={search_term_string}\"},\"query-input\":{\"@type\":\"PropertyValueSpecification\",\"valueRequired\":true,\"valueName\":\"search_term_string\"}}],\"inLanguage\":\"en-US\"},{\"@type\":\"Organization\",\"@id\":\"https:\\\/\\\/antimuseum.com\\\/en\\\/#organization\",\"name\":\"The Antimuseum in Paris (and beyond)\",\"url\":\"https:\\\/\\\/antimuseum.com\\\/en\\\/\",\"logo\":{\"@type\":\"ImageObject\",\"inLanguage\":\"en-US\",\"@id\":\"https:\\\/\\\/antimuseum.com\\\/en\\\/#\\\/schema\\\/logo\\\/image\\\/\",\"url\":\"https:\\\/\\\/antimuseum.com\\\/wp-content\\\/uploads\\\/2021\\\/01\\\/antimuseum-logo-1-2-e1610813225740.png\",\"contentUrl\":\"https:\\\/\\\/antimuseum.com\\\/wp-content\\\/uploads\\\/2021\\\/01\\\/antimuseum-logo-1-2-e1610813225740.png\",\"width\":1487,\"height\":692,\"caption\":\"The Antimuseum in Paris (and beyond)\"},\"image\":{\"@id\":\"https:\\\/\\\/antimuseum.com\\\/en\\\/#\\\/schema\\\/logo\\\/image\\\/\"},\"sameAs\":[\"https:\\\/\\\/www.facebook.com\\\/AntimuseumParis\\\/\",\"https:\\\/\\\/x.com\\\/ygourven\"]},{\"@type\":\"Person\",\"@id\":\"https:\\\/\\\/antimuseum.com\\\/en\\\/#\\\/schema\\\/person\\\/545aaf6fc711850cd5dace4214985a98\",\"name\":\"Yann Gourvennec\",\"image\":{\"@type\":\"ImageObject\",\"inLanguage\":\"en-US\",\"@id\":\"https:\\\/\\\/secure.gravatar.com\\\/avatar\\\/d6cd451b8e0fc3c089b819830933d0a38a14de90e62c0dfdbf7feeb7bf00510e?s=96&d=identicon&r=g\",\"url\":\"https:\\\/\\\/secure.gravatar.com\\\/avatar\\\/d6cd451b8e0fc3c089b819830933d0a38a14de90e62c0dfdbf7feeb7bf00510e?s=96&d=identicon&r=g\",\"contentUrl\":\"https:\\\/\\\/secure.gravatar.com\\\/avatar\\\/d6cd451b8e0fc3c089b819830933d0a38a14de90e62c0dfdbf7feeb7bf00510e?s=96&d=identicon&r=g\",\"caption\":\"Yann Gourvennec\"},\"description\":\"I'm a photographer and watercolourist. I have practiced photography since childhood and digital photography since 1995. I turned it into my main occupation in 2021. I own a photo studio in Paris, France. ------------ Je suis photographe et aquarelliste. Je pratique la photographie depuis l'enfance et la photographie num\u00e9rique depuis 1995. J'en ai fait mon activit\u00e9 principale en 2021. Je poss\u00e8de un studio photo dans le 15e arrondissement de Paris\",\"sameAs\":[\"https:\\\/\\\/visionarymarketing.com\"],\"url\":\"https:\\\/\\\/antimuseum.com\\\/en\\\/author\\\/visionarymarketing\\\/\"}]}<\/script>\n<!-- \/ Yoast SEO plugin. -->","yoast_head_json":{"title":"The Cage Is Open (B&amp;W)","robots":{"index":"noindex","follow":"follow"},"og_locale":"en_US","og_type":"article","og_title":"The Cage Is Open (B&amp;W)","og_description":"Streetlamp, Brussels, November 2013","og_url":"https:\/\/antimuseum.com\/en\/2013\/12\/13\/the-cage-is-open\/","og_site_name":"Yann Gourvennec - Photography","article_publisher":"https:\/\/www.facebook.com\/AntimuseumParis\/","article_published_time":"2013-12-13T06:10:32+00:00","article_modified_time":"2023-06-08T13:39:27+00:00","og_image":[{"url":"http:\/\/farm6.staticflickr.com\/5525\/10849942106_31d8d02ff0_c.jpg","type":"","width":"","height":""}],"author":"Yann Gourvennec","twitter_card":"summary_large_image","twitter_creator":"@ygourven","twitter_site":"@ygourven","twitter_misc":{"Written by":"Yann Gourvennec","Est. reading time":"1 minute"},"schema":{"@context":"https:\/\/schema.org","@graph":[{"@type":"Article","@id":"https:\/\/antimuseum.com\/en\/2013\/12\/13\/the-cage-is-open\/#article","isPartOf":{"@id":"https:\/\/antimuseum.com\/en\/2013\/12\/13\/the-cage-is-open\/"},"author":{"name":"Yann Gourvennec","@id":"https:\/\/antimuseum.com\/en\/#\/schema\/person\/545aaf6fc711850cd5dace4214985a98"},"headline":"The Cage Is Open (B&amp;W)","datePublished":"2013-12-13T06:10:32+00:00","dateModified":"2023-06-08T13:39:27+00:00","mainEntityOfPage":{"@id":"https:\/\/antimuseum.com\/en\/2013\/12\/13\/the-cage-is-open\/"},"wordCount":10,"commentCount":0,"publisher":{"@id":"https:\/\/antimuseum.com\/en\/#organization"},"image":{"@id":"https:\/\/antimuseum.com\/en\/2013\/12\/13\/the-cage-is-open\/#primaryimage"},"thumbnailUrl":"http:\/\/farm6.staticflickr.com\/5525\/10849942106_31d8d02ff0_c.jpg","keywords":["merge"],"articleSection":["Photography","Street Photography"],"inLanguage":"en-US","potentialAction":[{"@type":"CommentAction","name":"Comment","target":["https:\/\/antimuseum.com\/en\/2013\/12\/13\/the-cage-is-open\/#respond"]}]},{"@type":"WebPage","@id":"https:\/\/antimuseum.com\/en\/2013\/12\/13\/the-cage-is-open\/","url":"https:\/\/antimuseum.com\/en\/2013\/12\/13\/the-cage-is-open\/","name":"The Cage Is Open (B&amp;W)","isPartOf":{"@id":"https:\/\/antimuseum.com\/en\/#website"},"primaryImageOfPage":{"@id":"https:\/\/antimuseum.com\/en\/2013\/12\/13\/the-cage-is-open\/#primaryimage"},"image":{"@id":"https:\/\/antimuseum.com\/en\/2013\/12\/13\/the-cage-is-open\/#primaryimage"},"thumbnailUrl":"http:\/\/farm6.staticflickr.com\/5525\/10849942106_31d8d02ff0_c.jpg","datePublished":"2013-12-13T06:10:32+00:00","dateModified":"2023-06-08T13:39:27+00:00","breadcrumb":{"@id":"https:\/\/antimuseum.com\/en\/2013\/12\/13\/the-cage-is-open\/#breadcrumb"},"inLanguage":"en-US","potentialAction":[{"@type":"ReadAction","target":["https:\/\/antimuseum.com\/en\/2013\/12\/13\/the-cage-is-open\/"]}]},{"@type":"ImageObject","inLanguage":"en-US","@id":"https:\/\/antimuseum.com\/en\/2013\/12\/13\/the-cage-is-open\/#primaryimage","url":"http:\/\/farm6.staticflickr.com\/5525\/10849942106_31d8d02ff0_c.jpg","contentUrl":"http:\/\/farm6.staticflickr.com\/5525\/10849942106_31d8d02ff0_c.jpg"},{"@type":"BreadcrumbList","@id":"https:\/\/antimuseum.com\/en\/2013\/12\/13\/the-cage-is-open\/#breadcrumb","itemListElement":[{"@type":"ListItem","position":1,"name":"Home","item":"https:\/\/antimuseum.com\/en\/photographe-portrait-entreprise-paris\/"},{"@type":"ListItem","position":2,"name":"The Cage Is Open (B&amp;W)"}]},{"@type":"WebSite","@id":"https:\/\/antimuseum.com\/en\/#website","url":"https:\/\/antimuseum.com\/en\/","name":"The Antimuseum in Paris (and beyond)","description":"The Antimuseum in Paris (and beyond)","publisher":{"@id":"https:\/\/antimuseum.com\/en\/#organization"},"alternateName":"anti-museum in Paris","potentialAction":[{"@type":"SearchAction","target":{"@type":"EntryPoint","urlTemplate":"https:\/\/antimuseum.com\/en\/?s={search_term_string}"},"query-input":{"@type":"PropertyValueSpecification","valueRequired":true,"valueName":"search_term_string"}}],"inLanguage":"en-US"},{"@type":"Organization","@id":"https:\/\/antimuseum.com\/en\/#organization","name":"The Antimuseum in Paris (and beyond)","url":"https:\/\/antimuseum.com\/en\/","logo":{"@type":"ImageObject","inLanguage":"en-US","@id":"https:\/\/antimuseum.com\/en\/#\/schema\/logo\/image\/","url":"https:\/\/antimuseum.com\/wp-content\/uploads\/2021\/01\/antimuseum-logo-1-2-e1610813225740.png","contentUrl":"https:\/\/antimuseum.com\/wp-content\/uploads\/2021\/01\/antimuseum-logo-1-2-e1610813225740.png","width":1487,"height":692,"caption":"The Antimuseum in Paris (and beyond)"},"image":{"@id":"https:\/\/antimuseum.com\/en\/#\/schema\/logo\/image\/"},"sameAs":["https:\/\/www.facebook.com\/AntimuseumParis\/","https:\/\/x.com\/ygourven"]},{"@type":"Person","@id":"https:\/\/antimuseum.com\/en\/#\/schema\/person\/545aaf6fc711850cd5dace4214985a98","name":"Yann Gourvennec","image":{"@type":"ImageObject","inLanguage":"en-US","@id":"https:\/\/secure.gravatar.com\/avatar\/d6cd451b8e0fc3c089b819830933d0a38a14de90e62c0dfdbf7feeb7bf00510e?s=96&d=identicon&r=g","url":"https:\/\/secure.gravatar.com\/avatar\/d6cd451b8e0fc3c089b819830933d0a38a14de90e62c0dfdbf7feeb7bf00510e?s=96&d=identicon&r=g","contentUrl":"https:\/\/secure.gravatar.com\/avatar\/d6cd451b8e0fc3c089b819830933d0a38a14de90e62c0dfdbf7feeb7bf00510e?s=96&d=identicon&r=g","caption":"Yann Gourvennec"},"description":"I'm a photographer and watercolourist. I have practiced photography since childhood and digital photography since 1995. I turned it into my main occupation in 2021. I own a photo studio in Paris, France. ------------ Je suis photographe et aquarelliste. Je pratique la photographie depuis l'enfance et la photographie num\u00e9rique depuis 1995. J'en ai fait mon activit\u00e9 principale en 2021. Je poss\u00e8de un studio photo dans le 15e arrondissement de Paris","sameAs":["https:\/\/visionarymarketing.com"],"url":"https:\/\/antimuseum.com\/en\/author\/visionarymarketing\/"}]}},"jetpack_publicize_connections":[],"jetpack_featured_media_url":"","jetpack_likes_enabled":true,"jetpack_sharing_enabled":true,"jetpack_shortlink":"https:\/\/wp.me\/p1bww-rS","jetpack-related-posts":[{"id":1689,"url":"https:\/\/antimuseum.com\/en\/2013\/11\/16\/brussels-bw\/","url_meta":{"origin":1728,"position":0},"title":"Brussels B&amp;W","author":"Yann Gourvennec","date":"November 16, 2013","format":false,"excerpt":"Brussels' main square. November 2013.","rel":"","context":"In &quot;Architecture Photos&quot;","block_context":{"text":"Architecture Photos","link":"https:\/\/antimuseum.com\/en\/category\/photography\/architecture-photography\/"},"img":{"alt_text":"antimuseum.com-bruxelles-3892","src":"https:\/\/i0.wp.com\/farm6.staticflickr.com\/5506\/10850063044_644e69f644_c.jpg?resize=350%2C200","width":350,"height":200,"srcset":"https:\/\/i0.wp.com\/farm6.staticflickr.com\/5506\/10850063044_644e69f644_c.jpg?resize=350%2C200 1x, https:\/\/i0.wp.com\/farm6.staticflickr.com\/5506\/10850063044_644e69f644_c.jpg?resize=525%2C300 1.5x"},"classes":[]},{"id":1707,"url":"https:\/\/antimuseum.com\/en\/2013\/11\/23\/brussels-cityscape-bw\/","url_meta":{"origin":1728,"position":1},"title":"Brussels Cityscape (B&amp;W)","author":"Yann Gourvennec","date":"November 23, 2013","format":false,"excerpt":"Brussels Cityscape. Captured from the top of a storeyed car park. November 2013.","rel":"","context":"In &quot;Architecture Photos&quot;","block_context":{"text":"Architecture Photos","link":"https:\/\/antimuseum.com\/en\/category\/photography\/architecture-photography\/"},"img":{"alt_text":"antimuseum.com-bruxelles-3844","src":"https:\/\/i0.wp.com\/farm8.staticflickr.com\/7340\/10849862465_2fdce9f12f_z.jpg?resize=350%2C200","width":350,"height":200,"srcset":"https:\/\/i0.wp.com\/farm8.staticflickr.com\/7340\/10849862465_2fdce9f12f_z.jpg?resize=350%2C200 1x, https:\/\/i0.wp.com\/farm8.staticflickr.com\/7340\/10849862465_2fdce9f12f_z.jpg?resize=525%2C300 1.5x"},"classes":[]},{"id":1722,"url":"https:\/\/antimuseum.com\/en\/2013\/12\/06\/new-old-building-bw\/","url_meta":{"origin":1728,"position":2},"title":"New Old Building (B&amp;W)","author":"Yann Gourvennec","date":"December 6, 2013","format":false,"excerpt":"Brussels. November 2013","rel":"","context":"In &quot;Architecture Photos&quot;","block_context":{"text":"Architecture Photos","link":"https:\/\/antimuseum.com\/en\/category\/photography\/architecture-photography\/"},"img":{"alt_text":"antimuseum.com-bruxelles-3841","src":"https:\/\/i0.wp.com\/farm6.staticflickr.com\/5483\/10850186373_605c8a7a95_z.jpg?resize=350%2C200","width":350,"height":200,"srcset":"https:\/\/i0.wp.com\/farm6.staticflickr.com\/5483\/10850186373_605c8a7a95_z.jpg?resize=350%2C200 1x, https:\/\/i0.wp.com\/farm6.staticflickr.com\/5483\/10850186373_605c8a7a95_z.jpg?resize=525%2C300 1.5x"},"classes":[]},{"id":1697,"url":"https:\/\/antimuseum.com\/en\/2013\/11\/19\/archway-passage-bw\/","url_meta":{"origin":1728,"position":3},"title":"Archway Passage (B&amp;W)","author":"Yann Gourvennec","date":"November 19, 2013","format":false,"excerpt":"A cobbled street in Brussels","rel":"","context":"In &quot;Architecture Photos&quot;","block_context":{"text":"Architecture Photos","link":"https:\/\/antimuseum.com\/en\/category\/photography\/architecture-photography\/"},"img":{"alt_text":"antimuseum.com-bruxelles-3784","src":"https:\/\/i0.wp.com\/static.flickr.com\/3778\/10850019133_c0b487ab7c_b.jpg?resize=350%2C200","width":350,"height":200,"srcset":"https:\/\/i0.wp.com\/static.flickr.com\/3778\/10850019133_c0b487ab7c_b.jpg?resize=350%2C200 1x, https:\/\/i0.wp.com\/static.flickr.com\/3778\/10850019133_c0b487ab7c_b.jpg?resize=525%2C300 1.5x"},"classes":[]},{"id":1442,"url":"https:\/\/antimuseum.com\/en\/2013\/07\/24\/1442\/","url_meta":{"origin":1728,"position":4},"title":"B&amp;W or Colour Photography 2 (Montsouris)","author":"Yann Gourvennec","date":"July 24, 2013","format":false,"excerpt":"B&W ... or colour photography of this cobbled street in Paris on a very very hot day. Name your choice by leaving a comment. Montsouris, Paris, July 2013","rel":"","context":"In &quot;Color Photography&quot;","block_context":{"text":"Color Photography","link":"https:\/\/antimuseum.com\/en\/category\/photography\/color-photography\/"},"img":{"alt_text":"antimuseum.com-montsouris-0427-2","src":"https:\/\/i0.wp.com\/farm6.staticflickr.com\/5515\/9335327993_bda84e5a69_c.jpg?resize=350%2C200","width":350,"height":200,"srcset":"https:\/\/i0.wp.com\/farm6.staticflickr.com\/5515\/9335327993_bda84e5a69_c.jpg?resize=350%2C200 1x, https:\/\/i0.wp.com\/farm6.staticflickr.com\/5515\/9335327993_bda84e5a69_c.jpg?resize=525%2C300 1.5x"},"classes":[]},{"id":1645,"url":"https:\/\/antimuseum.com\/en\/2013\/10\/24\/blois-loire-valley-bw\/","url_meta":{"origin":1728,"position":5},"title":"Blois, Loire Valley (B&amp;W)","author":"Yann Gourvennec","date":"October 24, 2013","format":false,"excerpt":"This house isn't just the most beautifully preserved medieval house in Blois, it is also my Brother in Law's house. A close up of the passage above the street.","rel":"","context":"In &quot;Architecture Photos&quot;","block_context":{"text":"Architecture Photos","link":"https:\/\/antimuseum.com\/en\/category\/photography\/architecture-photography\/"},"img":{"alt_text":"antimuseum.com-blois-3258","src":"https:\/\/i0.wp.com\/farm4.staticflickr.com\/3692\/10417219576_40280fa67f_c.jpg?resize=350%2C200","width":350,"height":200,"srcset":"https:\/\/i0.wp.com\/farm4.staticflickr.com\/3692\/10417219576_40280fa67f_c.jpg?resize=350%2C200 1x, https:\/\/i0.wp.com\/farm4.staticflickr.com\/3692\/10417219576_40280fa67f_c.jpg?resize=525%2C300 1.5x"},"classes":[]}],"_links":{"self":[{"href":"https:\/\/antimuseum.com\/en\/wp-json\/wp\/v2\/posts\/1728","targetHints":{"allow":["GET"]}}],"collection":[{"href":"https:\/\/antimuseum.com\/en\/wp-json\/wp\/v2\/posts"}],"about":[{"href":"https:\/\/antimuseum.com\/en\/wp-json\/wp\/v2\/types\/post"}],"author":[{"embeddable":true,"href":"https:\/\/antimuseum.com\/en\/wp-json\/wp\/v2\/users\/60439"}],"replies":[{"embeddable":true,"href":"https:\/\/antimuseum.com\/en\/wp-json\/wp\/v2\/comments?post=1728"}],"version-history":[{"count":6,"href":"https:\/\/antimuseum.com\/en\/wp-json\/wp\/v2\/posts\/1728\/revisions"}],"predecessor-version":[{"id":13594,"href":"https:\/\/antimuseum.com\/en\/wp-json\/wp\/v2\/posts\/1728\/revisions\/13594"}],"wp:attachment":[{"href":"https:\/\/antimuseum.com\/en\/wp-json\/wp\/v2\/media?parent=1728"}],"wp:term":[{"taxonomy":"category","embeddable":true,"href":"https:\/\/antimuseum.com\/en\/wp-json\/wp\/v2\/categories?post=1728"},{"taxonomy":"post_tag","embeddable":true,"href":"https:\/\/antimuseum.com\/en\/wp-json\/wp\/v2\/tags?post=1728"}],"curies":[{"name":"wp","href":"https:\/\/api.w.org\/{rel}","templated":true}]}}