{"id":1819,"date":"2014-02-04T06:20:37","date_gmt":"2014-02-04T06:20:37","guid":{"rendered":"https:\/\/antimuseum.com\/?p=1819"},"modified":"2023-06-08T15:34:34","modified_gmt":"2023-06-08T13:34:34","slug":"peace-protest","status":"publish","type":"post","link":"https:\/\/antimuseum.com\/en\/2014\/02\/04\/peace-protest\/","title":{"rendered":"Peace protest"},"content":{"rendered":"<p><a title=\"Tamil from Sri Lanka demonstrating in Paris\" href=\"http:\/\/www.flickr.com\/photos\/45208593@N00\/8757295521\/\"><img data-recalc-dims=\"1\" loading=\"lazy\" decoding=\"async\" class=\"aligncenter\" src=\"https:\/\/i0.wp.com\/static.flickr.com\/3770\/8757295521_a3edccc16c_b.jpg?resize=640%2C427\" alt=\"Tamil from Sri Lanka demonstrating in Paris\" width=\"640\" height=\"427\" border=\"0\" \/><\/a><\/p>\n<p>Bad weather conditions and a sprained ankle have kept me away from my photographical work in the past few weeks. I dished out those two pictures taken from <a href=\"http:\/\/www.wallforpeace.com\/mur.html\" target=\"_blank\" rel=\"noopener\">Clara Halter\u2019s Wall for Peace monument<\/a>. Inside, behind shattered glass, a delegation from the <a href=\"http:\/\/en.wikipedia.org\/wiki\/Sri_Lankan_Tamil_diaspora\" target=\"_blank\" rel=\"noopener\">Tamil refugees<\/a> in Paris were protesting against what they presented as <a href=\"http:\/\/en.wikipedia.org\/wiki\/Crimes_against_humanity\" target=\"_blank\" rel=\"noopener\">crimes against humanity<\/a>, amidst complete indifference of the passers-by.<\/p>\n<p><a title=\"Eiffel Tower from Clara Alter's monument\" href=\"http:\/\/www.flickr.com\/photos\/45208593@N00\/8757293299\/\"><img data-recalc-dims=\"1\" loading=\"lazy\" decoding=\"async\" class=\"aligncenter\" src=\"https:\/\/i0.wp.com\/static.flickr.com\/5332\/8757293299_702f11d475_b.jpg?resize=640%2C427\" alt=\"Eiffel Tower from Clara Alter's monument\" width=\"640\" height=\"427\" border=\"0\" \/><\/a><\/p>\n<p>Pazpazpazpazpaz\u2026. Peace in Sri Lanka by now?<\/p>\n","protected":false},"excerpt":{"rendered":"<p>Bad weather conditions and a sprained ankle have kept me away from my photographical work in the past few weeks. I dished out those two pictures taken from Clara Halter\u2019s Wall for Peace monument. Inside, behind shattered glass, a delegation from the Tamil refugees in Paris were protesting against what they presented as crimes against [&hellip;]<\/p>\n","protected":false},"author":60439,"featured_media":0,"comment_status":"open","ping_status":"open","sticky":false,"template":"","format":"standard","meta":{"_crdt_document":"","_jetpack_newsletter_access":"","_jetpack_dont_email_post_to_subs":false,"_jetpack_newsletter_tier_id":0,"_jetpack_memberships_contains_paywalled_content":false,"_jetpack_memberships_contains_paid_content":false,"footnotes":"","jetpack_publicize_message":"","jetpack_publicize_feature_enabled":true,"jetpack_social_post_already_shared":true,"jetpack_social_options":{"image_generator_settings":{"template":"dois","default_image_id":0,"font":"","enabled":false},"version":2},"_wpas_customize_per_network":false,"jetpack_post_was_ever_published":false},"categories":[928372,436,3532810],"tags":[],"class_list":["post-1819","post","type-post","status-publish","format-standard","hentry","category-color-photography","category-photography","category-street-photography"],"blocksy_meta":[],"yoast_head":"<!-- This site is optimized with the Yoast SEO plugin v27.5 - https:\/\/yoast.com\/product\/yoast-seo-wordpress\/ -->\n<title>Peace protest<\/title>\n<meta name=\"robots\" content=\"noindex, follow\" \/>\n<meta property=\"og:locale\" content=\"en_US\" \/>\n<meta property=\"og:type\" content=\"article\" \/>\n<meta property=\"og:title\" content=\"Peace protest\" \/>\n<meta property=\"og:description\" content=\"Bad weather conditions and a sprained ankle have kept me away from my photographical work in the past few weeks. I dished out those two pictures taken from Clara Halter\u2019s Wall for Peace monument. Inside, behind shattered glass, a delegation from the Tamil refugees in Paris were protesting against what they presented as crimes against [&hellip;]\" \/>\n<meta property=\"og:url\" content=\"https:\/\/antimuseum.com\/en\/2014\/02\/04\/peace-protest\/\" \/>\n<meta property=\"og:site_name\" content=\"Yann Gourvennec - Photography\" \/>\n<meta property=\"article:publisher\" content=\"https:\/\/www.facebook.com\/AntimuseumParis\/\" \/>\n<meta property=\"article:published_time\" content=\"2014-02-04T06:20:37+00:00\" \/>\n<meta property=\"article:modified_time\" content=\"2023-06-08T13:34:34+00:00\" \/>\n<meta property=\"og:image\" content=\"http:\/\/static.flickr.com\/3770\/8757295521_a3edccc16c_b.jpg\" \/>\n<meta name=\"author\" content=\"Yann Gourvennec\" \/>\n<meta name=\"twitter:card\" content=\"summary_large_image\" \/>\n<meta name=\"twitter:creator\" content=\"@ygourven\" \/>\n<meta name=\"twitter:site\" content=\"@ygourven\" \/>\n<meta name=\"twitter:label1\" content=\"Written by\" \/>\n\t<meta name=\"twitter:data1\" content=\"Yann Gourvennec\" \/>\n\t<meta name=\"twitter:label2\" content=\"Est. reading time\" \/>\n\t<meta name=\"twitter:data2\" content=\"1 minute\" \/>\n<script type=\"application\/ld+json\" class=\"yoast-schema-graph\">{\"@context\":\"https:\\\/\\\/schema.org\",\"@graph\":[{\"@type\":\"Article\",\"@id\":\"https:\\\/\\\/antimuseum.com\\\/en\\\/2014\\\/02\\\/04\\\/peace-protest\\\/#article\",\"isPartOf\":{\"@id\":\"https:\\\/\\\/antimuseum.com\\\/en\\\/2014\\\/02\\\/04\\\/peace-protest\\\/\"},\"author\":{\"name\":\"Yann Gourvennec\",\"@id\":\"https:\\\/\\\/antimuseum.com\\\/en\\\/#\\\/schema\\\/person\\\/545aaf6fc711850cd5dace4214985a98\"},\"headline\":\"Peace protest\",\"datePublished\":\"2014-02-04T06:20:37+00:00\",\"dateModified\":\"2023-06-08T13:34:34+00:00\",\"mainEntityOfPage\":{\"@id\":\"https:\\\/\\\/antimuseum.com\\\/en\\\/2014\\\/02\\\/04\\\/peace-protest\\\/\"},\"wordCount\":72,\"commentCount\":0,\"publisher\":{\"@id\":\"https:\\\/\\\/antimuseum.com\\\/en\\\/#organization\"},\"image\":{\"@id\":\"https:\\\/\\\/antimuseum.com\\\/en\\\/2014\\\/02\\\/04\\\/peace-protest\\\/#primaryimage\"},\"thumbnailUrl\":\"http:\\\/\\\/static.flickr.com\\\/3770\\\/8757295521_a3edccc16c_b.jpg\",\"articleSection\":[\"Color Photography\",\"Photography\",\"Street Photography\"],\"inLanguage\":\"en-US\",\"potentialAction\":[{\"@type\":\"CommentAction\",\"name\":\"Comment\",\"target\":[\"https:\\\/\\\/antimuseum.com\\\/en\\\/2014\\\/02\\\/04\\\/peace-protest\\\/#respond\"]}]},{\"@type\":\"WebPage\",\"@id\":\"https:\\\/\\\/antimuseum.com\\\/en\\\/2014\\\/02\\\/04\\\/peace-protest\\\/\",\"url\":\"https:\\\/\\\/antimuseum.com\\\/en\\\/2014\\\/02\\\/04\\\/peace-protest\\\/\",\"name\":\"Peace protest\",\"isPartOf\":{\"@id\":\"https:\\\/\\\/antimuseum.com\\\/en\\\/#website\"},\"primaryImageOfPage\":{\"@id\":\"https:\\\/\\\/antimuseum.com\\\/en\\\/2014\\\/02\\\/04\\\/peace-protest\\\/#primaryimage\"},\"image\":{\"@id\":\"https:\\\/\\\/antimuseum.com\\\/en\\\/2014\\\/02\\\/04\\\/peace-protest\\\/#primaryimage\"},\"thumbnailUrl\":\"http:\\\/\\\/static.flickr.com\\\/3770\\\/8757295521_a3edccc16c_b.jpg\",\"datePublished\":\"2014-02-04T06:20:37+00:00\",\"dateModified\":\"2023-06-08T13:34:34+00:00\",\"breadcrumb\":{\"@id\":\"https:\\\/\\\/antimuseum.com\\\/en\\\/2014\\\/02\\\/04\\\/peace-protest\\\/#breadcrumb\"},\"inLanguage\":\"en-US\",\"potentialAction\":[{\"@type\":\"ReadAction\",\"target\":[\"https:\\\/\\\/antimuseum.com\\\/en\\\/2014\\\/02\\\/04\\\/peace-protest\\\/\"]}]},{\"@type\":\"ImageObject\",\"inLanguage\":\"en-US\",\"@id\":\"https:\\\/\\\/antimuseum.com\\\/en\\\/2014\\\/02\\\/04\\\/peace-protest\\\/#primaryimage\",\"url\":\"http:\\\/\\\/static.flickr.com\\\/3770\\\/8757295521_a3edccc16c_b.jpg\",\"contentUrl\":\"http:\\\/\\\/static.flickr.com\\\/3770\\\/8757295521_a3edccc16c_b.jpg\"},{\"@type\":\"BreadcrumbList\",\"@id\":\"https:\\\/\\\/antimuseum.com\\\/en\\\/2014\\\/02\\\/04\\\/peace-protest\\\/#breadcrumb\",\"itemListElement\":[{\"@type\":\"ListItem\",\"position\":1,\"name\":\"Home\",\"item\":\"https:\\\/\\\/antimuseum.com\\\/en\\\/photographe-portrait-entreprise-paris\\\/\"},{\"@type\":\"ListItem\",\"position\":2,\"name\":\"Peace protest\"}]},{\"@type\":\"WebSite\",\"@id\":\"https:\\\/\\\/antimuseum.com\\\/en\\\/#website\",\"url\":\"https:\\\/\\\/antimuseum.com\\\/en\\\/\",\"name\":\"The Antimuseum in Paris (and beyond)\",\"description\":\"The Antimuseum in Paris (and beyond)\",\"publisher\":{\"@id\":\"https:\\\/\\\/antimuseum.com\\\/en\\\/#organization\"},\"alternateName\":\"anti-museum in Paris\",\"potentialAction\":[{\"@type\":\"SearchAction\",\"target\":{\"@type\":\"EntryPoint\",\"urlTemplate\":\"https:\\\/\\\/antimuseum.com\\\/en\\\/?s={search_term_string}\"},\"query-input\":{\"@type\":\"PropertyValueSpecification\",\"valueRequired\":true,\"valueName\":\"search_term_string\"}}],\"inLanguage\":\"en-US\"},{\"@type\":\"Organization\",\"@id\":\"https:\\\/\\\/antimuseum.com\\\/en\\\/#organization\",\"name\":\"The Antimuseum in Paris (and beyond)\",\"url\":\"https:\\\/\\\/antimuseum.com\\\/en\\\/\",\"logo\":{\"@type\":\"ImageObject\",\"inLanguage\":\"en-US\",\"@id\":\"https:\\\/\\\/antimuseum.com\\\/en\\\/#\\\/schema\\\/logo\\\/image\\\/\",\"url\":\"https:\\\/\\\/antimuseum.com\\\/wp-content\\\/uploads\\\/2021\\\/01\\\/antimuseum-logo-1-2-e1610813225740.png\",\"contentUrl\":\"https:\\\/\\\/antimuseum.com\\\/wp-content\\\/uploads\\\/2021\\\/01\\\/antimuseum-logo-1-2-e1610813225740.png\",\"width\":1487,\"height\":692,\"caption\":\"The Antimuseum in Paris (and beyond)\"},\"image\":{\"@id\":\"https:\\\/\\\/antimuseum.com\\\/en\\\/#\\\/schema\\\/logo\\\/image\\\/\"},\"sameAs\":[\"https:\\\/\\\/www.facebook.com\\\/AntimuseumParis\\\/\",\"https:\\\/\\\/x.com\\\/ygourven\"]},{\"@type\":\"Person\",\"@id\":\"https:\\\/\\\/antimuseum.com\\\/en\\\/#\\\/schema\\\/person\\\/545aaf6fc711850cd5dace4214985a98\",\"name\":\"Yann Gourvennec\",\"image\":{\"@type\":\"ImageObject\",\"inLanguage\":\"en-US\",\"@id\":\"https:\\\/\\\/secure.gravatar.com\\\/avatar\\\/d6cd451b8e0fc3c089b819830933d0a38a14de90e62c0dfdbf7feeb7bf00510e?s=96&d=identicon&r=g\",\"url\":\"https:\\\/\\\/secure.gravatar.com\\\/avatar\\\/d6cd451b8e0fc3c089b819830933d0a38a14de90e62c0dfdbf7feeb7bf00510e?s=96&d=identicon&r=g\",\"contentUrl\":\"https:\\\/\\\/secure.gravatar.com\\\/avatar\\\/d6cd451b8e0fc3c089b819830933d0a38a14de90e62c0dfdbf7feeb7bf00510e?s=96&d=identicon&r=g\",\"caption\":\"Yann Gourvennec\"},\"description\":\"I'm a photographer and watercolourist. I have practiced photography since childhood and digital photography since 1995. I turned it into my main occupation in 2021. I own a photo studio in Paris, France. ------------ Je suis photographe et aquarelliste. Je pratique la photographie depuis l'enfance et la photographie num\u00e9rique depuis 1995. J'en ai fait mon activit\u00e9 principale en 2021. Je poss\u00e8de un studio photo dans le 15e arrondissement de Paris\",\"sameAs\":[\"https:\\\/\\\/visionarymarketing.com\"],\"url\":\"https:\\\/\\\/antimuseum.com\\\/en\\\/author\\\/visionarymarketing\\\/\"}]}<\/script>\n<!-- \/ Yoast SEO plugin. -->","yoast_head_json":{"title":"Peace protest","robots":{"index":"noindex","follow":"follow"},"og_locale":"en_US","og_type":"article","og_title":"Peace protest","og_description":"Bad weather conditions and a sprained ankle have kept me away from my photographical work in the past few weeks. I dished out those two pictures taken from Clara Halter\u2019s Wall for Peace monument. Inside, behind shattered glass, a delegation from the Tamil refugees in Paris were protesting against what they presented as crimes against [&hellip;]","og_url":"https:\/\/antimuseum.com\/en\/2014\/02\/04\/peace-protest\/","og_site_name":"Yann Gourvennec - Photography","article_publisher":"https:\/\/www.facebook.com\/AntimuseumParis\/","article_published_time":"2014-02-04T06:20:37+00:00","article_modified_time":"2023-06-08T13:34:34+00:00","og_image":[{"url":"http:\/\/static.flickr.com\/3770\/8757295521_a3edccc16c_b.jpg","type":"","width":"","height":""}],"author":"Yann Gourvennec","twitter_card":"summary_large_image","twitter_creator":"@ygourven","twitter_site":"@ygourven","twitter_misc":{"Written by":"Yann Gourvennec","Est. reading time":"1 minute"},"schema":{"@context":"https:\/\/schema.org","@graph":[{"@type":"Article","@id":"https:\/\/antimuseum.com\/en\/2014\/02\/04\/peace-protest\/#article","isPartOf":{"@id":"https:\/\/antimuseum.com\/en\/2014\/02\/04\/peace-protest\/"},"author":{"name":"Yann Gourvennec","@id":"https:\/\/antimuseum.com\/en\/#\/schema\/person\/545aaf6fc711850cd5dace4214985a98"},"headline":"Peace protest","datePublished":"2014-02-04T06:20:37+00:00","dateModified":"2023-06-08T13:34:34+00:00","mainEntityOfPage":{"@id":"https:\/\/antimuseum.com\/en\/2014\/02\/04\/peace-protest\/"},"wordCount":72,"commentCount":0,"publisher":{"@id":"https:\/\/antimuseum.com\/en\/#organization"},"image":{"@id":"https:\/\/antimuseum.com\/en\/2014\/02\/04\/peace-protest\/#primaryimage"},"thumbnailUrl":"http:\/\/static.flickr.com\/3770\/8757295521_a3edccc16c_b.jpg","articleSection":["Color Photography","Photography","Street Photography"],"inLanguage":"en-US","potentialAction":[{"@type":"CommentAction","name":"Comment","target":["https:\/\/antimuseum.com\/en\/2014\/02\/04\/peace-protest\/#respond"]}]},{"@type":"WebPage","@id":"https:\/\/antimuseum.com\/en\/2014\/02\/04\/peace-protest\/","url":"https:\/\/antimuseum.com\/en\/2014\/02\/04\/peace-protest\/","name":"Peace protest","isPartOf":{"@id":"https:\/\/antimuseum.com\/en\/#website"},"primaryImageOfPage":{"@id":"https:\/\/antimuseum.com\/en\/2014\/02\/04\/peace-protest\/#primaryimage"},"image":{"@id":"https:\/\/antimuseum.com\/en\/2014\/02\/04\/peace-protest\/#primaryimage"},"thumbnailUrl":"http:\/\/static.flickr.com\/3770\/8757295521_a3edccc16c_b.jpg","datePublished":"2014-02-04T06:20:37+00:00","dateModified":"2023-06-08T13:34:34+00:00","breadcrumb":{"@id":"https:\/\/antimuseum.com\/en\/2014\/02\/04\/peace-protest\/#breadcrumb"},"inLanguage":"en-US","potentialAction":[{"@type":"ReadAction","target":["https:\/\/antimuseum.com\/en\/2014\/02\/04\/peace-protest\/"]}]},{"@type":"ImageObject","inLanguage":"en-US","@id":"https:\/\/antimuseum.com\/en\/2014\/02\/04\/peace-protest\/#primaryimage","url":"http:\/\/static.flickr.com\/3770\/8757295521_a3edccc16c_b.jpg","contentUrl":"http:\/\/static.flickr.com\/3770\/8757295521_a3edccc16c_b.jpg"},{"@type":"BreadcrumbList","@id":"https:\/\/antimuseum.com\/en\/2014\/02\/04\/peace-protest\/#breadcrumb","itemListElement":[{"@type":"ListItem","position":1,"name":"Home","item":"https:\/\/antimuseum.com\/en\/photographe-portrait-entreprise-paris\/"},{"@type":"ListItem","position":2,"name":"Peace protest"}]},{"@type":"WebSite","@id":"https:\/\/antimuseum.com\/en\/#website","url":"https:\/\/antimuseum.com\/en\/","name":"The Antimuseum in Paris (and beyond)","description":"The Antimuseum in Paris (and beyond)","publisher":{"@id":"https:\/\/antimuseum.com\/en\/#organization"},"alternateName":"anti-museum in Paris","potentialAction":[{"@type":"SearchAction","target":{"@type":"EntryPoint","urlTemplate":"https:\/\/antimuseum.com\/en\/?s={search_term_string}"},"query-input":{"@type":"PropertyValueSpecification","valueRequired":true,"valueName":"search_term_string"}}],"inLanguage":"en-US"},{"@type":"Organization","@id":"https:\/\/antimuseum.com\/en\/#organization","name":"The Antimuseum in Paris (and beyond)","url":"https:\/\/antimuseum.com\/en\/","logo":{"@type":"ImageObject","inLanguage":"en-US","@id":"https:\/\/antimuseum.com\/en\/#\/schema\/logo\/image\/","url":"https:\/\/antimuseum.com\/wp-content\/uploads\/2021\/01\/antimuseum-logo-1-2-e1610813225740.png","contentUrl":"https:\/\/antimuseum.com\/wp-content\/uploads\/2021\/01\/antimuseum-logo-1-2-e1610813225740.png","width":1487,"height":692,"caption":"The Antimuseum in Paris (and beyond)"},"image":{"@id":"https:\/\/antimuseum.com\/en\/#\/schema\/logo\/image\/"},"sameAs":["https:\/\/www.facebook.com\/AntimuseumParis\/","https:\/\/x.com\/ygourven"]},{"@type":"Person","@id":"https:\/\/antimuseum.com\/en\/#\/schema\/person\/545aaf6fc711850cd5dace4214985a98","name":"Yann Gourvennec","image":{"@type":"ImageObject","inLanguage":"en-US","@id":"https:\/\/secure.gravatar.com\/avatar\/d6cd451b8e0fc3c089b819830933d0a38a14de90e62c0dfdbf7feeb7bf00510e?s=96&d=identicon&r=g","url":"https:\/\/secure.gravatar.com\/avatar\/d6cd451b8e0fc3c089b819830933d0a38a14de90e62c0dfdbf7feeb7bf00510e?s=96&d=identicon&r=g","contentUrl":"https:\/\/secure.gravatar.com\/avatar\/d6cd451b8e0fc3c089b819830933d0a38a14de90e62c0dfdbf7feeb7bf00510e?s=96&d=identicon&r=g","caption":"Yann Gourvennec"},"description":"I'm a photographer and watercolourist. I have practiced photography since childhood and digital photography since 1995. I turned it into my main occupation in 2021. I own a photo studio in Paris, France. ------------ Je suis photographe et aquarelliste. Je pratique la photographie depuis l'enfance et la photographie num\u00e9rique depuis 1995. J'en ai fait mon activit\u00e9 principale en 2021. Je poss\u00e8de un studio photo dans le 15e arrondissement de Paris","sameAs":["https:\/\/visionarymarketing.com"],"url":"https:\/\/antimuseum.com\/en\/author\/visionarymarketing\/"}]}},"jetpack_publicize_connections":[],"jetpack_featured_media_url":"","jetpack_likes_enabled":true,"jetpack_sharing_enabled":true,"jetpack_shortlink":"https:\/\/wp.me\/p1bww-tl","jetpack-related-posts":[{"id":1916,"url":"https:\/\/antimuseum.com\/en\/2014\/03\/28\/in-the-name-of-democracy-bw\/","url_meta":{"origin":1819,"position":0},"title":"In the name of democracy (B&amp;W)","author":"Yann Gourvennec","date":"March 28, 2014","format":false,"excerpt":"\u00a0 For the past two days, all flags have been unfurled as a welcome to Chinese President\u00a0Xi Jipin in Paris. Tibetan protesters had been carefully kept silent. All was done in the name of democracy of course, and no sacrosanct principle of democracy have been downtrodden. All is for the\u2026","rel":"","context":"In &quot;Architecture Photos&quot;","block_context":{"text":"Architecture Photos","link":"https:\/\/antimuseum.com\/en\/category\/photography\/architecture-photography\/"},"img":{"alt_text":"antimuseum.com-chaville-4836","src":"https:\/\/i0.wp.com\/farm3.staticflickr.com\/2918\/13454513295_c13bf2c0f9_z.jpg?resize=350%2C200&ssl=1","width":350,"height":200,"srcset":"https:\/\/i0.wp.com\/farm3.staticflickr.com\/2918\/13454513295_c13bf2c0f9_z.jpg?resize=350%2C200&ssl=1 1x, https:\/\/i0.wp.com\/farm3.staticflickr.com\/2918\/13454513295_c13bf2c0f9_z.jpg?resize=525%2C300&ssl=1 1.5x"},"classes":[]},{"id":1972,"url":"https:\/\/antimuseum.com\/en\/2014\/05\/09\/landing-beaches-sword-beach\/","url_meta":{"origin":1819,"position":1},"title":"Landing Beaches (Sword Beach)","author":"Yann Gourvennec","date":"May 9, 2014","format":false,"excerpt":"So beautiful and so peaceful now; imagine that beach on June 6th, 1944, some 70 years ago, with \u201can invasion fleet from eight different navies, comprising 6,939 vessels: 1,213 warships, 4,126 landing craft of various types, 736 ancillary craft, and 864 merchant vessels. There were 195,700 naval personnel involved\u201d. Their\u2026","rel":"","context":"In &quot;Landscape Photography&quot;","block_context":{"text":"Landscape Photography","link":"https:\/\/antimuseum.com\/en\/category\/photography\/landscape-photography\/"},"img":{"alt_text":"antimuseum.com-rivapaques-5149","src":"https:\/\/i0.wp.com\/static.flickr.com\/2931\/14007271676_9026d0411b_b.jpg?resize=350%2C200","width":350,"height":200,"srcset":"https:\/\/i0.wp.com\/static.flickr.com\/2931\/14007271676_9026d0411b_b.jpg?resize=350%2C200 1x, https:\/\/i0.wp.com\/static.flickr.com\/2931\/14007271676_9026d0411b_b.jpg?resize=525%2C300 1.5x, https:\/\/i0.wp.com\/static.flickr.com\/2931\/14007271676_9026d0411b_b.jpg?resize=700%2C400 2x"},"classes":[]},{"id":2904,"url":"https:\/\/antimuseum.com\/en\/2017\/02\/04\/solitude-peace-beauty\/","url_meta":{"origin":1819,"position":2},"title":"Solitude, Peace and Beauty","author":"Yann Gourvennec","date":"February 4, 2017","format":false,"excerpt":"When I think of \"solitude\", I think of our beautiful mountains in the Pyrenees. The chair I sit in and from which I look at the top of the mountains where I do mountain biking. There\u2019s no one there. Just bears. And even so. The lakes, the vista. Peace. A\u2026","rel":"","context":"In &quot;Photography&quot;","block_context":{"text":"Photography","link":"https:\/\/antimuseum.com\/en\/category\/photography\/"},"img":{"alt_text":"","src":"https:\/\/i0.wp.com\/antimuseum.com\/wp-content\/uploads\/2017\/02\/vacecc81tecc812012public-dsc_27221.jpg?fit=800%2C529&ssl=1&resize=350%2C200","width":350,"height":200,"srcset":"https:\/\/i0.wp.com\/antimuseum.com\/wp-content\/uploads\/2017\/02\/vacecc81tecc812012public-dsc_27221.jpg?fit=800%2C529&ssl=1&resize=350%2C200 1x, https:\/\/i0.wp.com\/antimuseum.com\/wp-content\/uploads\/2017\/02\/vacecc81tecc812012public-dsc_27221.jpg?fit=800%2C529&ssl=1&resize=525%2C300 1.5x, https:\/\/i0.wp.com\/antimuseum.com\/wp-content\/uploads\/2017\/02\/vacecc81tecc812012public-dsc_27221.jpg?fit=800%2C529&ssl=1&resize=700%2C400 2x"},"classes":[]},{"id":2564,"url":"https:\/\/antimuseum.com\/en\/2016\/01\/16\/alphabet-typography\/","url_meta":{"origin":1819,"position":3},"title":"Alphabet","author":"Yann Gourvennec","date":"January 16, 2016","format":false,"excerpt":"Today\u2019s challenge was \u201calphabet\u201d and we were allowed to choose from interesting typography examples. No.1 is the garish Euro Coaster sign at the Hyde Park funfair last December. No.2. A lot more elegant is the typography celebrating the four evangelists at the Paris Protestant church in Grenelle. A handsome 17th\u2026","rel":"","context":"In &quot;Photography&quot;","block_context":{"text":"Photography","link":"https:\/\/antimuseum.com\/en\/category\/photography\/"},"img":{"alt_text":"","src":"https:\/\/i0.wp.com\/antimuseum.com\/wp-content\/uploads\/2016\/01\/24261256731_3b91a3ddda_k.jpg?fit=1200%2C801&ssl=1&resize=350%2C200","width":350,"height":200,"srcset":"https:\/\/i0.wp.com\/antimuseum.com\/wp-content\/uploads\/2016\/01\/24261256731_3b91a3ddda_k.jpg?fit=1200%2C801&ssl=1&resize=350%2C200 1x, https:\/\/i0.wp.com\/antimuseum.com\/wp-content\/uploads\/2016\/01\/24261256731_3b91a3ddda_k.jpg?fit=1200%2C801&ssl=1&resize=525%2C300 1.5x, https:\/\/i0.wp.com\/antimuseum.com\/wp-content\/uploads\/2016\/01\/24261256731_3b91a3ddda_k.jpg?fit=1200%2C801&ssl=1&resize=700%2C400 2x, https:\/\/i0.wp.com\/antimuseum.com\/wp-content\/uploads\/2016\/01\/24261256731_3b91a3ddda_k.jpg?fit=1200%2C801&ssl=1&resize=1050%2C600 3x"},"classes":[]},{"id":2607,"url":"https:\/\/antimuseum.com\/en\/2016\/03\/05\/harmony-pentemont-abbey\/","url_meta":{"origin":1819,"position":4},"title":"Harmony in Pentemont Abbey","author":"Yann Gourvennec","date":"March 5, 2016","format":false,"excerpt":"Last night came as an anti-climax. All Fridays after work I sit on my couch with my computer on my lap and head straight to the Daily Post Photo challenge. Alas! Yesterday, there was none, so I took my Kindle and went to bed. Fortunately, this morning, I discovered the\u2026","rel":"","context":"In &quot;Photography&quot;","block_context":{"text":"Photography","link":"https:\/\/antimuseum.com\/en\/category\/photography\/"},"img":{"alt_text":"","src":"https:\/\/i0.wp.com\/antimuseum.com\/wp-content\/uploads\/2016\/03\/23499379719_69342842a5_k.jpg?fit=1200%2C801&ssl=1&resize=350%2C200","width":350,"height":200,"srcset":"https:\/\/i0.wp.com\/antimuseum.com\/wp-content\/uploads\/2016\/03\/23499379719_69342842a5_k.jpg?fit=1200%2C801&ssl=1&resize=350%2C200 1x, https:\/\/i0.wp.com\/antimuseum.com\/wp-content\/uploads\/2016\/03\/23499379719_69342842a5_k.jpg?fit=1200%2C801&ssl=1&resize=525%2C300 1.5x, https:\/\/i0.wp.com\/antimuseum.com\/wp-content\/uploads\/2016\/03\/23499379719_69342842a5_k.jpg?fit=1200%2C801&ssl=1&resize=700%2C400 2x, https:\/\/i0.wp.com\/antimuseum.com\/wp-content\/uploads\/2016\/03\/23499379719_69342842a5_k.jpg?fit=1200%2C801&ssl=1&resize=1050%2C600 3x"},"classes":[]},{"id":11256,"url":"https:\/\/antimuseum.com\/en\/2024\/03\/31\/yann-gourvennec-photography\/","url_meta":{"origin":1819,"position":5},"title":"My least-hated favourite pictures on Flickr","author":"Yann Gourvennec","date":"March 31, 2024","format":false,"excerpt":"Beauty, it is said, is in the eyes of the beholder. I started collecting a list of my most liked pictures on Flickr and the result is not what I was expecting. When I compare it to my own favourite list of pictures on my Flickr profile page, I realise\u2026","rel":"","context":"In &quot;Photography&quot;","block_context":{"text":"Photography","link":"https:\/\/antimuseum.com\/en\/category\/photography\/"},"img":{"alt_text":"Yann Gourvennec photography","src":"https:\/\/i0.wp.com\/antimuseum.com\/wp-content\/uploads\/2022\/11\/49793289631_105c565d78_k.jpg?fit=1200%2C801&ssl=1&resize=350%2C200","width":350,"height":200,"srcset":"https:\/\/i0.wp.com\/antimuseum.com\/wp-content\/uploads\/2022\/11\/49793289631_105c565d78_k.jpg?fit=1200%2C801&ssl=1&resize=350%2C200 1x, https:\/\/i0.wp.com\/antimuseum.com\/wp-content\/uploads\/2022\/11\/49793289631_105c565d78_k.jpg?fit=1200%2C801&ssl=1&resize=525%2C300 1.5x, https:\/\/i0.wp.com\/antimuseum.com\/wp-content\/uploads\/2022\/11\/49793289631_105c565d78_k.jpg?fit=1200%2C801&ssl=1&resize=700%2C400 2x, https:\/\/i0.wp.com\/antimuseum.com\/wp-content\/uploads\/2022\/11\/49793289631_105c565d78_k.jpg?fit=1200%2C801&ssl=1&resize=1050%2C600 3x"},"classes":[]}],"_links":{"self":[{"href":"https:\/\/antimuseum.com\/en\/wp-json\/wp\/v2\/posts\/1819","targetHints":{"allow":["GET"]}}],"collection":[{"href":"https:\/\/antimuseum.com\/en\/wp-json\/wp\/v2\/posts"}],"about":[{"href":"https:\/\/antimuseum.com\/en\/wp-json\/wp\/v2\/types\/post"}],"author":[{"embeddable":true,"href":"https:\/\/antimuseum.com\/en\/wp-json\/wp\/v2\/users\/60439"}],"replies":[{"embeddable":true,"href":"https:\/\/antimuseum.com\/en\/wp-json\/wp\/v2\/comments?post=1819"}],"version-history":[{"count":3,"href":"https:\/\/antimuseum.com\/en\/wp-json\/wp\/v2\/posts\/1819\/revisions"}],"predecessor-version":[{"id":13583,"href":"https:\/\/antimuseum.com\/en\/wp-json\/wp\/v2\/posts\/1819\/revisions\/13583"}],"wp:attachment":[{"href":"https:\/\/antimuseum.com\/en\/wp-json\/wp\/v2\/media?parent=1819"}],"wp:term":[{"taxonomy":"category","embeddable":true,"href":"https:\/\/antimuseum.com\/en\/wp-json\/wp\/v2\/categories?post=1819"},{"taxonomy":"post_tag","embeddable":true,"href":"https:\/\/antimuseum.com\/en\/wp-json\/wp\/v2\/tags?post=1819"}],"curies":[{"name":"wp","href":"https:\/\/api.w.org\/{rel}","templated":true}]}}