{"id":1890,"date":"2014-03-09T17:36:04","date_gmt":"2014-03-09T17:36:04","guid":{"rendered":"http:\/\/antimuseum.com\/?p=1890"},"modified":"2023-06-08T15:44:58","modified_gmt":"2023-06-08T13:44:58","slug":"crutch-bw","status":"publish","type":"post","link":"https:\/\/antimuseum.com\/en\/2014\/03\/09\/crutch-bw\/","title":{"rendered":"Crutch (B&amp;W)"},"content":{"rendered":"<p><a title=\"antimuseum.com-dareau-nordmann-4678\" href=\"http:\/\/www.flickr.com\/photos\/45208593@N00\/13038155525\/\"><img data-recalc-dims=\"1\" loading=\"lazy\" decoding=\"async\" class=\"aligncenter\" src=\"https:\/\/i0.wp.com\/static.flickr.com\/7363\/13038155525_7df41857be_b.jpg?resize=561%2C840\" alt=\"antimuseum.com-dareau-nordmann-4678\" width=\"561\" height=\"840\" border=\"0\" \/><\/a><\/p>\n<p>At last I can walk about town and I can take pictures too. Yet, on that beautiful Spring day (temperatures around 25 celcius in Paris today), my crutch was never very far away from me. March 9, 2014.<\/p>\n","protected":false},"excerpt":{"rendered":"<p>At last I can walk about town and I can take pictures too. Yet, on that beautiful Spring day (temperatures around 25 celcius in Paris today), my crutch was never very far away from me. March 9, 2014.<\/p>\n","protected":false},"author":60439,"featured_media":0,"comment_status":"open","ping_status":"open","sticky":false,"template":"","format":"standard","meta":{"_crdt_document":"","_jetpack_newsletter_access":"","_jetpack_dont_email_post_to_subs":false,"_jetpack_newsletter_tier_id":0,"_jetpack_memberships_contains_paywalled_content":false,"_jetpack_memberships_contains_paid_content":false,"footnotes":"","jetpack_publicize_message":"","jetpack_publicize_feature_enabled":true,"jetpack_social_post_already_shared":true,"jetpack_social_options":{"image_generator_settings":{"template":"dois","default_image_id":0,"font":"","enabled":false},"version":2},"_wpas_customize_per_network":false,"jetpack_post_was_ever_published":false},"categories":[436,3532810],"tags":[678148084,678148091],"class_list":["post-1890","post","type-post","status-publish","format-standard","hentry","category-photography","category-street-photography","tag-merge","tag-shadow"],"blocksy_meta":[],"yoast_head":"<!-- This site is optimized with the Yoast SEO plugin v27.5 - https:\/\/yoast.com\/product\/yoast-seo-wordpress\/ -->\n<title>Crutch (B&amp;W)<\/title>\n<meta name=\"robots\" content=\"noindex, follow\" \/>\n<meta property=\"og:locale\" content=\"en_US\" \/>\n<meta property=\"og:type\" content=\"article\" \/>\n<meta property=\"og:title\" content=\"Crutch (B&amp;W)\" \/>\n<meta property=\"og:description\" content=\"At last I can walk about town and I can take pictures too. Yet, on that beautiful Spring day (temperatures around 25 celcius in Paris today), my crutch was never very far away from me. March 9, 2014.\" \/>\n<meta property=\"og:url\" content=\"https:\/\/antimuseum.com\/en\/2014\/03\/09\/crutch-bw\/\" \/>\n<meta property=\"og:site_name\" content=\"Yann Gourvennec - Photography\" \/>\n<meta property=\"article:publisher\" content=\"https:\/\/www.facebook.com\/AntimuseumParis\/\" \/>\n<meta property=\"article:published_time\" content=\"2014-03-09T17:36:04+00:00\" \/>\n<meta property=\"article:modified_time\" content=\"2023-06-08T13:44:58+00:00\" \/>\n<meta property=\"og:image\" content=\"http:\/\/static.flickr.com\/7363\/13038155525_7df41857be_b.jpg\" \/>\n<meta name=\"author\" content=\"Yann Gourvennec\" \/>\n<meta name=\"twitter:card\" content=\"summary_large_image\" \/>\n<meta name=\"twitter:creator\" content=\"@ygourven\" \/>\n<meta name=\"twitter:site\" content=\"@ygourven\" \/>\n<meta name=\"twitter:label1\" content=\"Written by\" \/>\n\t<meta name=\"twitter:data1\" content=\"Yann Gourvennec\" \/>\n\t<meta name=\"twitter:label2\" content=\"Est. reading time\" \/>\n\t<meta name=\"twitter:data2\" content=\"1 minute\" \/>\n<script type=\"application\/ld+json\" class=\"yoast-schema-graph\">{\"@context\":\"https:\\\/\\\/schema.org\",\"@graph\":[{\"@type\":\"Article\",\"@id\":\"https:\\\/\\\/antimuseum.com\\\/en\\\/2014\\\/03\\\/09\\\/crutch-bw\\\/#article\",\"isPartOf\":{\"@id\":\"https:\\\/\\\/antimuseum.com\\\/en\\\/2014\\\/03\\\/09\\\/crutch-bw\\\/\"},\"author\":{\"name\":\"Yann Gourvennec\",\"@id\":\"https:\\\/\\\/antimuseum.com\\\/en\\\/#\\\/schema\\\/person\\\/545aaf6fc711850cd5dace4214985a98\"},\"headline\":\"Crutch (B&amp;W)\",\"datePublished\":\"2014-03-09T17:36:04+00:00\",\"dateModified\":\"2023-06-08T13:44:58+00:00\",\"mainEntityOfPage\":{\"@id\":\"https:\\\/\\\/antimuseum.com\\\/en\\\/2014\\\/03\\\/09\\\/crutch-bw\\\/\"},\"wordCount\":39,\"commentCount\":0,\"publisher\":{\"@id\":\"https:\\\/\\\/antimuseum.com\\\/en\\\/#organization\"},\"image\":{\"@id\":\"https:\\\/\\\/antimuseum.com\\\/en\\\/2014\\\/03\\\/09\\\/crutch-bw\\\/#primaryimage\"},\"thumbnailUrl\":\"http:\\\/\\\/static.flickr.com\\\/7363\\\/13038155525_7df41857be_b.jpg\",\"keywords\":[\"merge\",\"shadow\"],\"articleSection\":[\"Photography\",\"Street Photography\"],\"inLanguage\":\"en-US\",\"potentialAction\":[{\"@type\":\"CommentAction\",\"name\":\"Comment\",\"target\":[\"https:\\\/\\\/antimuseum.com\\\/en\\\/2014\\\/03\\\/09\\\/crutch-bw\\\/#respond\"]}]},{\"@type\":\"WebPage\",\"@id\":\"https:\\\/\\\/antimuseum.com\\\/en\\\/2014\\\/03\\\/09\\\/crutch-bw\\\/\",\"url\":\"https:\\\/\\\/antimuseum.com\\\/en\\\/2014\\\/03\\\/09\\\/crutch-bw\\\/\",\"name\":\"Crutch (B&amp;W)\",\"isPartOf\":{\"@id\":\"https:\\\/\\\/antimuseum.com\\\/en\\\/#website\"},\"primaryImageOfPage\":{\"@id\":\"https:\\\/\\\/antimuseum.com\\\/en\\\/2014\\\/03\\\/09\\\/crutch-bw\\\/#primaryimage\"},\"image\":{\"@id\":\"https:\\\/\\\/antimuseum.com\\\/en\\\/2014\\\/03\\\/09\\\/crutch-bw\\\/#primaryimage\"},\"thumbnailUrl\":\"http:\\\/\\\/static.flickr.com\\\/7363\\\/13038155525_7df41857be_b.jpg\",\"datePublished\":\"2014-03-09T17:36:04+00:00\",\"dateModified\":\"2023-06-08T13:44:58+00:00\",\"breadcrumb\":{\"@id\":\"https:\\\/\\\/antimuseum.com\\\/en\\\/2014\\\/03\\\/09\\\/crutch-bw\\\/#breadcrumb\"},\"inLanguage\":\"en-US\",\"potentialAction\":[{\"@type\":\"ReadAction\",\"target\":[\"https:\\\/\\\/antimuseum.com\\\/en\\\/2014\\\/03\\\/09\\\/crutch-bw\\\/\"]}]},{\"@type\":\"ImageObject\",\"inLanguage\":\"en-US\",\"@id\":\"https:\\\/\\\/antimuseum.com\\\/en\\\/2014\\\/03\\\/09\\\/crutch-bw\\\/#primaryimage\",\"url\":\"http:\\\/\\\/static.flickr.com\\\/7363\\\/13038155525_7df41857be_b.jpg\",\"contentUrl\":\"http:\\\/\\\/static.flickr.com\\\/7363\\\/13038155525_7df41857be_b.jpg\"},{\"@type\":\"BreadcrumbList\",\"@id\":\"https:\\\/\\\/antimuseum.com\\\/en\\\/2014\\\/03\\\/09\\\/crutch-bw\\\/#breadcrumb\",\"itemListElement\":[{\"@type\":\"ListItem\",\"position\":1,\"name\":\"Home\",\"item\":\"https:\\\/\\\/antimuseum.com\\\/en\\\/photographe-portrait-entreprise-paris\\\/\"},{\"@type\":\"ListItem\",\"position\":2,\"name\":\"Crutch (B&amp;W)\"}]},{\"@type\":\"WebSite\",\"@id\":\"https:\\\/\\\/antimuseum.com\\\/en\\\/#website\",\"url\":\"https:\\\/\\\/antimuseum.com\\\/en\\\/\",\"name\":\"The Antimuseum in Paris (and beyond)\",\"description\":\"The Antimuseum in Paris (and beyond)\",\"publisher\":{\"@id\":\"https:\\\/\\\/antimuseum.com\\\/en\\\/#organization\"},\"alternateName\":\"anti-museum in Paris\",\"potentialAction\":[{\"@type\":\"SearchAction\",\"target\":{\"@type\":\"EntryPoint\",\"urlTemplate\":\"https:\\\/\\\/antimuseum.com\\\/en\\\/?s={search_term_string}\"},\"query-input\":{\"@type\":\"PropertyValueSpecification\",\"valueRequired\":true,\"valueName\":\"search_term_string\"}}],\"inLanguage\":\"en-US\"},{\"@type\":\"Organization\",\"@id\":\"https:\\\/\\\/antimuseum.com\\\/en\\\/#organization\",\"name\":\"The Antimuseum in Paris (and beyond)\",\"url\":\"https:\\\/\\\/antimuseum.com\\\/en\\\/\",\"logo\":{\"@type\":\"ImageObject\",\"inLanguage\":\"en-US\",\"@id\":\"https:\\\/\\\/antimuseum.com\\\/en\\\/#\\\/schema\\\/logo\\\/image\\\/\",\"url\":\"https:\\\/\\\/antimuseum.com\\\/wp-content\\\/uploads\\\/2021\\\/01\\\/antimuseum-logo-1-2-e1610813225740.png\",\"contentUrl\":\"https:\\\/\\\/antimuseum.com\\\/wp-content\\\/uploads\\\/2021\\\/01\\\/antimuseum-logo-1-2-e1610813225740.png\",\"width\":1487,\"height\":692,\"caption\":\"The Antimuseum in Paris (and beyond)\"},\"image\":{\"@id\":\"https:\\\/\\\/antimuseum.com\\\/en\\\/#\\\/schema\\\/logo\\\/image\\\/\"},\"sameAs\":[\"https:\\\/\\\/www.facebook.com\\\/AntimuseumParis\\\/\",\"https:\\\/\\\/x.com\\\/ygourven\"]},{\"@type\":\"Person\",\"@id\":\"https:\\\/\\\/antimuseum.com\\\/en\\\/#\\\/schema\\\/person\\\/545aaf6fc711850cd5dace4214985a98\",\"name\":\"Yann Gourvennec\",\"image\":{\"@type\":\"ImageObject\",\"inLanguage\":\"en-US\",\"@id\":\"https:\\\/\\\/secure.gravatar.com\\\/avatar\\\/d6cd451b8e0fc3c089b819830933d0a38a14de90e62c0dfdbf7feeb7bf00510e?s=96&d=identicon&r=g\",\"url\":\"https:\\\/\\\/secure.gravatar.com\\\/avatar\\\/d6cd451b8e0fc3c089b819830933d0a38a14de90e62c0dfdbf7feeb7bf00510e?s=96&d=identicon&r=g\",\"contentUrl\":\"https:\\\/\\\/secure.gravatar.com\\\/avatar\\\/d6cd451b8e0fc3c089b819830933d0a38a14de90e62c0dfdbf7feeb7bf00510e?s=96&d=identicon&r=g\",\"caption\":\"Yann Gourvennec\"},\"description\":\"I'm a photographer and watercolourist. I have practiced photography since childhood and digital photography since 1995. I turned it into my main occupation in 2021. I own a photo studio in Paris, France. ------------ Je suis photographe et aquarelliste. Je pratique la photographie depuis l'enfance et la photographie num\u00e9rique depuis 1995. J'en ai fait mon activit\u00e9 principale en 2021. Je poss\u00e8de un studio photo dans le 15e arrondissement de Paris\",\"sameAs\":[\"https:\\\/\\\/visionarymarketing.com\"],\"url\":\"https:\\\/\\\/antimuseum.com\\\/en\\\/author\\\/visionarymarketing\\\/\"}]}<\/script>\n<!-- \/ Yoast SEO plugin. -->","yoast_head_json":{"title":"Crutch (B&amp;W)","robots":{"index":"noindex","follow":"follow"},"og_locale":"en_US","og_type":"article","og_title":"Crutch (B&amp;W)","og_description":"At last I can walk about town and I can take pictures too. Yet, on that beautiful Spring day (temperatures around 25 celcius in Paris today), my crutch was never very far away from me. March 9, 2014.","og_url":"https:\/\/antimuseum.com\/en\/2014\/03\/09\/crutch-bw\/","og_site_name":"Yann Gourvennec - Photography","article_publisher":"https:\/\/www.facebook.com\/AntimuseumParis\/","article_published_time":"2014-03-09T17:36:04+00:00","article_modified_time":"2023-06-08T13:44:58+00:00","og_image":[{"url":"http:\/\/static.flickr.com\/7363\/13038155525_7df41857be_b.jpg","type":"","width":"","height":""}],"author":"Yann Gourvennec","twitter_card":"summary_large_image","twitter_creator":"@ygourven","twitter_site":"@ygourven","twitter_misc":{"Written by":"Yann Gourvennec","Est. reading time":"1 minute"},"schema":{"@context":"https:\/\/schema.org","@graph":[{"@type":"Article","@id":"https:\/\/antimuseum.com\/en\/2014\/03\/09\/crutch-bw\/#article","isPartOf":{"@id":"https:\/\/antimuseum.com\/en\/2014\/03\/09\/crutch-bw\/"},"author":{"name":"Yann Gourvennec","@id":"https:\/\/antimuseum.com\/en\/#\/schema\/person\/545aaf6fc711850cd5dace4214985a98"},"headline":"Crutch (B&amp;W)","datePublished":"2014-03-09T17:36:04+00:00","dateModified":"2023-06-08T13:44:58+00:00","mainEntityOfPage":{"@id":"https:\/\/antimuseum.com\/en\/2014\/03\/09\/crutch-bw\/"},"wordCount":39,"commentCount":0,"publisher":{"@id":"https:\/\/antimuseum.com\/en\/#organization"},"image":{"@id":"https:\/\/antimuseum.com\/en\/2014\/03\/09\/crutch-bw\/#primaryimage"},"thumbnailUrl":"http:\/\/static.flickr.com\/7363\/13038155525_7df41857be_b.jpg","keywords":["merge","shadow"],"articleSection":["Photography","Street Photography"],"inLanguage":"en-US","potentialAction":[{"@type":"CommentAction","name":"Comment","target":["https:\/\/antimuseum.com\/en\/2014\/03\/09\/crutch-bw\/#respond"]}]},{"@type":"WebPage","@id":"https:\/\/antimuseum.com\/en\/2014\/03\/09\/crutch-bw\/","url":"https:\/\/antimuseum.com\/en\/2014\/03\/09\/crutch-bw\/","name":"Crutch (B&amp;W)","isPartOf":{"@id":"https:\/\/antimuseum.com\/en\/#website"},"primaryImageOfPage":{"@id":"https:\/\/antimuseum.com\/en\/2014\/03\/09\/crutch-bw\/#primaryimage"},"image":{"@id":"https:\/\/antimuseum.com\/en\/2014\/03\/09\/crutch-bw\/#primaryimage"},"thumbnailUrl":"http:\/\/static.flickr.com\/7363\/13038155525_7df41857be_b.jpg","datePublished":"2014-03-09T17:36:04+00:00","dateModified":"2023-06-08T13:44:58+00:00","breadcrumb":{"@id":"https:\/\/antimuseum.com\/en\/2014\/03\/09\/crutch-bw\/#breadcrumb"},"inLanguage":"en-US","potentialAction":[{"@type":"ReadAction","target":["https:\/\/antimuseum.com\/en\/2014\/03\/09\/crutch-bw\/"]}]},{"@type":"ImageObject","inLanguage":"en-US","@id":"https:\/\/antimuseum.com\/en\/2014\/03\/09\/crutch-bw\/#primaryimage","url":"http:\/\/static.flickr.com\/7363\/13038155525_7df41857be_b.jpg","contentUrl":"http:\/\/static.flickr.com\/7363\/13038155525_7df41857be_b.jpg"},{"@type":"BreadcrumbList","@id":"https:\/\/antimuseum.com\/en\/2014\/03\/09\/crutch-bw\/#breadcrumb","itemListElement":[{"@type":"ListItem","position":1,"name":"Home","item":"https:\/\/antimuseum.com\/en\/photographe-portrait-entreprise-paris\/"},{"@type":"ListItem","position":2,"name":"Crutch (B&amp;W)"}]},{"@type":"WebSite","@id":"https:\/\/antimuseum.com\/en\/#website","url":"https:\/\/antimuseum.com\/en\/","name":"The Antimuseum in Paris (and beyond)","description":"The Antimuseum in Paris (and beyond)","publisher":{"@id":"https:\/\/antimuseum.com\/en\/#organization"},"alternateName":"anti-museum in Paris","potentialAction":[{"@type":"SearchAction","target":{"@type":"EntryPoint","urlTemplate":"https:\/\/antimuseum.com\/en\/?s={search_term_string}"},"query-input":{"@type":"PropertyValueSpecification","valueRequired":true,"valueName":"search_term_string"}}],"inLanguage":"en-US"},{"@type":"Organization","@id":"https:\/\/antimuseum.com\/en\/#organization","name":"The Antimuseum in Paris (and beyond)","url":"https:\/\/antimuseum.com\/en\/","logo":{"@type":"ImageObject","inLanguage":"en-US","@id":"https:\/\/antimuseum.com\/en\/#\/schema\/logo\/image\/","url":"https:\/\/antimuseum.com\/wp-content\/uploads\/2021\/01\/antimuseum-logo-1-2-e1610813225740.png","contentUrl":"https:\/\/antimuseum.com\/wp-content\/uploads\/2021\/01\/antimuseum-logo-1-2-e1610813225740.png","width":1487,"height":692,"caption":"The Antimuseum in Paris (and beyond)"},"image":{"@id":"https:\/\/antimuseum.com\/en\/#\/schema\/logo\/image\/"},"sameAs":["https:\/\/www.facebook.com\/AntimuseumParis\/","https:\/\/x.com\/ygourven"]},{"@type":"Person","@id":"https:\/\/antimuseum.com\/en\/#\/schema\/person\/545aaf6fc711850cd5dace4214985a98","name":"Yann Gourvennec","image":{"@type":"ImageObject","inLanguage":"en-US","@id":"https:\/\/secure.gravatar.com\/avatar\/d6cd451b8e0fc3c089b819830933d0a38a14de90e62c0dfdbf7feeb7bf00510e?s=96&d=identicon&r=g","url":"https:\/\/secure.gravatar.com\/avatar\/d6cd451b8e0fc3c089b819830933d0a38a14de90e62c0dfdbf7feeb7bf00510e?s=96&d=identicon&r=g","contentUrl":"https:\/\/secure.gravatar.com\/avatar\/d6cd451b8e0fc3c089b819830933d0a38a14de90e62c0dfdbf7feeb7bf00510e?s=96&d=identicon&r=g","caption":"Yann Gourvennec"},"description":"I'm a photographer and watercolourist. I have practiced photography since childhood and digital photography since 1995. I turned it into my main occupation in 2021. I own a photo studio in Paris, France. ------------ Je suis photographe et aquarelliste. Je pratique la photographie depuis l'enfance et la photographie num\u00e9rique depuis 1995. J'en ai fait mon activit\u00e9 principale en 2021. Je poss\u00e8de un studio photo dans le 15e arrondissement de Paris","sameAs":["https:\/\/visionarymarketing.com"],"url":"https:\/\/antimuseum.com\/en\/author\/visionarymarketing\/"}]}},"jetpack_publicize_connections":[],"jetpack_featured_media_url":"","jetpack_likes_enabled":true,"jetpack_sharing_enabled":true,"jetpack_shortlink":"https:\/\/wp.me\/p1bww-uu","jetpack-related-posts":[{"id":2358,"url":"https:\/\/antimuseum.com\/en\/2015\/05\/22\/the-broken-greenhouses-of-the-tropical-agricultural-garden\/","url_meta":{"origin":1890,"position":0},"title":"The Broken Greenhouses of The Tropical Agricultural Garden","author":"Yann Gourvennec","date":"May 22, 2015","format":false,"excerpt":"When today\u2019s challenge appeared on my screen, I immediately thought about the tropical agricultural garden of Vincennes. A beautiful place, and a curiosity, yet in a sorry state. Here is this week\u2019s selection for \u201cbroken\u201d, the Friday photo challenge. For the history of the garden check Wikipedia at this address\u2026","rel":"","context":"In &quot;Photography&quot;","block_context":{"text":"Photography","link":"https:\/\/antimuseum.com\/en\/category\/photography\/"},"img":{"alt_text":"","src":"https:\/\/i0.wp.com\/antimuseum.com\/wp-content\/uploads\/2015\/05\/12884699224_2bcb5f34a7_k.jpg?fit=1200%2C801&ssl=1&resize=350%2C200","width":350,"height":200,"srcset":"https:\/\/i0.wp.com\/antimuseum.com\/wp-content\/uploads\/2015\/05\/12884699224_2bcb5f34a7_k.jpg?fit=1200%2C801&ssl=1&resize=350%2C200 1x, https:\/\/i0.wp.com\/antimuseum.com\/wp-content\/uploads\/2015\/05\/12884699224_2bcb5f34a7_k.jpg?fit=1200%2C801&ssl=1&resize=525%2C300 1.5x, https:\/\/i0.wp.com\/antimuseum.com\/wp-content\/uploads\/2015\/05\/12884699224_2bcb5f34a7_k.jpg?fit=1200%2C801&ssl=1&resize=700%2C400 2x, https:\/\/i0.wp.com\/antimuseum.com\/wp-content\/uploads\/2015\/05\/12884699224_2bcb5f34a7_k.jpg?fit=1200%2C801&ssl=1&resize=1050%2C600 3x"},"classes":[]},{"id":817,"url":"https:\/\/antimuseum.com\/en\/2013\/04\/03\/i-can-ride-my-bike\/","url_meta":{"origin":1890,"position":1},"title":"I can ride my bike &#8230;","author":"Yann Gourvennec","date":"April 3, 2013","format":false,"excerpt":"You guys seem to like black and white photos. So I thought I'd select this one for you and here's a wee freebie for you too (Great song, and very political at that if you care to listen: enjoy!)","rel":"","context":"In &quot;Photography&quot;","block_context":{"text":"Photography","link":"https:\/\/antimuseum.com\/en\/category\/photography\/"},"img":{"alt_text":"moored bicycle","src":"https:\/\/i0.wp.com\/farm9.staticflickr.com\/8385\/8555782831_d0c95e194a_z.jpg?resize=350%2C200","width":350,"height":200,"srcset":"https:\/\/i0.wp.com\/farm9.staticflickr.com\/8385\/8555782831_d0c95e194a_z.jpg?resize=350%2C200 1x, https:\/\/i0.wp.com\/farm9.staticflickr.com\/8385\/8555782831_d0c95e194a_z.jpg?resize=525%2C300 1.5x"},"classes":[]},{"id":1207,"url":"https:\/\/antimuseum.com\/en\/2013\/06\/03\/35-mm-photography-on-nicephore-niepces-territory\/","url_meta":{"origin":1890,"position":2},"title":"35 mm Photography on Nicephore Niepce&#8217;s Territory","author":"Yann Gourvennec","date":"June 3, 2013","format":false,"excerpt":"35 mm photography with a vintage manual lens. Now you're talking! Yesterday we went to Bi\u00e8vres, a small \"country\" village south of Paris. It is famous for being the hometown of Nicephore Niepce, who invented Photography in 1824. Thank you, Nicephore! (Boy! I like that first name, I wish I'd\u2026","rel":"","context":"In &quot;Photography&quot;","block_context":{"text":"Photography","link":"https:\/\/antimuseum.com\/en\/category\/photography\/"},"img":{"alt_text":"","src":"https:\/\/i0.wp.com\/antimuseum.com\/wp-content\/uploads\/2021\/04\/8927026220_5013b513f8_o.jpg?fit=900%2C350&ssl=1&resize=350%2C200","width":350,"height":200,"srcset":"https:\/\/i0.wp.com\/antimuseum.com\/wp-content\/uploads\/2021\/04\/8927026220_5013b513f8_o.jpg?fit=900%2C350&ssl=1&resize=350%2C200 1x, https:\/\/i0.wp.com\/antimuseum.com\/wp-content\/uploads\/2021\/04\/8927026220_5013b513f8_o.jpg?fit=900%2C350&ssl=1&resize=525%2C300 1.5x, https:\/\/i0.wp.com\/antimuseum.com\/wp-content\/uploads\/2021\/04\/8927026220_5013b513f8_o.jpg?fit=900%2C350&ssl=1&resize=700%2C400 2x"},"classes":[]},{"id":2588,"url":"https:\/\/antimuseum.com\/en\/2016\/02\/05\/time\/","url_meta":{"origin":1890,"position":3},"title":"Freezing time","author":"Yann Gourvennec","date":"February 5, 2016","format":false,"excerpt":"Today\u2019s challenge is \"time\". But time can be stopped. Well, maybe it can. At least I tried. One of these warm June days I took my kit with me and crossed town. I went all around the Arc de Triomphe\u00a0with my camera on a tripod. Here are a few shots\u2026","rel":"","context":"In &quot;Photography&quot;","block_context":{"text":"Photography","link":"https:\/\/antimuseum.com\/en\/category\/photography\/"},"img":{"alt_text":"","src":"https:\/\/i0.wp.com\/antimuseum.com\/wp-content\/uploads\/2016\/02\/9054822495_83bb80f2b8_k.jpg?fit=1200%2C801&ssl=1&resize=350%2C200","width":350,"height":200,"srcset":"https:\/\/i0.wp.com\/antimuseum.com\/wp-content\/uploads\/2016\/02\/9054822495_83bb80f2b8_k.jpg?fit=1200%2C801&ssl=1&resize=350%2C200 1x, https:\/\/i0.wp.com\/antimuseum.com\/wp-content\/uploads\/2016\/02\/9054822495_83bb80f2b8_k.jpg?fit=1200%2C801&ssl=1&resize=525%2C300 1.5x, https:\/\/i0.wp.com\/antimuseum.com\/wp-content\/uploads\/2016\/02\/9054822495_83bb80f2b8_k.jpg?fit=1200%2C801&ssl=1&resize=700%2C400 2x, https:\/\/i0.wp.com\/antimuseum.com\/wp-content\/uploads\/2016\/02\/9054822495_83bb80f2b8_k.jpg?fit=1200%2C801&ssl=1&resize=1050%2C600 3x"},"classes":[]},{"id":2775,"url":"https:\/\/antimuseum.com\/en\/2016\/09\/30\/nostalgia-photography\/","url_meta":{"origin":1890,"position":4},"title":"Nostalgia Isn&#8217;t What It Used To Be","author":"Yann Gourvennec","date":"September 30, 2016","format":false,"excerpt":"Tonight\u2019s Friday Photo Challenge theme is nostalgia. I like the topic, even though I tend to find that there is a little bit too much of that around us at the moment, and not enough people trying to make the world a better place in the future, I must admit\u2026","rel":"","context":"In &quot;Photography&quot;","block_context":{"text":"Photography","link":"https:\/\/antimuseum.com\/en\/category\/photography\/"},"img":{"alt_text":"","src":"https:\/\/i0.wp.com\/antimuseum.com\/wp-content\/uploads\/2016\/09\/29296374354_51558bc51d_k.jpg?fit=801%2C1200&ssl=1&resize=350%2C200","width":350,"height":200,"srcset":"https:\/\/i0.wp.com\/antimuseum.com\/wp-content\/uploads\/2016\/09\/29296374354_51558bc51d_k.jpg?fit=801%2C1200&ssl=1&resize=350%2C200 1x, https:\/\/i0.wp.com\/antimuseum.com\/wp-content\/uploads\/2016\/09\/29296374354_51558bc51d_k.jpg?fit=801%2C1200&ssl=1&resize=525%2C300 1.5x, https:\/\/i0.wp.com\/antimuseum.com\/wp-content\/uploads\/2016\/09\/29296374354_51558bc51d_k.jpg?fit=801%2C1200&ssl=1&resize=700%2C400 2x"},"classes":[]},{"id":3585,"url":"https:\/\/antimuseum.com\/en\/2018\/06\/30\/gluten-party\/","url_meta":{"origin":1890,"position":5},"title":"Gluten Party","author":"Yann Gourvennec","date":"June 30, 2018","format":false,"excerpt":"I'm gluten intolerant, I can look at these, I can't eat them anymore. Gluten-free wine.","rel":"","context":"In &quot;Photography&quot;","block_context":{"text":"Photography","link":"https:\/\/antimuseum.com\/en\/category\/photography\/"},"img":{"alt_text":"","src":"https:\/\/i0.wp.com\/antimuseum.com\/wp-content\/uploads\/2018\/06\/41898795665_e23e24e03c_k.jpg?fit=1200%2C801&ssl=1&resize=350%2C200","width":350,"height":200,"srcset":"https:\/\/i0.wp.com\/antimuseum.com\/wp-content\/uploads\/2018\/06\/41898795665_e23e24e03c_k.jpg?fit=1200%2C801&ssl=1&resize=350%2C200 1x, https:\/\/i0.wp.com\/antimuseum.com\/wp-content\/uploads\/2018\/06\/41898795665_e23e24e03c_k.jpg?fit=1200%2C801&ssl=1&resize=525%2C300 1.5x, https:\/\/i0.wp.com\/antimuseum.com\/wp-content\/uploads\/2018\/06\/41898795665_e23e24e03c_k.jpg?fit=1200%2C801&ssl=1&resize=700%2C400 2x, https:\/\/i0.wp.com\/antimuseum.com\/wp-content\/uploads\/2018\/06\/41898795665_e23e24e03c_k.jpg?fit=1200%2C801&ssl=1&resize=1050%2C600 3x"},"classes":[]}],"_links":{"self":[{"href":"https:\/\/antimuseum.com\/en\/wp-json\/wp\/v2\/posts\/1890","targetHints":{"allow":["GET"]}}],"collection":[{"href":"https:\/\/antimuseum.com\/en\/wp-json\/wp\/v2\/posts"}],"about":[{"href":"https:\/\/antimuseum.com\/en\/wp-json\/wp\/v2\/types\/post"}],"author":[{"embeddable":true,"href":"https:\/\/antimuseum.com\/en\/wp-json\/wp\/v2\/users\/60439"}],"replies":[{"embeddable":true,"href":"https:\/\/antimuseum.com\/en\/wp-json\/wp\/v2\/comments?post=1890"}],"version-history":[{"count":3,"href":"https:\/\/antimuseum.com\/en\/wp-json\/wp\/v2\/posts\/1890\/revisions"}],"predecessor-version":[{"id":13606,"href":"https:\/\/antimuseum.com\/en\/wp-json\/wp\/v2\/posts\/1890\/revisions\/13606"}],"wp:attachment":[{"href":"https:\/\/antimuseum.com\/en\/wp-json\/wp\/v2\/media?parent=1890"}],"wp:term":[{"taxonomy":"category","embeddable":true,"href":"https:\/\/antimuseum.com\/en\/wp-json\/wp\/v2\/categories?post=1890"},{"taxonomy":"post_tag","embeddable":true,"href":"https:\/\/antimuseum.com\/en\/wp-json\/wp\/v2\/tags?post=1890"}],"curies":[{"name":"wp","href":"https:\/\/api.w.org\/{rel}","templated":true}]}}