{"id":2329,"date":"2015-04-24T17:50:45","date_gmt":"2015-04-24T17:50:45","guid":{"rendered":"https:\/\/antimuseum.com\/?p=2329"},"modified":"2023-07-06T11:11:41","modified_gmt":"2023-07-06T09:11:41","slug":"friday-photo-challenge-on-the-move","status":"publish","type":"post","link":"https:\/\/antimuseum.com\/en\/2015\/04\/24\/friday-photo-challenge-on-the-move\/","title":{"rendered":"Friday Photo Challenge On The Move"},"content":{"rendered":"<p><a title=\"View '15-stgeorges-9731.jpg' on Flickr.com\" href=\"https:\/\/www.flickr.com\/photos\/yag\/17049544347\"><img data-recalc-dims=\"1\" loading=\"lazy\" decoding=\"async\" style=\"display: block; margin-left: auto; margin-right: auto;\" title=\"15-stgeorges-9731.jpg\" src=\"https:\/\/i0.wp.com\/farm8.staticflickr.com\/7599\/17049544347_e1accb2074_b.jpg?resize=1000%2C662&#038;ssl=1\" alt=\"15-stgeorges-9731.jpg\" width=\"1000\" height=\"662\" border=\"0\" \/><\/a><\/p>\n<p><a href=\"https:\/\/dailypost.wordpress.com\/dp_photo_challenge\/motion\/\">Today\u2019s photo challenge is about motion<\/a>. Two days ago (that is right before I broke two of my toes by moving my desk to the other side of the office and dumping a huge weight on my foot!) <a href=\"https:\/\/www.google.fr\/maps\/place\/Visionary+Marketing\/@48.877098,2.335689,15z\/data=!4m2!3m1!1s0x0:0x22e46f8f6e3c9952?sa=X&amp;ei=z4A6VfeWPJON7AbokYCYBA&amp;ved=0CHwQ_BIwDg\">I was visiting the St Georges area around my office<\/a>. As I was fidgeting with my camera here came that man on a bicycle. I just had a chance to press the shutter release button and here he was. I think the man looks like Franklin Delano Roosevelt and is almost dressed like him too. Anyway he looked like a good chap and a perfect subject for <a href=\"https:\/\/dailypost.wordpress.com\/dp_photo_challenge\/motion\/\">today\u2019s challenge<\/a>.<\/p>\n","protected":false},"excerpt":{"rendered":"<p>Today\u2019s photo challenge is about motion. Two days ago (that is right before I broke two of my toes by moving my desk to the other side of the office and dumping a huge weight on my foot!) I was visiting the St Georges area around my office. As I was fidgeting with my camera [&hellip;]<\/p>\n","protected":false},"author":60439,"featured_media":14802,"comment_status":"open","ping_status":"open","sticky":false,"template":"","format":"standard","meta":{"_crdt_document":"","_jetpack_newsletter_access":"","_jetpack_dont_email_post_to_subs":false,"_jetpack_newsletter_tier_id":0,"_jetpack_memberships_contains_paywalled_content":false,"_jetpack_memberships_contains_paid_content":false,"footnotes":"","jetpack_publicize_message":"","jetpack_publicize_feature_enabled":true,"jetpack_social_post_already_shared":true,"jetpack_social_options":{"image_generator_settings":{"template":"dois","default_image_id":0,"font":"","enabled":false},"version":2},"_wpas_customize_per_network":false,"jetpack_post_was_ever_published":false},"categories":[3532810],"tags":[],"class_list":["post-2329","post","type-post","status-publish","format-standard","has-post-thumbnail","hentry","category-street-photography"],"blocksy_meta":[],"yoast_head":"<!-- This site is optimized with the Yoast SEO plugin v27.5 - https:\/\/yoast.com\/product\/yoast-seo-wordpress\/ -->\n<title>Friday Photo Challenge On The Move<\/title>\n<meta name=\"robots\" content=\"index, follow, max-snippet:-1, max-image-preview:large, max-video-preview:-1\" \/>\n<link rel=\"canonical\" href=\"https:\/\/antimuseum.com\/en\/2015\/04\/24\/friday-photo-challenge-on-the-move\/\" \/>\n<meta property=\"og:locale\" content=\"en_US\" \/>\n<meta property=\"og:type\" content=\"article\" \/>\n<meta property=\"og:title\" content=\"Friday Photo Challenge On The Move\" \/>\n<meta property=\"og:description\" content=\"Today\u2019s photo challenge is about motion. Two days ago (that is right before I broke two of my toes by moving my desk to the other side of the office and dumping a huge weight on my foot!) I was visiting the St Georges area around my office. As I was fidgeting with my camera [&hellip;]\" \/>\n<meta property=\"og:url\" content=\"https:\/\/antimuseum.com\/en\/2015\/04\/24\/friday-photo-challenge-on-the-move\/\" \/>\n<meta property=\"og:site_name\" content=\"Yann Gourvennec - Photography\" \/>\n<meta property=\"article:publisher\" content=\"https:\/\/www.facebook.com\/AntimuseumParis\/\" \/>\n<meta property=\"article:published_time\" content=\"2015-04-24T17:50:45+00:00\" \/>\n<meta property=\"article:modified_time\" content=\"2023-07-06T09:11:41+00:00\" \/>\n<meta property=\"og:image\" content=\"https:\/\/i0.wp.com\/antimuseum.com\/wp-content\/uploads\/2015\/04\/17049544347_019e3b9c28_k.jpg?fit=2000%2C1325&ssl=1\" \/>\n\t<meta property=\"og:image:width\" content=\"2000\" \/>\n\t<meta property=\"og:image:height\" content=\"1325\" \/>\n\t<meta property=\"og:image:type\" content=\"image\/jpeg\" \/>\n<meta name=\"author\" content=\"Yann Gourvennec\" \/>\n<meta name=\"twitter:card\" content=\"summary_large_image\" \/>\n<meta name=\"twitter:creator\" content=\"@ygourven\" \/>\n<meta name=\"twitter:site\" content=\"@ygourven\" \/>\n<meta name=\"twitter:label1\" content=\"Written by\" \/>\n\t<meta name=\"twitter:data1\" content=\"Yann Gourvennec\" \/>\n\t<meta name=\"twitter:label2\" content=\"Est. reading time\" \/>\n\t<meta name=\"twitter:data2\" content=\"1 minute\" \/>\n<script type=\"application\/ld+json\" class=\"yoast-schema-graph\">{\"@context\":\"https:\\\/\\\/schema.org\",\"@graph\":[{\"@type\":\"Article\",\"@id\":\"https:\\\/\\\/antimuseum.com\\\/en\\\/2015\\\/04\\\/24\\\/friday-photo-challenge-on-the-move\\\/#article\",\"isPartOf\":{\"@id\":\"https:\\\/\\\/antimuseum.com\\\/en\\\/2015\\\/04\\\/24\\\/friday-photo-challenge-on-the-move\\\/\"},\"author\":{\"name\":\"Yann Gourvennec\",\"@id\":\"https:\\\/\\\/antimuseum.com\\\/en\\\/#\\\/schema\\\/person\\\/545aaf6fc711850cd5dace4214985a98\"},\"headline\":\"Friday Photo Challenge On The Move\",\"datePublished\":\"2015-04-24T17:50:45+00:00\",\"dateModified\":\"2023-07-06T09:11:41+00:00\",\"mainEntityOfPage\":{\"@id\":\"https:\\\/\\\/antimuseum.com\\\/en\\\/2015\\\/04\\\/24\\\/friday-photo-challenge-on-the-move\\\/\"},\"wordCount\":115,\"commentCount\":14,\"publisher\":{\"@id\":\"https:\\\/\\\/antimuseum.com\\\/en\\\/#organization\"},\"image\":{\"@id\":\"https:\\\/\\\/antimuseum.com\\\/en\\\/2015\\\/04\\\/24\\\/friday-photo-challenge-on-the-move\\\/#primaryimage\"},\"thumbnailUrl\":\"https:\\\/\\\/i0.wp.com\\\/antimuseum.com\\\/wp-content\\\/uploads\\\/2015\\\/04\\\/17049544347_019e3b9c28_k.jpg?fit=2000%2C1325&ssl=1\",\"articleSection\":[\"Street Photography\"],\"inLanguage\":\"en-US\",\"potentialAction\":[{\"@type\":\"CommentAction\",\"name\":\"Comment\",\"target\":[\"https:\\\/\\\/antimuseum.com\\\/en\\\/2015\\\/04\\\/24\\\/friday-photo-challenge-on-the-move\\\/#respond\"]}]},{\"@type\":\"WebPage\",\"@id\":\"https:\\\/\\\/antimuseum.com\\\/en\\\/2015\\\/04\\\/24\\\/friday-photo-challenge-on-the-move\\\/\",\"url\":\"https:\\\/\\\/antimuseum.com\\\/en\\\/2015\\\/04\\\/24\\\/friday-photo-challenge-on-the-move\\\/\",\"name\":\"Friday Photo Challenge On The Move\",\"isPartOf\":{\"@id\":\"https:\\\/\\\/antimuseum.com\\\/en\\\/#website\"},\"primaryImageOfPage\":{\"@id\":\"https:\\\/\\\/antimuseum.com\\\/en\\\/2015\\\/04\\\/24\\\/friday-photo-challenge-on-the-move\\\/#primaryimage\"},\"image\":{\"@id\":\"https:\\\/\\\/antimuseum.com\\\/en\\\/2015\\\/04\\\/24\\\/friday-photo-challenge-on-the-move\\\/#primaryimage\"},\"thumbnailUrl\":\"https:\\\/\\\/i0.wp.com\\\/antimuseum.com\\\/wp-content\\\/uploads\\\/2015\\\/04\\\/17049544347_019e3b9c28_k.jpg?fit=2000%2C1325&ssl=1\",\"datePublished\":\"2015-04-24T17:50:45+00:00\",\"dateModified\":\"2023-07-06T09:11:41+00:00\",\"breadcrumb\":{\"@id\":\"https:\\\/\\\/antimuseum.com\\\/en\\\/2015\\\/04\\\/24\\\/friday-photo-challenge-on-the-move\\\/#breadcrumb\"},\"inLanguage\":\"en-US\",\"potentialAction\":[{\"@type\":\"ReadAction\",\"target\":[\"https:\\\/\\\/antimuseum.com\\\/en\\\/2015\\\/04\\\/24\\\/friday-photo-challenge-on-the-move\\\/\"]}]},{\"@type\":\"ImageObject\",\"inLanguage\":\"en-US\",\"@id\":\"https:\\\/\\\/antimuseum.com\\\/en\\\/2015\\\/04\\\/24\\\/friday-photo-challenge-on-the-move\\\/#primaryimage\",\"url\":\"https:\\\/\\\/i0.wp.com\\\/antimuseum.com\\\/wp-content\\\/uploads\\\/2015\\\/04\\\/17049544347_019e3b9c28_k.jpg?fit=2000%2C1325&ssl=1\",\"contentUrl\":\"https:\\\/\\\/i0.wp.com\\\/antimuseum.com\\\/wp-content\\\/uploads\\\/2015\\\/04\\\/17049544347_019e3b9c28_k.jpg?fit=2000%2C1325&ssl=1\",\"width\":2000,\"height\":1325},{\"@type\":\"BreadcrumbList\",\"@id\":\"https:\\\/\\\/antimuseum.com\\\/en\\\/2015\\\/04\\\/24\\\/friday-photo-challenge-on-the-move\\\/#breadcrumb\",\"itemListElement\":[{\"@type\":\"ListItem\",\"position\":1,\"name\":\"Home\",\"item\":\"https:\\\/\\\/antimuseum.com\\\/en\\\/photographe-portrait-entreprise-paris\\\/\"},{\"@type\":\"ListItem\",\"position\":2,\"name\":\"Friday Photo Challenge On The Move\"}]},{\"@type\":\"WebSite\",\"@id\":\"https:\\\/\\\/antimuseum.com\\\/en\\\/#website\",\"url\":\"https:\\\/\\\/antimuseum.com\\\/en\\\/\",\"name\":\"The Antimuseum in Paris (and beyond)\",\"description\":\"The Antimuseum in Paris (and beyond)\",\"publisher\":{\"@id\":\"https:\\\/\\\/antimuseum.com\\\/en\\\/#organization\"},\"alternateName\":\"anti-museum in Paris\",\"potentialAction\":[{\"@type\":\"SearchAction\",\"target\":{\"@type\":\"EntryPoint\",\"urlTemplate\":\"https:\\\/\\\/antimuseum.com\\\/en\\\/?s={search_term_string}\"},\"query-input\":{\"@type\":\"PropertyValueSpecification\",\"valueRequired\":true,\"valueName\":\"search_term_string\"}}],\"inLanguage\":\"en-US\"},{\"@type\":\"Organization\",\"@id\":\"https:\\\/\\\/antimuseum.com\\\/en\\\/#organization\",\"name\":\"The Antimuseum in Paris (and beyond)\",\"url\":\"https:\\\/\\\/antimuseum.com\\\/en\\\/\",\"logo\":{\"@type\":\"ImageObject\",\"inLanguage\":\"en-US\",\"@id\":\"https:\\\/\\\/antimuseum.com\\\/en\\\/#\\\/schema\\\/logo\\\/image\\\/\",\"url\":\"https:\\\/\\\/antimuseum.com\\\/wp-content\\\/uploads\\\/2021\\\/01\\\/antimuseum-logo-1-2-e1610813225740.png\",\"contentUrl\":\"https:\\\/\\\/antimuseum.com\\\/wp-content\\\/uploads\\\/2021\\\/01\\\/antimuseum-logo-1-2-e1610813225740.png\",\"width\":1487,\"height\":692,\"caption\":\"The Antimuseum in Paris (and beyond)\"},\"image\":{\"@id\":\"https:\\\/\\\/antimuseum.com\\\/en\\\/#\\\/schema\\\/logo\\\/image\\\/\"},\"sameAs\":[\"https:\\\/\\\/www.facebook.com\\\/AntimuseumParis\\\/\",\"https:\\\/\\\/x.com\\\/ygourven\"]},{\"@type\":\"Person\",\"@id\":\"https:\\\/\\\/antimuseum.com\\\/en\\\/#\\\/schema\\\/person\\\/545aaf6fc711850cd5dace4214985a98\",\"name\":\"Yann Gourvennec\",\"image\":{\"@type\":\"ImageObject\",\"inLanguage\":\"en-US\",\"@id\":\"https:\\\/\\\/secure.gravatar.com\\\/avatar\\\/d6cd451b8e0fc3c089b819830933d0a38a14de90e62c0dfdbf7feeb7bf00510e?s=96&d=identicon&r=g\",\"url\":\"https:\\\/\\\/secure.gravatar.com\\\/avatar\\\/d6cd451b8e0fc3c089b819830933d0a38a14de90e62c0dfdbf7feeb7bf00510e?s=96&d=identicon&r=g\",\"contentUrl\":\"https:\\\/\\\/secure.gravatar.com\\\/avatar\\\/d6cd451b8e0fc3c089b819830933d0a38a14de90e62c0dfdbf7feeb7bf00510e?s=96&d=identicon&r=g\",\"caption\":\"Yann Gourvennec\"},\"description\":\"I'm a photographer and watercolourist. I have practiced photography since childhood and digital photography since 1995. I turned it into my main occupation in 2021. I own a photo studio in Paris, France. ------------ Je suis photographe et aquarelliste. Je pratique la photographie depuis l'enfance et la photographie num\u00e9rique depuis 1995. J'en ai fait mon activit\u00e9 principale en 2021. Je poss\u00e8de un studio photo dans le 15e arrondissement de Paris\",\"sameAs\":[\"https:\\\/\\\/visionarymarketing.com\"],\"url\":\"https:\\\/\\\/antimuseum.com\\\/en\\\/author\\\/visionarymarketing\\\/\"}]}<\/script>\n<!-- \/ Yoast SEO plugin. -->","yoast_head_json":{"title":"Friday Photo Challenge On The Move","robots":{"index":"index","follow":"follow","max-snippet":"max-snippet:-1","max-image-preview":"max-image-preview:large","max-video-preview":"max-video-preview:-1"},"canonical":"https:\/\/antimuseum.com\/en\/2015\/04\/24\/friday-photo-challenge-on-the-move\/","og_locale":"en_US","og_type":"article","og_title":"Friday Photo Challenge On The Move","og_description":"Today\u2019s photo challenge is about motion. Two days ago (that is right before I broke two of my toes by moving my desk to the other side of the office and dumping a huge weight on my foot!) I was visiting the St Georges area around my office. As I was fidgeting with my camera [&hellip;]","og_url":"https:\/\/antimuseum.com\/en\/2015\/04\/24\/friday-photo-challenge-on-the-move\/","og_site_name":"Yann Gourvennec - Photography","article_publisher":"https:\/\/www.facebook.com\/AntimuseumParis\/","article_published_time":"2015-04-24T17:50:45+00:00","article_modified_time":"2023-07-06T09:11:41+00:00","og_image":[{"width":2000,"height":1325,"url":"https:\/\/i0.wp.com\/antimuseum.com\/wp-content\/uploads\/2015\/04\/17049544347_019e3b9c28_k.jpg?fit=2000%2C1325&ssl=1","type":"image\/jpeg"}],"author":"Yann Gourvennec","twitter_card":"summary_large_image","twitter_creator":"@ygourven","twitter_site":"@ygourven","twitter_misc":{"Written by":"Yann Gourvennec","Est. reading time":"1 minute"},"schema":{"@context":"https:\/\/schema.org","@graph":[{"@type":"Article","@id":"https:\/\/antimuseum.com\/en\/2015\/04\/24\/friday-photo-challenge-on-the-move\/#article","isPartOf":{"@id":"https:\/\/antimuseum.com\/en\/2015\/04\/24\/friday-photo-challenge-on-the-move\/"},"author":{"name":"Yann Gourvennec","@id":"https:\/\/antimuseum.com\/en\/#\/schema\/person\/545aaf6fc711850cd5dace4214985a98"},"headline":"Friday Photo Challenge On The Move","datePublished":"2015-04-24T17:50:45+00:00","dateModified":"2023-07-06T09:11:41+00:00","mainEntityOfPage":{"@id":"https:\/\/antimuseum.com\/en\/2015\/04\/24\/friday-photo-challenge-on-the-move\/"},"wordCount":115,"commentCount":14,"publisher":{"@id":"https:\/\/antimuseum.com\/en\/#organization"},"image":{"@id":"https:\/\/antimuseum.com\/en\/2015\/04\/24\/friday-photo-challenge-on-the-move\/#primaryimage"},"thumbnailUrl":"https:\/\/i0.wp.com\/antimuseum.com\/wp-content\/uploads\/2015\/04\/17049544347_019e3b9c28_k.jpg?fit=2000%2C1325&ssl=1","articleSection":["Street Photography"],"inLanguage":"en-US","potentialAction":[{"@type":"CommentAction","name":"Comment","target":["https:\/\/antimuseum.com\/en\/2015\/04\/24\/friday-photo-challenge-on-the-move\/#respond"]}]},{"@type":"WebPage","@id":"https:\/\/antimuseum.com\/en\/2015\/04\/24\/friday-photo-challenge-on-the-move\/","url":"https:\/\/antimuseum.com\/en\/2015\/04\/24\/friday-photo-challenge-on-the-move\/","name":"Friday Photo Challenge On The Move","isPartOf":{"@id":"https:\/\/antimuseum.com\/en\/#website"},"primaryImageOfPage":{"@id":"https:\/\/antimuseum.com\/en\/2015\/04\/24\/friday-photo-challenge-on-the-move\/#primaryimage"},"image":{"@id":"https:\/\/antimuseum.com\/en\/2015\/04\/24\/friday-photo-challenge-on-the-move\/#primaryimage"},"thumbnailUrl":"https:\/\/i0.wp.com\/antimuseum.com\/wp-content\/uploads\/2015\/04\/17049544347_019e3b9c28_k.jpg?fit=2000%2C1325&ssl=1","datePublished":"2015-04-24T17:50:45+00:00","dateModified":"2023-07-06T09:11:41+00:00","breadcrumb":{"@id":"https:\/\/antimuseum.com\/en\/2015\/04\/24\/friday-photo-challenge-on-the-move\/#breadcrumb"},"inLanguage":"en-US","potentialAction":[{"@type":"ReadAction","target":["https:\/\/antimuseum.com\/en\/2015\/04\/24\/friday-photo-challenge-on-the-move\/"]}]},{"@type":"ImageObject","inLanguage":"en-US","@id":"https:\/\/antimuseum.com\/en\/2015\/04\/24\/friday-photo-challenge-on-the-move\/#primaryimage","url":"https:\/\/i0.wp.com\/antimuseum.com\/wp-content\/uploads\/2015\/04\/17049544347_019e3b9c28_k.jpg?fit=2000%2C1325&ssl=1","contentUrl":"https:\/\/i0.wp.com\/antimuseum.com\/wp-content\/uploads\/2015\/04\/17049544347_019e3b9c28_k.jpg?fit=2000%2C1325&ssl=1","width":2000,"height":1325},{"@type":"BreadcrumbList","@id":"https:\/\/antimuseum.com\/en\/2015\/04\/24\/friday-photo-challenge-on-the-move\/#breadcrumb","itemListElement":[{"@type":"ListItem","position":1,"name":"Home","item":"https:\/\/antimuseum.com\/en\/photographe-portrait-entreprise-paris\/"},{"@type":"ListItem","position":2,"name":"Friday Photo Challenge On The Move"}]},{"@type":"WebSite","@id":"https:\/\/antimuseum.com\/en\/#website","url":"https:\/\/antimuseum.com\/en\/","name":"The Antimuseum in Paris (and beyond)","description":"The Antimuseum in Paris (and beyond)","publisher":{"@id":"https:\/\/antimuseum.com\/en\/#organization"},"alternateName":"anti-museum in Paris","potentialAction":[{"@type":"SearchAction","target":{"@type":"EntryPoint","urlTemplate":"https:\/\/antimuseum.com\/en\/?s={search_term_string}"},"query-input":{"@type":"PropertyValueSpecification","valueRequired":true,"valueName":"search_term_string"}}],"inLanguage":"en-US"},{"@type":"Organization","@id":"https:\/\/antimuseum.com\/en\/#organization","name":"The Antimuseum in Paris (and beyond)","url":"https:\/\/antimuseum.com\/en\/","logo":{"@type":"ImageObject","inLanguage":"en-US","@id":"https:\/\/antimuseum.com\/en\/#\/schema\/logo\/image\/","url":"https:\/\/antimuseum.com\/wp-content\/uploads\/2021\/01\/antimuseum-logo-1-2-e1610813225740.png","contentUrl":"https:\/\/antimuseum.com\/wp-content\/uploads\/2021\/01\/antimuseum-logo-1-2-e1610813225740.png","width":1487,"height":692,"caption":"The Antimuseum in Paris (and beyond)"},"image":{"@id":"https:\/\/antimuseum.com\/en\/#\/schema\/logo\/image\/"},"sameAs":["https:\/\/www.facebook.com\/AntimuseumParis\/","https:\/\/x.com\/ygourven"]},{"@type":"Person","@id":"https:\/\/antimuseum.com\/en\/#\/schema\/person\/545aaf6fc711850cd5dace4214985a98","name":"Yann Gourvennec","image":{"@type":"ImageObject","inLanguage":"en-US","@id":"https:\/\/secure.gravatar.com\/avatar\/d6cd451b8e0fc3c089b819830933d0a38a14de90e62c0dfdbf7feeb7bf00510e?s=96&d=identicon&r=g","url":"https:\/\/secure.gravatar.com\/avatar\/d6cd451b8e0fc3c089b819830933d0a38a14de90e62c0dfdbf7feeb7bf00510e?s=96&d=identicon&r=g","contentUrl":"https:\/\/secure.gravatar.com\/avatar\/d6cd451b8e0fc3c089b819830933d0a38a14de90e62c0dfdbf7feeb7bf00510e?s=96&d=identicon&r=g","caption":"Yann Gourvennec"},"description":"I'm a photographer and watercolourist. I have practiced photography since childhood and digital photography since 1995. I turned it into my main occupation in 2021. I own a photo studio in Paris, France. ------------ Je suis photographe et aquarelliste. Je pratique la photographie depuis l'enfance et la photographie num\u00e9rique depuis 1995. J'en ai fait mon activit\u00e9 principale en 2021. Je poss\u00e8de un studio photo dans le 15e arrondissement de Paris","sameAs":["https:\/\/visionarymarketing.com"],"url":"https:\/\/antimuseum.com\/en\/author\/visionarymarketing\/"}]}},"jetpack_publicize_connections":[],"jetpack_featured_media_url":"https:\/\/i0.wp.com\/antimuseum.com\/wp-content\/uploads\/2015\/04\/17049544347_019e3b9c28_k.jpg?fit=2000%2C1325&ssl=1","jetpack_likes_enabled":true,"jetpack_sharing_enabled":true,"jetpack_shortlink":"https:\/\/wp.me\/p1bww-Bz","jetpack-related-posts":[{"id":2718,"url":"https:\/\/antimuseum.com\/en\/2016\/08\/23\/rare-photo-challenge\/","url_meta":{"origin":2329,"position":0},"title":"Rare Is the Challenge","author":"Yann Gourvennec","date":"August 23, 2016","format":false,"excerpt":"Rare was last Friday\u2019s challenge but I was so busy working trying to catch up for lost time that I forgot to post my weekly blog piece, so here it is is. We spent two weeks vacationing in the Pacific North West and all along I was searching for pictures\u2026","rel":"","context":"In &quot;Photography&quot;","block_context":{"text":"Photography","link":"https:\/\/antimuseum.com\/en\/category\/photography\/"},"img":{"alt_text":"","src":"https:\/\/i0.wp.com\/antimuseum.com\/wp-content\/uploads\/2016\/08\/28999071455_7d36521d5c_k.jpg?fit=1200%2C801&ssl=1&resize=350%2C200","width":350,"height":200,"srcset":"https:\/\/i0.wp.com\/antimuseum.com\/wp-content\/uploads\/2016\/08\/28999071455_7d36521d5c_k.jpg?fit=1200%2C801&ssl=1&resize=350%2C200 1x, https:\/\/i0.wp.com\/antimuseum.com\/wp-content\/uploads\/2016\/08\/28999071455_7d36521d5c_k.jpg?fit=1200%2C801&ssl=1&resize=525%2C300 1.5x, https:\/\/i0.wp.com\/antimuseum.com\/wp-content\/uploads\/2016\/08\/28999071455_7d36521d5c_k.jpg?fit=1200%2C801&ssl=1&resize=700%2C400 2x, https:\/\/i0.wp.com\/antimuseum.com\/wp-content\/uploads\/2016\/08\/28999071455_7d36521d5c_k.jpg?fit=1200%2C801&ssl=1&resize=1050%2C600 3x"},"classes":[]},{"id":2509,"url":"https:\/\/antimuseum.com\/en\/2015\/10\/30\/treat-and-no-tricks\/","url_meta":{"origin":2329,"position":1},"title":"Treat and no tricks","author":"Yann Gourvennec","date":"October 30, 2015","format":false,"excerpt":"Today's photo challenge is about treat. So today's photo is a picture taken with my iPhone when I last went to Prague. I don't drink often, but I like a beer every now and then and especially dark beer. So here we go, here was my treat, during this visit\u2026","rel":"","context":"In &quot;Photography&quot;","block_context":{"text":"Photography","link":"https:\/\/antimuseum.com\/en\/category\/photography\/"},"img":{"alt_text":"","src":"https:\/\/i0.wp.com\/antimuseum.com\/wp-content\/uploads\/2015\/10\/img_0762.jpg?resize=350%2C200&ssl=1","width":350,"height":200,"srcset":"https:\/\/i0.wp.com\/antimuseum.com\/wp-content\/uploads\/2015\/10\/img_0762.jpg?resize=350%2C200&ssl=1 1x, https:\/\/i0.wp.com\/antimuseum.com\/wp-content\/uploads\/2015\/10\/img_0762.jpg?resize=525%2C300&ssl=1 1.5x, https:\/\/i0.wp.com\/antimuseum.com\/wp-content\/uploads\/2015\/10\/img_0762.jpg?resize=700%2C400&ssl=1 2x, https:\/\/i0.wp.com\/antimuseum.com\/wp-content\/uploads\/2015\/10\/img_0762.jpg?resize=1050%2C600&ssl=1 3x, https:\/\/i0.wp.com\/antimuseum.com\/wp-content\/uploads\/2015\/10\/img_0762.jpg?resize=1400%2C800&ssl=1 4x"},"classes":[]},{"id":2403,"url":"https:\/\/antimuseum.com\/en\/2015\/06\/13\/off-season-photo-challenge\/","url_meta":{"origin":2329,"position":2},"title":"Off-Season Photo Challenge","author":"Yann Gourvennec","date":"June 13, 2015","format":false,"excerpt":"I love Normandy. Yet, off-season over there is a bit of an all-year round thing. A wee bit like Summer in Scotland. Well, frankly, it\u2019s hadly any better than Scotland, but it is a beautiful area too. So when we set foot in Orbec on July 14th, 2011 (Bastille Day),\u2026","rel":"","context":"In &quot;Photography&quot;","block_context":{"text":"Photography","link":"https:\/\/antimuseum.com\/en\/category\/photography\/"},"img":{"alt_text":"","src":"https:\/\/i0.wp.com\/antimuseum.com\/wp-content\/uploads\/2015\/06\/dsc_16661.jpg?fit=397%2C600&ssl=1&resize=350%2C200","width":350,"height":200},"classes":[]},{"id":2994,"url":"https:\/\/antimuseum.com\/en\/2017\/04\/30\/wanderlust\/","url_meta":{"origin":2329,"position":3},"title":"Wanderlust","author":"Yann Gourvennec","date":"April 30, 2017","format":false,"excerpt":"I feel bad because David\u2019s challenge was about Wanderlust and you are meant to be travelling like mad, and sure I did a lot of that in the past. But since I became an entrepreneur, the furthest I go is the end of metro line 6 and as it goes\u2026","rel":"","context":"In &quot;Photography&quot;","block_context":{"text":"Photography","link":"https:\/\/antimuseum.com\/en\/category\/photography\/"},"img":{"alt_text":"","src":"https:\/\/i0.wp.com\/antimuseum.com\/wp-content\/uploads\/2017\/04\/18497841239_1a9047fcc8_k.jpg?fit=1200%2C801&ssl=1&resize=350%2C200","width":350,"height":200,"srcset":"https:\/\/i0.wp.com\/antimuseum.com\/wp-content\/uploads\/2017\/04\/18497841239_1a9047fcc8_k.jpg?fit=1200%2C801&ssl=1&resize=350%2C200 1x, https:\/\/i0.wp.com\/antimuseum.com\/wp-content\/uploads\/2017\/04\/18497841239_1a9047fcc8_k.jpg?fit=1200%2C801&ssl=1&resize=525%2C300 1.5x, https:\/\/i0.wp.com\/antimuseum.com\/wp-content\/uploads\/2017\/04\/18497841239_1a9047fcc8_k.jpg?fit=1200%2C801&ssl=1&resize=700%2C400 2x, https:\/\/i0.wp.com\/antimuseum.com\/wp-content\/uploads\/2017\/04\/18497841239_1a9047fcc8_k.jpg?fit=1200%2C801&ssl=1&resize=1050%2C600 3x"},"classes":[]},{"id":11256,"url":"https:\/\/antimuseum.com\/en\/2024\/03\/31\/yann-gourvennec-photography\/","url_meta":{"origin":2329,"position":4},"title":"My least-hated favourite pictures on Flickr","author":"Yann Gourvennec","date":"March 31, 2024","format":false,"excerpt":"Beauty, it is said, is in the eyes of the beholder. I started collecting a list of my most liked pictures on Flickr and the result is not what I was expecting. When I compare it to my own favourite list of pictures on my Flickr profile page, I realise\u2026","rel":"","context":"In &quot;Photography&quot;","block_context":{"text":"Photography","link":"https:\/\/antimuseum.com\/en\/category\/photography\/"},"img":{"alt_text":"Yann Gourvennec photography","src":"https:\/\/i0.wp.com\/antimuseum.com\/wp-content\/uploads\/2022\/11\/49793289631_105c565d78_k.jpg?fit=1200%2C801&ssl=1&resize=350%2C200","width":350,"height":200,"srcset":"https:\/\/i0.wp.com\/antimuseum.com\/wp-content\/uploads\/2022\/11\/49793289631_105c565d78_k.jpg?fit=1200%2C801&ssl=1&resize=350%2C200 1x, https:\/\/i0.wp.com\/antimuseum.com\/wp-content\/uploads\/2022\/11\/49793289631_105c565d78_k.jpg?fit=1200%2C801&ssl=1&resize=525%2C300 1.5x, https:\/\/i0.wp.com\/antimuseum.com\/wp-content\/uploads\/2022\/11\/49793289631_105c565d78_k.jpg?fit=1200%2C801&ssl=1&resize=700%2C400 2x, https:\/\/i0.wp.com\/antimuseum.com\/wp-content\/uploads\/2022\/11\/49793289631_105c565d78_k.jpg?fit=1200%2C801&ssl=1&resize=1050%2C600 3x"},"classes":[]},{"id":3093,"url":"https:\/\/antimuseum.com\/en\/2017\/07\/08\/paris-bridges\/","url_meta":{"origin":2329,"position":5},"title":"The 37 Bridges of Paris","author":"Yann Gourvennec","date":"July 8, 2017","format":false,"excerpt":"Today\u2019s challenge is \u201cbridge\u201d. A nice one indeed. There are 37 bridges in Paris. Bridges always make for nice pictures but they tend to be very difficult to capture.","rel":"","context":"In &quot;Architecture Photos&quot;","block_context":{"text":"Architecture Photos","link":"https:\/\/antimuseum.com\/en\/category\/photography\/architecture-photography\/"},"img":{"alt_text":"","src":"https:\/\/i0.wp.com\/antimuseum.com\/wp-content\/uploads\/2017\/07\/27890054565_16b58e8534_k.jpg?fit=1200%2C779&ssl=1&resize=350%2C200","width":350,"height":200,"srcset":"https:\/\/i0.wp.com\/antimuseum.com\/wp-content\/uploads\/2017\/07\/27890054565_16b58e8534_k.jpg?fit=1200%2C779&ssl=1&resize=350%2C200 1x, https:\/\/i0.wp.com\/antimuseum.com\/wp-content\/uploads\/2017\/07\/27890054565_16b58e8534_k.jpg?fit=1200%2C779&ssl=1&resize=525%2C300 1.5x, https:\/\/i0.wp.com\/antimuseum.com\/wp-content\/uploads\/2017\/07\/27890054565_16b58e8534_k.jpg?fit=1200%2C779&ssl=1&resize=700%2C400 2x, https:\/\/i0.wp.com\/antimuseum.com\/wp-content\/uploads\/2017\/07\/27890054565_16b58e8534_k.jpg?fit=1200%2C779&ssl=1&resize=1050%2C600 3x"},"classes":[]}],"_links":{"self":[{"href":"https:\/\/antimuseum.com\/en\/wp-json\/wp\/v2\/posts\/2329","targetHints":{"allow":["GET"]}}],"collection":[{"href":"https:\/\/antimuseum.com\/en\/wp-json\/wp\/v2\/posts"}],"about":[{"href":"https:\/\/antimuseum.com\/en\/wp-json\/wp\/v2\/types\/post"}],"author":[{"embeddable":true,"href":"https:\/\/antimuseum.com\/en\/wp-json\/wp\/v2\/users\/60439"}],"replies":[{"embeddable":true,"href":"https:\/\/antimuseum.com\/en\/wp-json\/wp\/v2\/comments?post=2329"}],"version-history":[{"count":2,"href":"https:\/\/antimuseum.com\/en\/wp-json\/wp\/v2\/posts\/2329\/revisions"}],"predecessor-version":[{"id":14804,"href":"https:\/\/antimuseum.com\/en\/wp-json\/wp\/v2\/posts\/2329\/revisions\/14804"}],"wp:featuredmedia":[{"embeddable":true,"href":"https:\/\/antimuseum.com\/en\/wp-json\/wp\/v2\/media\/14802"}],"wp:attachment":[{"href":"https:\/\/antimuseum.com\/en\/wp-json\/wp\/v2\/media?parent=2329"}],"wp:term":[{"taxonomy":"category","embeddable":true,"href":"https:\/\/antimuseum.com\/en\/wp-json\/wp\/v2\/categories?post=2329"},{"taxonomy":"post_tag","embeddable":true,"href":"https:\/\/antimuseum.com\/en\/wp-json\/wp\/v2\/tags?post=2329"}],"curies":[{"name":"wp","href":"https:\/\/api.w.org\/{rel}","templated":true}]}}