{"id":2775,"date":"2016-09-30T18:51:45","date_gmt":"2016-09-30T18:51:45","guid":{"rendered":"https:\/\/antimuseum.com\/?p=2775"},"modified":"2023-07-05T16:37:15","modified_gmt":"2023-07-05T14:37:15","slug":"nostalgia-photography","status":"publish","type":"post","link":"https:\/\/antimuseum.com\/en\/2016\/09\/30\/nostalgia-photography\/","title":{"rendered":"Nostalgia Isn&#8217;t What It Used To Be"},"content":{"rendered":"<p><a title=\"View 'Grisy Les Pl\u00e2tres - Vexin - France' on Flickr.com\" href=\"https:\/\/www.flickr.com\/photos\/yag\/29296374354\"><img data-recalc-dims=\"1\" loading=\"lazy\" decoding=\"async\" style=\"display: block; margin-left: auto; margin-right: auto;\" title=\"Grisy Les Pl\u00e2tres - Vexin - France\" src=\"https:\/\/i0.wp.com\/farm9.staticflickr.com\/8325\/29296374354_770c59d123_b.jpg?resize=683%2C1024&#038;ssl=1\" alt=\"Grisy Les Pl\u00e2tres - Vexin - France\" width=\"683\" height=\"1024\" border=\"0\" \/><\/a><\/p>\n<p><a href=\"https:\/\/dailypost.wordpress.com\/photo-challenges\/nostalgia\/\">Tonight\u2019s Friday Photo Challenge theme is<\/a> nostalgia. I like the topic, even though I tend to find that there is a little bit too much of that around us at the moment, and not enough people trying to make the world a better place in the future, I must admit that certain things I see appeal to me and make me think of things I used to be familiar with and I miss here and now. Like the country crosses. In Brittany, we call them &#8220;<a href=\"https:\/\/www.google.fr\/search?q=calvary&amp;espv=2&amp;biw=1280&amp;bih=861&amp;source=lnms&amp;tbm=isch&amp;sa=X&amp;ved=0ahUKEwjb4Y_23rfPAhVhBsAKHfCFC-4Q_AUIBigB#tbm=isch&amp;q=calvary+brittany\">calvaries<\/a>&#8220;. But here, around the Capital City, they are much simpler like the one above in Grisy les Pl\u00e2tres, NW of Paris. Barely 28 miles from the centre of one of the largest metropoles of this world, it\u2019s hard to imagine on can still find remnants of these olden days.<\/p>\n<p><a title=\"View 'Petite Ceinture' on Flickr.com\" href=\"https:\/\/www.flickr.com\/photos\/yag\/29139568754\"><img data-recalc-dims=\"1\" loading=\"lazy\" decoding=\"async\" style=\"display: block; margin-left: auto; margin-right: auto;\" title=\"Petite Ceinture\" src=\"https:\/\/i0.wp.com\/farm9.staticflickr.com\/8114\/29139568754_cdd711aa47_b.jpg?resize=683%2C1024&#038;ssl=1\" alt=\"Petite Ceinture\" width=\"683\" height=\"1024\" border=\"0\" \/><\/a><\/p>\n<p>Even here in the City, one can still find traces\u00a0of the old town when people could design proper lighting. The shot is a good comparison between the old and the new.<\/p>\n<p><a title=\"View '16-seattle-14082016-4771.jpg' on Flickr.com\" href=\"https:\/\/www.flickr.com\/photos\/yag\/28999063595\"><img data-recalc-dims=\"1\" loading=\"lazy\" decoding=\"async\" style=\"display: block; margin-left: auto; margin-right: auto;\" title=\"16-seattle-14082016-4771.jpg\" src=\"https:\/\/i0.wp.com\/farm9.staticflickr.com\/8103\/28999063595_fdc601d97a_c.jpg?resize=800%2C534&#038;ssl=1\" alt=\"16-seattle-14082016-4771.jpg\" width=\"800\" height=\"534\" border=\"0\" \/><\/a><\/p>\n<p>Much further away, in the Pacific NW, a 1930s gas (petrol) pump. Even in the new world, one can find nostalgia. Nostalgia everywhere I tell you.<\/p>\n<p><a title=\"View '16-auneuil-14072016-4058.jpg' on Flickr.com\" href=\"https:\/\/www.flickr.com\/photos\/yag\/28354587284\"><img data-recalc-dims=\"1\" loading=\"lazy\" decoding=\"async\" style=\"display: block; margin-left: auto; margin-right: auto;\" title=\"16-auneuil-14072016-4058.jpg\" src=\"https:\/\/i0.wp.com\/farm9.staticflickr.com\/8893\/28354587284_89112678d3_c.jpg?resize=800%2C534&#038;ssl=1\" alt=\"16-auneuil-14072016-4058.jpg\" width=\"800\" height=\"534\" border=\"0\" \/><\/a><\/p>\n<p>Here\u2019s one of my preferred one, probably not the best shot but a nice memory of a greenhouse turned into a gallery in Gerberoy. The location of <a href=\"http:\/\/www.lesjardinshenrilesidaner.com\/\">Painter Henri Le Sidaner\u2019s beautiful house<\/a>\u00a0and gardens. Now, that is nostalgia for you. 7 years to the day that I haven\u2019t touched my brushes and I\u2019m so longing for more time to paint. This will, undoubtedly, come one day. Let\u2019s be hopeful and ditch Nostalgia for a while.<\/p>\n","protected":false},"excerpt":{"rendered":"<p>Tonight\u2019s Friday Photo Challenge theme is nostalgia. I like the topic, even though I tend to find that there is a little bit too much of that around us at the moment, and not enough people trying to make the world a better place in the future, I must admit that certain things I see [&hellip;]<\/p>\n","protected":false},"author":60439,"featured_media":14530,"comment_status":"open","ping_status":"open","sticky":false,"template":"","format":"standard","meta":{"_crdt_document":"","_jetpack_newsletter_access":"","_jetpack_dont_email_post_to_subs":false,"_jetpack_newsletter_tier_id":0,"_jetpack_memberships_contains_paywalled_content":false,"_jetpack_memberships_contains_paid_content":false,"footnotes":"","jetpack_publicize_message":"","jetpack_publicize_feature_enabled":true,"jetpack_social_post_already_shared":false,"jetpack_social_options":{"image_generator_settings":{"template":"dois","default_image_id":0,"font":"","enabled":false},"version":2},"_wpas_customize_per_network":false,"jetpack_post_was_ever_published":false},"categories":[436],"tags":[],"class_list":["post-2775","post","type-post","status-publish","format-standard","has-post-thumbnail","hentry","category-photography"],"blocksy_meta":[],"yoast_head":"<!-- This site is optimized with the Yoast SEO plugin v27.5 - https:\/\/yoast.com\/product\/yoast-seo-wordpress\/ -->\n<title>Nostalgia Isn&#039;t What It Used To Be<\/title>\n<meta name=\"robots\" content=\"index, follow, max-snippet:-1, max-image-preview:large, max-video-preview:-1\" \/>\n<link rel=\"canonical\" href=\"https:\/\/antimuseum.com\/en\/2016\/09\/30\/nostalgia-photography\/\" \/>\n<meta property=\"og:locale\" content=\"en_US\" \/>\n<meta property=\"og:type\" content=\"article\" \/>\n<meta property=\"og:title\" content=\"Nostalgia Isn&#039;t What It Used To Be\" \/>\n<meta property=\"og:description\" content=\"Tonight\u2019s Friday Photo Challenge theme is nostalgia. I like the topic, even though I tend to find that there is a little bit too much of that around us at the moment, and not enough people trying to make the world a better place in the future, I must admit that certain things I see [&hellip;]\" \/>\n<meta property=\"og:url\" content=\"https:\/\/antimuseum.com\/en\/2016\/09\/30\/nostalgia-photography\/\" \/>\n<meta property=\"og:site_name\" content=\"Yann Gourvennec - Photography\" \/>\n<meta property=\"article:publisher\" content=\"https:\/\/www.facebook.com\/AntimuseumParis\/\" \/>\n<meta property=\"article:published_time\" content=\"2016-09-30T18:51:45+00:00\" \/>\n<meta property=\"article:modified_time\" content=\"2023-07-05T14:37:15+00:00\" \/>\n<meta property=\"og:image\" content=\"https:\/\/i0.wp.com\/antimuseum.com\/wp-content\/uploads\/2016\/09\/29296374354_51558bc51d_k.jpg?fit=1367%2C2048&ssl=1\" \/>\n\t<meta property=\"og:image:width\" content=\"1367\" \/>\n\t<meta property=\"og:image:height\" content=\"2048\" \/>\n\t<meta property=\"og:image:type\" content=\"image\/jpeg\" \/>\n<meta name=\"author\" content=\"Yann Gourvennec\" \/>\n<meta name=\"twitter:card\" content=\"summary_large_image\" \/>\n<meta name=\"twitter:creator\" content=\"@ygourven\" \/>\n<meta name=\"twitter:site\" content=\"@ygourven\" \/>\n<meta name=\"twitter:label1\" content=\"Written by\" \/>\n\t<meta name=\"twitter:data1\" content=\"Yann Gourvennec\" \/>\n\t<meta name=\"twitter:label2\" content=\"Est. reading time\" \/>\n\t<meta name=\"twitter:data2\" content=\"2 minutes\" \/>\n<script type=\"application\/ld+json\" class=\"yoast-schema-graph\">{\"@context\":\"https:\\\/\\\/schema.org\",\"@graph\":[{\"@type\":\"Article\",\"@id\":\"https:\\\/\\\/antimuseum.com\\\/en\\\/2016\\\/09\\\/30\\\/nostalgia-photography\\\/#article\",\"isPartOf\":{\"@id\":\"https:\\\/\\\/antimuseum.com\\\/en\\\/2016\\\/09\\\/30\\\/nostalgia-photography\\\/\"},\"author\":{\"name\":\"Yann Gourvennec\",\"@id\":\"https:\\\/\\\/antimuseum.com\\\/en\\\/#\\\/schema\\\/person\\\/545aaf6fc711850cd5dace4214985a98\"},\"headline\":\"Nostalgia Isn&#8217;t What It Used To Be\",\"datePublished\":\"2016-09-30T18:51:45+00:00\",\"dateModified\":\"2023-07-05T14:37:15+00:00\",\"mainEntityOfPage\":{\"@id\":\"https:\\\/\\\/antimuseum.com\\\/en\\\/2016\\\/09\\\/30\\\/nostalgia-photography\\\/\"},\"wordCount\":283,\"commentCount\":7,\"publisher\":{\"@id\":\"https:\\\/\\\/antimuseum.com\\\/en\\\/#organization\"},\"image\":{\"@id\":\"https:\\\/\\\/antimuseum.com\\\/en\\\/2016\\\/09\\\/30\\\/nostalgia-photography\\\/#primaryimage\"},\"thumbnailUrl\":\"https:\\\/\\\/i0.wp.com\\\/antimuseum.com\\\/wp-content\\\/uploads\\\/2016\\\/09\\\/29296374354_51558bc51d_k.jpg?fit=1367%2C2048&ssl=1\",\"articleSection\":[\"Photography\"],\"inLanguage\":\"en-US\",\"potentialAction\":[{\"@type\":\"CommentAction\",\"name\":\"Comment\",\"target\":[\"https:\\\/\\\/antimuseum.com\\\/en\\\/2016\\\/09\\\/30\\\/nostalgia-photography\\\/#respond\"]}]},{\"@type\":\"WebPage\",\"@id\":\"https:\\\/\\\/antimuseum.com\\\/en\\\/2016\\\/09\\\/30\\\/nostalgia-photography\\\/\",\"url\":\"https:\\\/\\\/antimuseum.com\\\/en\\\/2016\\\/09\\\/30\\\/nostalgia-photography\\\/\",\"name\":\"Nostalgia Isn't What It Used To Be\",\"isPartOf\":{\"@id\":\"https:\\\/\\\/antimuseum.com\\\/en\\\/#website\"},\"primaryImageOfPage\":{\"@id\":\"https:\\\/\\\/antimuseum.com\\\/en\\\/2016\\\/09\\\/30\\\/nostalgia-photography\\\/#primaryimage\"},\"image\":{\"@id\":\"https:\\\/\\\/antimuseum.com\\\/en\\\/2016\\\/09\\\/30\\\/nostalgia-photography\\\/#primaryimage\"},\"thumbnailUrl\":\"https:\\\/\\\/i0.wp.com\\\/antimuseum.com\\\/wp-content\\\/uploads\\\/2016\\\/09\\\/29296374354_51558bc51d_k.jpg?fit=1367%2C2048&ssl=1\",\"datePublished\":\"2016-09-30T18:51:45+00:00\",\"dateModified\":\"2023-07-05T14:37:15+00:00\",\"breadcrumb\":{\"@id\":\"https:\\\/\\\/antimuseum.com\\\/en\\\/2016\\\/09\\\/30\\\/nostalgia-photography\\\/#breadcrumb\"},\"inLanguage\":\"en-US\",\"potentialAction\":[{\"@type\":\"ReadAction\",\"target\":[\"https:\\\/\\\/antimuseum.com\\\/en\\\/2016\\\/09\\\/30\\\/nostalgia-photography\\\/\"]}]},{\"@type\":\"ImageObject\",\"inLanguage\":\"en-US\",\"@id\":\"https:\\\/\\\/antimuseum.com\\\/en\\\/2016\\\/09\\\/30\\\/nostalgia-photography\\\/#primaryimage\",\"url\":\"https:\\\/\\\/i0.wp.com\\\/antimuseum.com\\\/wp-content\\\/uploads\\\/2016\\\/09\\\/29296374354_51558bc51d_k.jpg?fit=1367%2C2048&ssl=1\",\"contentUrl\":\"https:\\\/\\\/i0.wp.com\\\/antimuseum.com\\\/wp-content\\\/uploads\\\/2016\\\/09\\\/29296374354_51558bc51d_k.jpg?fit=1367%2C2048&ssl=1\",\"width\":1367,\"height\":2048},{\"@type\":\"BreadcrumbList\",\"@id\":\"https:\\\/\\\/antimuseum.com\\\/en\\\/2016\\\/09\\\/30\\\/nostalgia-photography\\\/#breadcrumb\",\"itemListElement\":[{\"@type\":\"ListItem\",\"position\":1,\"name\":\"Home\",\"item\":\"https:\\\/\\\/antimuseum.com\\\/en\\\/photographe-portrait-entreprise-paris\\\/\"},{\"@type\":\"ListItem\",\"position\":2,\"name\":\"Nostalgia Isn&#8217;t What It Used To Be\"}]},{\"@type\":\"WebSite\",\"@id\":\"https:\\\/\\\/antimuseum.com\\\/en\\\/#website\",\"url\":\"https:\\\/\\\/antimuseum.com\\\/en\\\/\",\"name\":\"The Antimuseum in Paris (and beyond)\",\"description\":\"The Antimuseum in Paris (and beyond)\",\"publisher\":{\"@id\":\"https:\\\/\\\/antimuseum.com\\\/en\\\/#organization\"},\"alternateName\":\"anti-museum in Paris\",\"potentialAction\":[{\"@type\":\"SearchAction\",\"target\":{\"@type\":\"EntryPoint\",\"urlTemplate\":\"https:\\\/\\\/antimuseum.com\\\/en\\\/?s={search_term_string}\"},\"query-input\":{\"@type\":\"PropertyValueSpecification\",\"valueRequired\":true,\"valueName\":\"search_term_string\"}}],\"inLanguage\":\"en-US\"},{\"@type\":\"Organization\",\"@id\":\"https:\\\/\\\/antimuseum.com\\\/en\\\/#organization\",\"name\":\"The Antimuseum in Paris (and beyond)\",\"url\":\"https:\\\/\\\/antimuseum.com\\\/en\\\/\",\"logo\":{\"@type\":\"ImageObject\",\"inLanguage\":\"en-US\",\"@id\":\"https:\\\/\\\/antimuseum.com\\\/en\\\/#\\\/schema\\\/logo\\\/image\\\/\",\"url\":\"https:\\\/\\\/antimuseum.com\\\/wp-content\\\/uploads\\\/2021\\\/01\\\/antimuseum-logo-1-2-e1610813225740.png\",\"contentUrl\":\"https:\\\/\\\/antimuseum.com\\\/wp-content\\\/uploads\\\/2021\\\/01\\\/antimuseum-logo-1-2-e1610813225740.png\",\"width\":1487,\"height\":692,\"caption\":\"The Antimuseum in Paris (and beyond)\"},\"image\":{\"@id\":\"https:\\\/\\\/antimuseum.com\\\/en\\\/#\\\/schema\\\/logo\\\/image\\\/\"},\"sameAs\":[\"https:\\\/\\\/www.facebook.com\\\/AntimuseumParis\\\/\",\"https:\\\/\\\/x.com\\\/ygourven\"]},{\"@type\":\"Person\",\"@id\":\"https:\\\/\\\/antimuseum.com\\\/en\\\/#\\\/schema\\\/person\\\/545aaf6fc711850cd5dace4214985a98\",\"name\":\"Yann Gourvennec\",\"image\":{\"@type\":\"ImageObject\",\"inLanguage\":\"en-US\",\"@id\":\"https:\\\/\\\/secure.gravatar.com\\\/avatar\\\/d6cd451b8e0fc3c089b819830933d0a38a14de90e62c0dfdbf7feeb7bf00510e?s=96&d=identicon&r=g\",\"url\":\"https:\\\/\\\/secure.gravatar.com\\\/avatar\\\/d6cd451b8e0fc3c089b819830933d0a38a14de90e62c0dfdbf7feeb7bf00510e?s=96&d=identicon&r=g\",\"contentUrl\":\"https:\\\/\\\/secure.gravatar.com\\\/avatar\\\/d6cd451b8e0fc3c089b819830933d0a38a14de90e62c0dfdbf7feeb7bf00510e?s=96&d=identicon&r=g\",\"caption\":\"Yann Gourvennec\"},\"description\":\"I'm a photographer and watercolourist. I have practiced photography since childhood and digital photography since 1995. I turned it into my main occupation in 2021. I own a photo studio in Paris, France. ------------ Je suis photographe et aquarelliste. Je pratique la photographie depuis l'enfance et la photographie num\u00e9rique depuis 1995. J'en ai fait mon activit\u00e9 principale en 2021. Je poss\u00e8de un studio photo dans le 15e arrondissement de Paris\",\"sameAs\":[\"https:\\\/\\\/visionarymarketing.com\"],\"url\":\"https:\\\/\\\/antimuseum.com\\\/en\\\/author\\\/visionarymarketing\\\/\"}]}<\/script>\n<!-- \/ Yoast SEO plugin. -->","yoast_head_json":{"title":"Nostalgia Isn't What It Used To Be","robots":{"index":"index","follow":"follow","max-snippet":"max-snippet:-1","max-image-preview":"max-image-preview:large","max-video-preview":"max-video-preview:-1"},"canonical":"https:\/\/antimuseum.com\/en\/2016\/09\/30\/nostalgia-photography\/","og_locale":"en_US","og_type":"article","og_title":"Nostalgia Isn't What It Used To Be","og_description":"Tonight\u2019s Friday Photo Challenge theme is nostalgia. I like the topic, even though I tend to find that there is a little bit too much of that around us at the moment, and not enough people trying to make the world a better place in the future, I must admit that certain things I see [&hellip;]","og_url":"https:\/\/antimuseum.com\/en\/2016\/09\/30\/nostalgia-photography\/","og_site_name":"Yann Gourvennec - Photography","article_publisher":"https:\/\/www.facebook.com\/AntimuseumParis\/","article_published_time":"2016-09-30T18:51:45+00:00","article_modified_time":"2023-07-05T14:37:15+00:00","og_image":[{"width":1367,"height":2048,"url":"https:\/\/i0.wp.com\/antimuseum.com\/wp-content\/uploads\/2016\/09\/29296374354_51558bc51d_k.jpg?fit=1367%2C2048&ssl=1","type":"image\/jpeg"}],"author":"Yann Gourvennec","twitter_card":"summary_large_image","twitter_creator":"@ygourven","twitter_site":"@ygourven","twitter_misc":{"Written by":"Yann Gourvennec","Est. reading time":"2 minutes"},"schema":{"@context":"https:\/\/schema.org","@graph":[{"@type":"Article","@id":"https:\/\/antimuseum.com\/en\/2016\/09\/30\/nostalgia-photography\/#article","isPartOf":{"@id":"https:\/\/antimuseum.com\/en\/2016\/09\/30\/nostalgia-photography\/"},"author":{"name":"Yann Gourvennec","@id":"https:\/\/antimuseum.com\/en\/#\/schema\/person\/545aaf6fc711850cd5dace4214985a98"},"headline":"Nostalgia Isn&#8217;t What It Used To Be","datePublished":"2016-09-30T18:51:45+00:00","dateModified":"2023-07-05T14:37:15+00:00","mainEntityOfPage":{"@id":"https:\/\/antimuseum.com\/en\/2016\/09\/30\/nostalgia-photography\/"},"wordCount":283,"commentCount":7,"publisher":{"@id":"https:\/\/antimuseum.com\/en\/#organization"},"image":{"@id":"https:\/\/antimuseum.com\/en\/2016\/09\/30\/nostalgia-photography\/#primaryimage"},"thumbnailUrl":"https:\/\/i0.wp.com\/antimuseum.com\/wp-content\/uploads\/2016\/09\/29296374354_51558bc51d_k.jpg?fit=1367%2C2048&ssl=1","articleSection":["Photography"],"inLanguage":"en-US","potentialAction":[{"@type":"CommentAction","name":"Comment","target":["https:\/\/antimuseum.com\/en\/2016\/09\/30\/nostalgia-photography\/#respond"]}]},{"@type":"WebPage","@id":"https:\/\/antimuseum.com\/en\/2016\/09\/30\/nostalgia-photography\/","url":"https:\/\/antimuseum.com\/en\/2016\/09\/30\/nostalgia-photography\/","name":"Nostalgia Isn't What It Used To Be","isPartOf":{"@id":"https:\/\/antimuseum.com\/en\/#website"},"primaryImageOfPage":{"@id":"https:\/\/antimuseum.com\/en\/2016\/09\/30\/nostalgia-photography\/#primaryimage"},"image":{"@id":"https:\/\/antimuseum.com\/en\/2016\/09\/30\/nostalgia-photography\/#primaryimage"},"thumbnailUrl":"https:\/\/i0.wp.com\/antimuseum.com\/wp-content\/uploads\/2016\/09\/29296374354_51558bc51d_k.jpg?fit=1367%2C2048&ssl=1","datePublished":"2016-09-30T18:51:45+00:00","dateModified":"2023-07-05T14:37:15+00:00","breadcrumb":{"@id":"https:\/\/antimuseum.com\/en\/2016\/09\/30\/nostalgia-photography\/#breadcrumb"},"inLanguage":"en-US","potentialAction":[{"@type":"ReadAction","target":["https:\/\/antimuseum.com\/en\/2016\/09\/30\/nostalgia-photography\/"]}]},{"@type":"ImageObject","inLanguage":"en-US","@id":"https:\/\/antimuseum.com\/en\/2016\/09\/30\/nostalgia-photography\/#primaryimage","url":"https:\/\/i0.wp.com\/antimuseum.com\/wp-content\/uploads\/2016\/09\/29296374354_51558bc51d_k.jpg?fit=1367%2C2048&ssl=1","contentUrl":"https:\/\/i0.wp.com\/antimuseum.com\/wp-content\/uploads\/2016\/09\/29296374354_51558bc51d_k.jpg?fit=1367%2C2048&ssl=1","width":1367,"height":2048},{"@type":"BreadcrumbList","@id":"https:\/\/antimuseum.com\/en\/2016\/09\/30\/nostalgia-photography\/#breadcrumb","itemListElement":[{"@type":"ListItem","position":1,"name":"Home","item":"https:\/\/antimuseum.com\/en\/photographe-portrait-entreprise-paris\/"},{"@type":"ListItem","position":2,"name":"Nostalgia Isn&#8217;t What It Used To Be"}]},{"@type":"WebSite","@id":"https:\/\/antimuseum.com\/en\/#website","url":"https:\/\/antimuseum.com\/en\/","name":"The Antimuseum in Paris (and beyond)","description":"The Antimuseum in Paris (and beyond)","publisher":{"@id":"https:\/\/antimuseum.com\/en\/#organization"},"alternateName":"anti-museum in Paris","potentialAction":[{"@type":"SearchAction","target":{"@type":"EntryPoint","urlTemplate":"https:\/\/antimuseum.com\/en\/?s={search_term_string}"},"query-input":{"@type":"PropertyValueSpecification","valueRequired":true,"valueName":"search_term_string"}}],"inLanguage":"en-US"},{"@type":"Organization","@id":"https:\/\/antimuseum.com\/en\/#organization","name":"The Antimuseum in Paris (and beyond)","url":"https:\/\/antimuseum.com\/en\/","logo":{"@type":"ImageObject","inLanguage":"en-US","@id":"https:\/\/antimuseum.com\/en\/#\/schema\/logo\/image\/","url":"https:\/\/antimuseum.com\/wp-content\/uploads\/2021\/01\/antimuseum-logo-1-2-e1610813225740.png","contentUrl":"https:\/\/antimuseum.com\/wp-content\/uploads\/2021\/01\/antimuseum-logo-1-2-e1610813225740.png","width":1487,"height":692,"caption":"The Antimuseum in Paris (and beyond)"},"image":{"@id":"https:\/\/antimuseum.com\/en\/#\/schema\/logo\/image\/"},"sameAs":["https:\/\/www.facebook.com\/AntimuseumParis\/","https:\/\/x.com\/ygourven"]},{"@type":"Person","@id":"https:\/\/antimuseum.com\/en\/#\/schema\/person\/545aaf6fc711850cd5dace4214985a98","name":"Yann Gourvennec","image":{"@type":"ImageObject","inLanguage":"en-US","@id":"https:\/\/secure.gravatar.com\/avatar\/d6cd451b8e0fc3c089b819830933d0a38a14de90e62c0dfdbf7feeb7bf00510e?s=96&d=identicon&r=g","url":"https:\/\/secure.gravatar.com\/avatar\/d6cd451b8e0fc3c089b819830933d0a38a14de90e62c0dfdbf7feeb7bf00510e?s=96&d=identicon&r=g","contentUrl":"https:\/\/secure.gravatar.com\/avatar\/d6cd451b8e0fc3c089b819830933d0a38a14de90e62c0dfdbf7feeb7bf00510e?s=96&d=identicon&r=g","caption":"Yann Gourvennec"},"description":"I'm a photographer and watercolourist. I have practiced photography since childhood and digital photography since 1995. I turned it into my main occupation in 2021. I own a photo studio in Paris, France. ------------ Je suis photographe et aquarelliste. Je pratique la photographie depuis l'enfance et la photographie num\u00e9rique depuis 1995. J'en ai fait mon activit\u00e9 principale en 2021. Je poss\u00e8de un studio photo dans le 15e arrondissement de Paris","sameAs":["https:\/\/visionarymarketing.com"],"url":"https:\/\/antimuseum.com\/en\/author\/visionarymarketing\/"}]}},"jetpack_publicize_connections":[],"jetpack_featured_media_url":"https:\/\/i0.wp.com\/antimuseum.com\/wp-content\/uploads\/2016\/09\/29296374354_51558bc51d_k.jpg?fit=1367%2C2048&ssl=1","jetpack_likes_enabled":true,"jetpack_sharing_enabled":true,"jetpack_shortlink":"https:\/\/wp.me\/p1bww-IL","jetpack-related-posts":[{"id":7448,"url":"https:\/\/antimuseum.com\/en\/2021\/02\/07\/behind-the-scenes\/","url_meta":{"origin":2775,"position":0},"title":"Behind the scenes &#8211; Versailles","author":"Yann Gourvennec","date":"February 7, 2021","format":false,"excerpt":"Behind the scenes, one understands that appearances may be a trifle deceptive. To most people, and not just tourists, Versailles will look like the above picture. Rowing boats, canals and a grandiose ch\u00e2teau. One will take the train to the Versailles Rive Gauche railway station and scutter from there to\u2026","rel":"","context":"In &quot;Architecture Photos&quot;","block_context":{"text":"Architecture Photos","link":"https:\/\/antimuseum.com\/en\/category\/photography\/architecture-photography\/"},"img":{"alt_text":"","src":"https:\/\/i0.wp.com\/antimuseum.com\/wp-content\/uploads\/2021\/02\/50687129472_eb5b293df7_o-2.jpg?fit=900%2C350&ssl=1&resize=350%2C200","width":350,"height":200,"srcset":"https:\/\/i0.wp.com\/antimuseum.com\/wp-content\/uploads\/2021\/02\/50687129472_eb5b293df7_o-2.jpg?fit=900%2C350&ssl=1&resize=350%2C200 1x, https:\/\/i0.wp.com\/antimuseum.com\/wp-content\/uploads\/2021\/02\/50687129472_eb5b293df7_o-2.jpg?fit=900%2C350&ssl=1&resize=525%2C300 1.5x, https:\/\/i0.wp.com\/antimuseum.com\/wp-content\/uploads\/2021\/02\/50687129472_eb5b293df7_o-2.jpg?fit=900%2C350&ssl=1&resize=700%2C400 2x"},"classes":[]},{"id":1649,"url":"https:\/\/antimuseum.com\/en\/2023\/03\/23\/touching-up-photos\/","url_meta":{"origin":2775,"position":1},"title":"Touching Up The Photos of the Fortified Farm of M\u00e9r\u00e9","author":"Yann Gourvennec","date":"March 23, 2023","format":false,"excerpt":"Welcome to the fortified farm of M\u00e9r\u00e9 in the Vexin region, west of Paris, a series of pictures that needed a bit of touching up. \"Vexin (French pronunciation: \u200b[v\u025bks\u025b\u0303]) is a historic county in northwestern France. It covers a verdant plateau on the right bank (north) of the Seine. [...]\u2026","rel":"","context":"In &quot;Architecture Photos&quot;","block_context":{"text":"Architecture Photos","link":"https:\/\/antimuseum.com\/en\/category\/photography\/architecture-photography\/"},"img":{"alt_text":"","src":"https:\/\/i0.wp.com\/antimuseum.com\/wp-content\/uploads\/2013\/10\/52764710156_d357fb097b_k.jpg?fit=801%2C1200&ssl=1&resize=350%2C200","width":350,"height":200,"srcset":"https:\/\/i0.wp.com\/antimuseum.com\/wp-content\/uploads\/2013\/10\/52764710156_d357fb097b_k.jpg?fit=801%2C1200&ssl=1&resize=350%2C200 1x, https:\/\/i0.wp.com\/antimuseum.com\/wp-content\/uploads\/2013\/10\/52764710156_d357fb097b_k.jpg?fit=801%2C1200&ssl=1&resize=525%2C300 1.5x, https:\/\/i0.wp.com\/antimuseum.com\/wp-content\/uploads\/2013\/10\/52764710156_d357fb097b_k.jpg?fit=801%2C1200&ssl=1&resize=700%2C400 2x"},"classes":[]},{"id":14060,"url":"https:\/\/antimuseum.com\/en\/2023\/06\/27\/reflection-on-the-reflecting\/","url_meta":{"origin":2775,"position":2},"title":"Reflection on the Reflecting","author":"Emilie Leger","date":"June 27, 2023","format":false,"excerpt":"Reflections A reflection, not in the metaphorical sense but in the physical sense, is a return of light waves from a surface that produces an image as if it's a mirror. There is also a metaphorical sense of reflecting, the act of thinking back and contemplating. The biggest thing I\u2026","rel":"","context":"In &quot;Photography&quot;","block_context":{"text":"Photography","link":"https:\/\/antimuseum.com\/en\/category\/photography\/"},"img":{"alt_text":"","src":"https:\/\/i0.wp.com\/antimuseum.com\/wp-content\/uploads\/2023\/06\/9606132924_b28e0313be_k.jpg?fit=801%2C1200&ssl=1&resize=350%2C200","width":350,"height":200,"srcset":"https:\/\/i0.wp.com\/antimuseum.com\/wp-content\/uploads\/2023\/06\/9606132924_b28e0313be_k.jpg?fit=801%2C1200&ssl=1&resize=350%2C200 1x, https:\/\/i0.wp.com\/antimuseum.com\/wp-content\/uploads\/2023\/06\/9606132924_b28e0313be_k.jpg?fit=801%2C1200&ssl=1&resize=525%2C300 1.5x, https:\/\/i0.wp.com\/antimuseum.com\/wp-content\/uploads\/2023\/06\/9606132924_b28e0313be_k.jpg?fit=801%2C1200&ssl=1&resize=700%2C400 2x"},"classes":[]},{"id":15694,"url":"https:\/\/antimuseum.com\/en\/2024\/04\/09\/eye-to-eye\/","url_meta":{"origin":2775,"position":3},"title":"Eye to eye","author":"Yann Gourvennec","date":"April 9, 2024","format":false,"excerpt":"Photography calls for a keen eye. One even says that beauty is in the eye of the beholder. I've also heard it rumoured that painters weren't really painting with their hands but with their eyes. And I must admit that as a watercolourist this is exactly what I'm doing. To\u2026","rel":"","context":"In &quot;Animal Photos&quot;","block_context":{"text":"Animal Photos","link":"https:\/\/antimuseum.com\/en\/category\/photography\/animal-photography\/"},"img":{"alt_text":"","src":"https:\/\/i0.wp.com\/antimuseum.com\/wp-content\/uploads\/2020\/09\/50304430508_3eae05ed55_k-e1712679213161.jpg?fit=1200%2C800&ssl=1&resize=350%2C200","width":350,"height":200,"srcset":"https:\/\/i0.wp.com\/antimuseum.com\/wp-content\/uploads\/2020\/09\/50304430508_3eae05ed55_k-e1712679213161.jpg?fit=1200%2C800&ssl=1&resize=350%2C200 1x, https:\/\/i0.wp.com\/antimuseum.com\/wp-content\/uploads\/2020\/09\/50304430508_3eae05ed55_k-e1712679213161.jpg?fit=1200%2C800&ssl=1&resize=525%2C300 1.5x, https:\/\/i0.wp.com\/antimuseum.com\/wp-content\/uploads\/2020\/09\/50304430508_3eae05ed55_k-e1712679213161.jpg?fit=1200%2C800&ssl=1&resize=700%2C400 2x, https:\/\/i0.wp.com\/antimuseum.com\/wp-content\/uploads\/2020\/09\/50304430508_3eae05ed55_k-e1712679213161.jpg?fit=1200%2C800&ssl=1&resize=1050%2C600 3x"},"classes":[]},{"id":2360,"url":"https:\/\/antimuseum.com\/en\/2015\/05\/30\/photo-challenge-2\/","url_meta":{"origin":2775,"position":4},"title":"On The Way &#8211; Photo Challenge","author":"Yann Gourvennec","date":"May 30, 2015","format":false,"excerpt":"Today\u2019s photo challenge is \u201con the way\u201d. As I founded my company early last year, I have been going through some sort of a tunnel of work for the past 18 months. Yet we have been able to take some time off to recharge the batteries, and we stayed for\u2026","rel":"","context":"In &quot;Photography&quot;","block_context":{"text":"Photography","link":"https:\/\/antimuseum.com\/en\/category\/photography\/"},"img":{"alt_text":"","src":"https:\/\/i0.wp.com\/antimuseum.com\/wp-content\/uploads\/2015\/05\/14007271676_f8a6a39e50_k.jpg?fit=1200%2C801&ssl=1&resize=350%2C200","width":350,"height":200,"srcset":"https:\/\/i0.wp.com\/antimuseum.com\/wp-content\/uploads\/2015\/05\/14007271676_f8a6a39e50_k.jpg?fit=1200%2C801&ssl=1&resize=350%2C200 1x, https:\/\/i0.wp.com\/antimuseum.com\/wp-content\/uploads\/2015\/05\/14007271676_f8a6a39e50_k.jpg?fit=1200%2C801&ssl=1&resize=525%2C300 1.5x, https:\/\/i0.wp.com\/antimuseum.com\/wp-content\/uploads\/2015\/05\/14007271676_f8a6a39e50_k.jpg?fit=1200%2C801&ssl=1&resize=700%2C400 2x, https:\/\/i0.wp.com\/antimuseum.com\/wp-content\/uploads\/2015\/05\/14007271676_f8a6a39e50_k.jpg?fit=1200%2C801&ssl=1&resize=1050%2C600 3x"},"classes":[]},{"id":11127,"url":"https:\/\/antimuseum.com\/en\/2022\/11\/05\/wind-turbines\/","url_meta":{"origin":2775,"position":5},"title":"Wind turbines, cement, plastics, steel and the Industrial Age","author":"Yann Gourvennec","date":"November 5, 2022","format":false,"excerpt":"Wind turbines are often the subject of heated discussions between those in favour and those against. I do not particularly want to jump into that debate but I thought that spending a bit of time trying to understand how things really work might be useful to me and maybe some\u2026","rel":"","context":"In &quot;Landscape Photography&quot;","block_context":{"text":"Landscape Photography","link":"https:\/\/antimuseum.com\/en\/category\/photography\/landscape-photography\/"},"img":{"alt_text":"","src":"https:\/\/i0.wp.com\/antimuseum.com\/wp-content\/uploads\/2022\/11\/le-havre-normandy_52447891257_o_1.jpg?fit=1200%2C800&ssl=1&resize=350%2C200","width":350,"height":200,"srcset":"https:\/\/i0.wp.com\/antimuseum.com\/wp-content\/uploads\/2022\/11\/le-havre-normandy_52447891257_o_1.jpg?fit=1200%2C800&ssl=1&resize=350%2C200 1x, https:\/\/i0.wp.com\/antimuseum.com\/wp-content\/uploads\/2022\/11\/le-havre-normandy_52447891257_o_1.jpg?fit=1200%2C800&ssl=1&resize=525%2C300 1.5x, https:\/\/i0.wp.com\/antimuseum.com\/wp-content\/uploads\/2022\/11\/le-havre-normandy_52447891257_o_1.jpg?fit=1200%2C800&ssl=1&resize=700%2C400 2x, https:\/\/i0.wp.com\/antimuseum.com\/wp-content\/uploads\/2022\/11\/le-havre-normandy_52447891257_o_1.jpg?fit=1200%2C800&ssl=1&resize=1050%2C600 3x"},"classes":[]}],"_links":{"self":[{"href":"https:\/\/antimuseum.com\/en\/wp-json\/wp\/v2\/posts\/2775","targetHints":{"allow":["GET"]}}],"collection":[{"href":"https:\/\/antimuseum.com\/en\/wp-json\/wp\/v2\/posts"}],"about":[{"href":"https:\/\/antimuseum.com\/en\/wp-json\/wp\/v2\/types\/post"}],"author":[{"embeddable":true,"href":"https:\/\/antimuseum.com\/en\/wp-json\/wp\/v2\/users\/60439"}],"replies":[{"embeddable":true,"href":"https:\/\/antimuseum.com\/en\/wp-json\/wp\/v2\/comments?post=2775"}],"version-history":[{"count":7,"href":"https:\/\/antimuseum.com\/en\/wp-json\/wp\/v2\/posts\/2775\/revisions"}],"predecessor-version":[{"id":14533,"href":"https:\/\/antimuseum.com\/en\/wp-json\/wp\/v2\/posts\/2775\/revisions\/14533"}],"wp:featuredmedia":[{"embeddable":true,"href":"https:\/\/antimuseum.com\/en\/wp-json\/wp\/v2\/media\/14530"}],"wp:attachment":[{"href":"https:\/\/antimuseum.com\/en\/wp-json\/wp\/v2\/media?parent=2775"}],"wp:term":[{"taxonomy":"category","embeddable":true,"href":"https:\/\/antimuseum.com\/en\/wp-json\/wp\/v2\/categories?post=2775"},{"taxonomy":"post_tag","embeddable":true,"href":"https:\/\/antimuseum.com\/en\/wp-json\/wp\/v2\/tags?post=2775"}],"curies":[{"name":"wp","href":"https:\/\/api.w.org\/{rel}","templated":true}]}}