{"id":2844,"date":"2026-04-29T17:03:55","date_gmt":"2026-04-29T15:03:55","guid":{"rendered":"https:\/\/antimuseum.com\/?p=2844"},"modified":"2026-04-29T17:10:31","modified_gmt":"2026-04-29T15:10:31","slug":"autumn-dead-leaves","status":"publish","type":"post","link":"https:\/\/antimuseum.com\/en\/2026\/04\/29\/autumn-dead-leaves\/","title":{"rendered":"Autumn Leaves inclusive of Jacques Prevert&#8217;s poem"},"content":{"rendered":"\n<figure class=\"wp-block-image size-full\"><img data-recalc-dims=\"1\" loading=\"lazy\" decoding=\"async\" width=\"1000\" height=\"667\" data-attachment-id=\"22619\" data-permalink=\"https:\/\/antimuseum.com\/en\/2026\/04\/29\/autumn-dead-leaves\/30683404615_9308933200_b-jpg\/\" data-orig-file=\"https:\/\/i0.wp.com\/antimuseum.com\/wp-content\/uploads\/2016\/11\/30683404615_9308933200_b.jpg.webp?fit=1000%2C667&amp;ssl=1\" data-orig-size=\"1000,667\" data-comments-opened=\"1\" data-image-meta=\"{&quot;aperture&quot;:&quot;0&quot;,&quot;credit&quot;:&quot;&quot;,&quot;camera&quot;:&quot;&quot;,&quot;caption&quot;:&quot;&quot;,&quot;created_timestamp&quot;:&quot;0&quot;,&quot;copyright&quot;:&quot;&quot;,&quot;focal_length&quot;:&quot;0&quot;,&quot;iso&quot;:&quot;0&quot;,&quot;shutter_speed&quot;:&quot;0&quot;,&quot;title&quot;:&quot;&quot;,&quot;orientation&quot;:&quot;0&quot;}\" data-image-title=\"30683404615_9308933200_b.jpg\" data-image-description=\"\" data-image-caption=\"\" data-large-file=\"https:\/\/i0.wp.com\/antimuseum.com\/wp-content\/uploads\/2016\/11\/30683404615_9308933200_b.jpg.webp?fit=1000%2C667&amp;ssl=1\" src=\"https:\/\/i0.wp.com\/antimuseum.com\/wp-content\/uploads\/2016\/11\/30683404615_9308933200_b.jpg.webp?resize=1000%2C667&#038;ssl=1\" alt=\"\" class=\"wp-image-22619\" title=\"16-autumn-30102016-5473.jpg\" srcset=\"https:\/\/i0.wp.com\/antimuseum.com\/wp-content\/uploads\/2016\/11\/30683404615_9308933200_b.jpg.webp?w=1000&amp;ssl=1 1000w, https:\/\/i0.wp.com\/antimuseum.com\/wp-content\/uploads\/2016\/11\/30683404615_9308933200_b.jpg.webp?resize=300%2C200&amp;ssl=1 300w, https:\/\/i0.wp.com\/antimuseum.com\/wp-content\/uploads\/2016\/11\/30683404615_9308933200_b.jpg.webp?resize=768%2C512&amp;ssl=1 768w, https:\/\/i0.wp.com\/antimuseum.com\/wp-content\/uploads\/2016\/11\/30683404615_9308933200_b.jpg.webp?resize=600%2C400&amp;ssl=1 600w\" sizes=\"auto, (max-width: 1000px) 100vw, 1000px\" \/><\/figure>\n\n\n\n<p class=\"wp-block-paragraph\">A long time ago, in November, the Photo Challenge was &#8220;<a href=\"https:\/\/dailypost.wordpress.com\/photo-challenges\/time-of-year\/#comment-841810\" target=\"_blank\" rel=\"noopener\">it\u2019s not this time of year without\u2026<\/a>&#8221; and I chose dead leaves. Because we were in Autumn and leaves tend to fall rather late, towards the middle or end of November. Here is a selection of Autumn leaves culminating with Dead Leaves, a great poem by Jacques Pr\u00e9vert.<\/p>\n\n\n\n<p class=\"wp-block-paragraph\">I publish this and there is some irony in that, since this is Spring and leaves are only growing to their full extent at this time of year. Let&#8217;s say it&#8217;s yet another opportunity for me to talk about the <a href=\"https:\/\/antimuseum.com\/en\/2017\/04\/23\/earth-and-trees\/\" type=\"post\" id=\"2989\">trees<\/a> that I like so much. <\/p>\n\n\n\n<!--more-->\n\n\n\n<figure class=\"wp-block-image size-full\"><img data-recalc-dims=\"1\" loading=\"lazy\" decoding=\"async\" width=\"1000\" height=\"667\" data-attachment-id=\"22618\" data-permalink=\"https:\/\/antimuseum.com\/en\/2026\/04\/29\/autumn-dead-leaves\/30683397705_1476214282_b-jpg\/\" data-orig-file=\"https:\/\/i0.wp.com\/antimuseum.com\/wp-content\/uploads\/2016\/11\/30683397705_1476214282_b.jpg.webp?fit=1000%2C667&amp;ssl=1\" data-orig-size=\"1000,667\" data-comments-opened=\"1\" data-image-meta=\"{&quot;aperture&quot;:&quot;0&quot;,&quot;credit&quot;:&quot;&quot;,&quot;camera&quot;:&quot;&quot;,&quot;caption&quot;:&quot;&quot;,&quot;created_timestamp&quot;:&quot;0&quot;,&quot;copyright&quot;:&quot;&quot;,&quot;focal_length&quot;:&quot;0&quot;,&quot;iso&quot;:&quot;0&quot;,&quot;shutter_speed&quot;:&quot;0&quot;,&quot;title&quot;:&quot;&quot;,&quot;orientation&quot;:&quot;0&quot;}\" data-image-title=\"30683397705_1476214282_b.jpg\" data-image-description=\"\" data-image-caption=\"\" data-large-file=\"https:\/\/i0.wp.com\/antimuseum.com\/wp-content\/uploads\/2016\/11\/30683397705_1476214282_b.jpg.webp?fit=1000%2C667&amp;ssl=1\" src=\"https:\/\/i0.wp.com\/antimuseum.com\/wp-content\/uploads\/2016\/11\/30683397705_1476214282_b.jpg.webp?resize=1000%2C667&#038;ssl=1\" alt=\"\" class=\"wp-image-22618\" title=\"16-autumn-30102016-5471.jpg\" srcset=\"https:\/\/i0.wp.com\/antimuseum.com\/wp-content\/uploads\/2016\/11\/30683397705_1476214282_b.jpg.webp?w=1000&amp;ssl=1 1000w, https:\/\/i0.wp.com\/antimuseum.com\/wp-content\/uploads\/2016\/11\/30683397705_1476214282_b.jpg.webp?resize=300%2C200&amp;ssl=1 300w, https:\/\/i0.wp.com\/antimuseum.com\/wp-content\/uploads\/2016\/11\/30683397705_1476214282_b.jpg.webp?resize=768%2C512&amp;ssl=1 768w, https:\/\/i0.wp.com\/antimuseum.com\/wp-content\/uploads\/2016\/11\/30683397705_1476214282_b.jpg.webp?resize=600%2C400&amp;ssl=1 600w\" sizes=\"auto, (max-width: 1000px) 100vw, 1000px\" \/><\/figure>\n\n\n\n<p class=\"wp-block-paragraph\">On our way to the Luxembourg gardens<\/p>\n\n\n\n<figure class=\"wp-block-image size-full\"><img data-recalc-dims=\"1\" loading=\"lazy\" decoding=\"async\" width=\"1000\" height=\"667\" data-attachment-id=\"22617\" data-permalink=\"https:\/\/antimuseum.com\/en\/2026\/04\/29\/autumn-dead-leaves\/30049613593_1487bd7025_b-jpg\/\" data-orig-file=\"https:\/\/i0.wp.com\/antimuseum.com\/wp-content\/uploads\/2016\/11\/30049613593_1487bd7025_b.jpg.webp?fit=1000%2C667&amp;ssl=1\" data-orig-size=\"1000,667\" data-comments-opened=\"1\" data-image-meta=\"{&quot;aperture&quot;:&quot;0&quot;,&quot;credit&quot;:&quot;&quot;,&quot;camera&quot;:&quot;&quot;,&quot;caption&quot;:&quot;&quot;,&quot;created_timestamp&quot;:&quot;0&quot;,&quot;copyright&quot;:&quot;&quot;,&quot;focal_length&quot;:&quot;0&quot;,&quot;iso&quot;:&quot;0&quot;,&quot;shutter_speed&quot;:&quot;0&quot;,&quot;title&quot;:&quot;&quot;,&quot;orientation&quot;:&quot;0&quot;}\" data-image-title=\"30049613593_1487bd7025_b.jpg\" data-image-description=\"\" data-image-caption=\"\" data-large-file=\"https:\/\/i0.wp.com\/antimuseum.com\/wp-content\/uploads\/2016\/11\/30049613593_1487bd7025_b.jpg.webp?fit=1000%2C667&amp;ssl=1\" src=\"https:\/\/i0.wp.com\/antimuseum.com\/wp-content\/uploads\/2016\/11\/30049613593_1487bd7025_b.jpg.webp?resize=1000%2C667&#038;ssl=1\" alt=\"\" class=\"wp-image-22617\" title=\"16-autumn-30102016-5468.jpg\" srcset=\"https:\/\/i0.wp.com\/antimuseum.com\/wp-content\/uploads\/2016\/11\/30049613593_1487bd7025_b.jpg.webp?w=1000&amp;ssl=1 1000w, https:\/\/i0.wp.com\/antimuseum.com\/wp-content\/uploads\/2016\/11\/30049613593_1487bd7025_b.jpg.webp?resize=300%2C200&amp;ssl=1 300w, https:\/\/i0.wp.com\/antimuseum.com\/wp-content\/uploads\/2016\/11\/30049613593_1487bd7025_b.jpg.webp?resize=768%2C512&amp;ssl=1 768w, https:\/\/i0.wp.com\/antimuseum.com\/wp-content\/uploads\/2016\/11\/30049613593_1487bd7025_b.jpg.webp?resize=600%2C400&amp;ssl=1 600w\" sizes=\"auto, (max-width: 1000px) 100vw, 1000px\" \/><\/figure>\n\n\n\n<p class=\"wp-block-paragraph\">Right down our street.<\/p>\n\n\n\n<figure class=\"wp-block-image size-large\"><a href=\"https:\/\/i0.wp.com\/antimuseum.com\/wp-content\/uploads\/2016\/11\/23069604822_b4343f5407_k.jpg?ssl=1\"><img data-recalc-dims=\"1\" loading=\"lazy\" decoding=\"async\" width=\"1000\" height=\"668\" data-attachment-id=\"22620\" data-permalink=\"https:\/\/antimuseum.com\/en\/2026\/04\/29\/autumn-dead-leaves\/23069604822_b4343f5407_k\/\" data-orig-file=\"https:\/\/i0.wp.com\/antimuseum.com\/wp-content\/uploads\/2016\/11\/23069604822_b4343f5407_k.jpg?fit=2048%2C1367&amp;ssl=1\" data-orig-size=\"2048,1367\" data-comments-opened=\"1\" data-image-meta=\"{&quot;aperture&quot;:&quot;0&quot;,&quot;credit&quot;:&quot;Yann Gourvennec @ygourven&quot;,&quot;camera&quot;:&quot;&quot;,&quot;caption&quot;:&quot;&quot;,&quot;created_timestamp&quot;:&quot;0&quot;,&quot;copyright&quot;:&quot;Copyright (c) 2015 Antimuseum.com&quot;,&quot;focal_length&quot;:&quot;0&quot;,&quot;iso&quot;:&quot;0&quot;,&quot;shutter_speed&quot;:&quot;0&quot;,&quot;title&quot;:&quot;&quot;,&quot;orientation&quot;:&quot;0&quot;}\" data-image-title=\"23069604822_b4343f5407_k\" data-image-description=\"\" data-image-caption=\"\" data-large-file=\"https:\/\/i0.wp.com\/antimuseum.com\/wp-content\/uploads\/2016\/11\/23069604822_b4343f5407_k.jpg?fit=1000%2C668&amp;ssl=1\" src=\"https:\/\/i0.wp.com\/antimuseum.com\/wp-content\/uploads\/2016\/11\/23069604822_b4343f5407_k.jpg?resize=1000%2C668&#038;ssl=1\" alt=\"\" class=\"wp-image-22620\" srcset=\"https:\/\/i0.wp.com\/antimuseum.com\/wp-content\/uploads\/2016\/11\/23069604822_b4343f5407_k.jpg?resize=1024%2C684&amp;ssl=1 1024w, https:\/\/i0.wp.com\/antimuseum.com\/wp-content\/uploads\/2016\/11\/23069604822_b4343f5407_k.jpg?resize=300%2C200&amp;ssl=1 300w, https:\/\/i0.wp.com\/antimuseum.com\/wp-content\/uploads\/2016\/11\/23069604822_b4343f5407_k.jpg?resize=768%2C513&amp;ssl=1 768w, https:\/\/i0.wp.com\/antimuseum.com\/wp-content\/uploads\/2016\/11\/23069604822_b4343f5407_k.jpg?resize=1536%2C1025&amp;ssl=1 1536w, https:\/\/i0.wp.com\/antimuseum.com\/wp-content\/uploads\/2016\/11\/23069604822_b4343f5407_k.jpg?resize=1320%2C881&amp;ssl=1 1320w, https:\/\/i0.wp.com\/antimuseum.com\/wp-content\/uploads\/2016\/11\/23069604822_b4343f5407_k.jpg?resize=600%2C400&amp;ssl=1 600w, https:\/\/i0.wp.com\/antimuseum.com\/wp-content\/uploads\/2016\/11\/23069604822_b4343f5407_k.jpg?w=2048&amp;ssl=1 2048w\" sizes=\"auto, (max-width: 1000px) 100vw, 1000px\" \/><\/a><\/figure>\n\n\n\n<p class=\"wp-block-paragraph\">That one is taken from <a href=\"https:\/\/antimuseum.com\/en\/portfolio-items-english-photography-portfolios\/\" type=\"page\" id=\"21696\">my portfolios<\/a>. Ginkos are incredibly beautiful when autumn comes (here this is Montsouris).<\/p>\n\n\n\n<figure class=\"wp-block-image size-large\"><a href=\"https:\/\/i0.wp.com\/antimuseum.com\/wp-content\/uploads\/2016\/11\/53342414748_9186ba168b_k.jpg?ssl=1\"><img data-recalc-dims=\"1\" loading=\"lazy\" decoding=\"async\" width=\"1000\" height=\"668\" data-attachment-id=\"22621\" data-permalink=\"https:\/\/antimuseum.com\/en\/2026\/04\/29\/autumn-dead-leaves\/53342414748_9186ba168b_k\/\" data-orig-file=\"https:\/\/i0.wp.com\/antimuseum.com\/wp-content\/uploads\/2016\/11\/53342414748_9186ba168b_k.jpg?fit=2048%2C1367&amp;ssl=1\" data-orig-size=\"2048,1367\" data-comments-opened=\"1\" data-image-meta=\"{&quot;aperture&quot;:&quot;0&quot;,&quot;credit&quot;:&quot;Yann Gourvennec @ygourven&quot;,&quot;camera&quot;:&quot;&quot;,&quot;caption&quot;:&quot;&quot;,&quot;created_timestamp&quot;:&quot;0&quot;,&quot;copyright&quot;:&quot;Copyright (c) 2023- Antimuseum.com&quot;,&quot;focal_length&quot;:&quot;0&quot;,&quot;iso&quot;:&quot;0&quot;,&quot;shutter_speed&quot;:&quot;0&quot;,&quot;title&quot;:&quot;&quot;,&quot;orientation&quot;:&quot;0&quot;}\" data-image-title=\"53342414748_9186ba168b_k\" data-image-description=\"\" data-image-caption=\"\" data-large-file=\"https:\/\/i0.wp.com\/antimuseum.com\/wp-content\/uploads\/2016\/11\/53342414748_9186ba168b_k.jpg?fit=1000%2C668&amp;ssl=1\" src=\"https:\/\/i0.wp.com\/antimuseum.com\/wp-content\/uploads\/2016\/11\/53342414748_9186ba168b_k.jpg?resize=1000%2C668&#038;ssl=1\" alt=\"\" class=\"wp-image-22621\" srcset=\"https:\/\/i0.wp.com\/antimuseum.com\/wp-content\/uploads\/2016\/11\/53342414748_9186ba168b_k.jpg?resize=1024%2C684&amp;ssl=1 1024w, https:\/\/i0.wp.com\/antimuseum.com\/wp-content\/uploads\/2016\/11\/53342414748_9186ba168b_k.jpg?resize=300%2C200&amp;ssl=1 300w, https:\/\/i0.wp.com\/antimuseum.com\/wp-content\/uploads\/2016\/11\/53342414748_9186ba168b_k.jpg?resize=768%2C513&amp;ssl=1 768w, https:\/\/i0.wp.com\/antimuseum.com\/wp-content\/uploads\/2016\/11\/53342414748_9186ba168b_k.jpg?resize=1536%2C1025&amp;ssl=1 1536w, https:\/\/i0.wp.com\/antimuseum.com\/wp-content\/uploads\/2016\/11\/53342414748_9186ba168b_k.jpg?resize=1320%2C881&amp;ssl=1 1320w, https:\/\/i0.wp.com\/antimuseum.com\/wp-content\/uploads\/2016\/11\/53342414748_9186ba168b_k.jpg?resize=600%2C400&amp;ssl=1 600w, https:\/\/i0.wp.com\/antimuseum.com\/wp-content\/uploads\/2016\/11\/53342414748_9186ba168b_k.jpg?w=2048&amp;ssl=1 2048w\" sizes=\"auto, (max-width: 1000px) 100vw, 1000px\" \/><\/a><\/figure>\n\n\n\n<h3 class=\"wp-block-heading\">About Jacques Pr\u00e9vert and the Dead Leaves poem<\/h3>\n\n\n\n<p class=\"wp-block-paragraph\">Jacques Pr\u00e9vert was a renowned French poet and screenwriter born on February 4, 1900, in Neuilly-sur-Seine. He is celebrated for his role in popularizing modern poetry in the 20th century, particularly through his simple yet evocative style, which often blends everyday language with profound themes of love, nature, and the human condition. <\/p>\n\n\n\n<p class=\"wp-block-paragraph\">Pr\u00e9vert&#8217;s early life was marked by his education at the prestigious Lyc\u00e9e Louis-le-Grand, where he developed a passion for literature and arts. His poetry became particularly influential during and after World War II, with works like &#8220;Les Feuilles mortes&#8221; and &#8220;Le Po\u00e8te et le Poisson,&#8221; which resonate deeply with universal emotions and experiences. <\/p>\n\n\n\n<p class=\"wp-block-paragraph\">Beyond poetry, Pr\u00e9vert made significant contributions to cinema as a screenwriter, collaborating with notable directors such as Marcel Carn\u00e9 on films like &#8220;Les Enfants du Paradis,&#8221; which remains a cinematic classic. His ability to weave narrative and poetic sensibility has earned him a distinguished place in French literary history. Pr\u00e9vert passed away on April 11, 1977, but his legacy continues to inspire generations, emphasizing the beauty of simplicity and the power of words in expressing complex emotions.<\/p>\n\n\n\n<h4 class=\"wp-block-heading\">Les feuilles mortes \/ Dead Leaves<\/h4>\n\n\n\n<table class=\"bilingual-poem-table\" style=\"width: 100%; border-collapse: collapse; background: transparent; margin: 1.5rem 0;\">\n  <thead>\n    <tr style=\"border-bottom: 1px solid var(--theme-border, #e2e2e2);\">\n      <th style=\"text-align: left; padding: 12px 16px 8px 0; font-weight: 600; font-size: 0.85rem; text-transform: uppercase; letter-spacing: 1px; color: var(--theme-palette-color-2, #6b4e34);\">Fran\u00e7ais<\/th>\n      <th style=\"text-align: left; padding: 12px 0 8px 16px; font-weight: 600; font-size: 0.85rem; text-transform: uppercase; letter-spacing: 1px; color: var(--theme-palette-color-2, #6b4e34);\">English<\/th>\n    <\/tr>\n  <\/thead>\n  <tbody>\n    <tr style=\"border-bottom: 1px solid var(--theme-border, #f0f0f0);\">\n      <td style=\"vertical-align: top; padding: 12px 16px 12px 0; width: 50%;\">\n        Oh! je voudrais tant que tu te souviennes<br \/>\n        Des jours heureux o\u00f9 nous \u00e9tions amis.<br \/>\n        Dans ce temps-l\u00e0 la vie \u00e9tait plus belle,<br \/>\n        Et le soleil plus br\u00fblant qu&#8217;aujourd&#8217;hui.<br \/>\n        Les feuilles mortes se ramassent \u00e0 la pelle.<br \/>\n        Tu vois, je n&#8217;ai pas oubli\u00e9&#8230;\n      <\/td>\n      <td style=\"vertical-align: top; padding: 12px 0 12px 16px;\">\n        Oh! I wish so much that you would remember<br \/>\n        The happy days when we were friends.<br \/>\n        In that time life was more beautiful,<br \/>\n        And the sun more burning than today.<br \/>\n        Dead leaves are gathered up by the shovel.<br \/>\n        You see, I have not forgotten&#8230;\n      <\/td>\n    <\/tr>\n    <tr style=\"border-bottom: 1px solid var(--theme-border, #f0f0f0);\">\n      <td style=\"vertical-align: top; padding: 12px 16px 12px 0;\">\n        Les feuilles mortes se ramassent \u00e0 la pelle,<br \/>\n        Les souvenirs et les regrets aussi.<br \/>\n        Et le vent du nord les emporte<br \/>\n        Dans la nuit froide de l&#8217;oubli.<br \/>\n        Tu vois, je n&#8217;ai pas oubli\u00e9<br \/>\n        La chanson que tu me chantais.\n      <\/td>\n      <td style=\"vertical-align: top; padding: 12px 0 12px 16px;\">\n        Dead leaves are gathered up by the shovel,<br \/>\n        Memories and regrets as well.<br \/>\n        And the north wind carries them away<br \/>\n        Into the cold night of oblivion.<br \/>\n        You see, I have not forgotten<br \/>\n        The song you used to sing to me.\n      <\/td>\n    <\/tr>\n    <tr style=\"border-bottom: 1px solid var(--theme-border, #f0f0f0);\">\n      <td style=\"vertical-align: top; padding: 12px 16px 12px 0;\">\n        C&#8217;est une chanson qui nous ressemble.<br \/>\n        Toi, tu m&#8217;aimais et je t&#8217;aimais.<br \/>\n        Et nous vivions tous les deux ensemble,<br \/>\n        Toi qui m&#8217;aimais, moi qui t&#8217;aimais.<br \/>\n        Mais la vie s\u00e9pare ceux qui s&#8217;aiment,<br \/>\n        Tout doucement, sans faire de bruit.<br \/>\n        Et la mer efface sur le sable<br \/>\n        Les pas des amants d\u00e9sunis.\n      <\/td>\n      <td style=\"vertical-align: top; padding: 12px 0 12px 16px;\">\n        It&#8217;s a song that resembles us.<br \/>\n        You loved me and I loved you.<br \/>\n        And we used to live together,<br \/>\n        You who loved me, I who loved you.<br \/>\n        But life separates those who love each other,<br \/>\n        Softly, without making a sound.<br \/>\n        And the sea washes away on the sand<br \/>\n        The footsteps of parted lovers.\n      <\/td>\n    <\/tr>\n    <tr style=\"border-bottom: 1px solid var(--theme-border, #f0f0f0);\">\n      <td style=\"vertical-align: top; padding: 12px 16px 12px 0;\">\n        Les feuilles mortes se ramassent \u00e0 la pelle,<br \/>\n        Les souvenirs et les regrets aussi.<br \/>\n        Mais mon amour silencieux et fid\u00e8le<br \/>\n        Sourit toujours et remercie la vie.<br \/>\n        Je t&#8217;aimais tant, tu \u00e9tais si jolie.<br \/>\n        Comment veux-tu que je t&#8217;oublie ?<br \/>\n        En ce temps-l\u00e0, l&#8217;amour avait la vie belle,<br \/>\n        Et le soleil plus br\u00fblant qu&#8217;aujourd&#8217;hui.<br \/>\n        Tu \u00e9tais ma plus douce amie.\n      <\/td>\n      <td style=\"vertical-align: top; padding: 12px 0 12px 16px;\">\n        Dead leaves are gathered up by the shovel,<br \/>\n        Memories and regrets as well.<br \/>\n        But my silent and faithful love<br \/>\n        Still smiles and gives thanks to life.<br \/>\n        I loved you so, you were so pretty.<br \/>\n        How can you expect me to forget you?<br \/>\n        In that time, love had a beautiful life,<br \/>\n        And the sun more burning than today.<br \/>\n        You were my sweetest friend.\n      <\/td>\n    <\/tr>\n    <tr style=\"border-bottom: 1px solid var(--theme-border, #f0f0f0);\">\n      <td style=\"vertical-align: top; padding: 12px 16px 12px 0;\">\n        Mais la vie s\u00e9pare ceux qui s&#8217;aiment,<br \/>\n        Tout doucement, sans faire de bruit.<br \/>\n        Et la mer efface sur le sable<br \/>\n        Les pas des amants d\u00e9sunis.<br \/><br \/>\n        Les feuilles mortes se ramassent \u00e0 la pelle,<br \/>\n        Les souvenirs et les regrets aussi.<br \/>\n        Et le vent du nord les emporte<br \/>\n        Dans la nuit froide de l&#8217;oubli.<br \/><br \/>\n        Pourtant, ma chanson te dit:<br \/>\n        \u00ab Reviens, reviens, mon amoureux \u00bb<br \/>\n        Le temps passe et rien ne rend les beaux jours,<br \/>\n        Mais reviens quand m\u00eame, si tu le peux.\n      <\/td>\n      <td style=\"vertical-align: top; padding: 12px 0 12px 16px;\">\n        But life separates those who love each other,<br \/>\n        Softly, without making a sound.<br \/>\n        And the sea washes away on the sand<br \/>\n        The footsteps of parted lovers.<br \/><br \/>\n        Dead leaves are gathered up by the shovel,<br \/>\n        Memories and regrets as well.<br \/>\n        And the north wind carries them away<br \/>\n        Into the cold night of oblivion.<br \/><br \/>\n        Yet, my song tells you:<br \/>\n        \u201cCome back, come back, my lover\u201d<br \/>\n        Time passes and nothing brings back the beautiful days,<br \/>\n        But come back anyway, if you can.\n      <\/td>\n    <\/tr>\n  <\/tbody>\n<\/table>\n\n<p style=\"font-size: 0.8rem; color: var(--theme-palette-color-3, #888); margin-top: 1rem; text-align: center;\">\n  Jacques Pr\u00e9vert \u2014 <em>Les Feuilles Mortes<\/em> (1946) \u00b7 Bilingual version\n<\/p>\n","protected":false},"excerpt":{"rendered":"<p>A long time ago, in November, the Photo Challenge was &#8220;it\u2019s not this time of year without\u2026&#8221; and I chose dead leaves. Because we were in Autumn and leaves tend to fall rather late, towards the middle or end of November. Here is a selection of Autumn leaves culminating with Dead Leaves, a great poem [&hellip;]<\/p>\n","protected":false},"author":60439,"featured_media":22619,"comment_status":"open","ping_status":"open","sticky":false,"template":"","format":"standard","meta":{"_crdt_document":"","_jetpack_newsletter_access":"","_jetpack_dont_email_post_to_subs":false,"_jetpack_newsletter_tier_id":0,"_jetpack_memberships_contains_paywalled_content":false,"_jetpack_memberships_contains_paid_content":false,"footnotes":"","jetpack_publicize_message":"","jetpack_publicize_feature_enabled":true,"jetpack_social_post_already_shared":false,"jetpack_social_options":{"image_generator_settings":{"template":"dois","default_image_id":0,"font":"","enabled":false},"version":2},"_wpas_customize_per_network":false,"jetpack_post_was_ever_published":false},"categories":[436],"tags":[678148269,678148298],"class_list":["post-2844","post","type-post","status-publish","format-standard","has-post-thumbnail","hentry","category-photography","tag-dailyprompt","tag-dailyprompt-1923"],"blocksy_meta":[],"yoast_head":"<!-- This site is optimized with the Yoast SEO plugin v27.5 - https:\/\/yoast.com\/product\/yoast-seo-wordpress\/ -->\n<title>Autumn Leaves inclusive of Jacques Prevert&#039;s poem<\/title>\n<meta name=\"description\" content=\"Tonight\u2019s Challenge is &quot;it\u2019s not this time of year without Autumn Leaves\u2026&quot; Because we are in Autumn here and leaves tend to fall in November\" \/>\n<meta name=\"robots\" content=\"noindex, follow\" \/>\n<meta property=\"og:locale\" content=\"en_US\" \/>\n<meta property=\"og:type\" content=\"article\" \/>\n<meta property=\"og:title\" content=\"Autumn Leaves inclusive of Jacques Prevert&#039;s poem\" \/>\n<meta property=\"og:description\" content=\"Tonight\u2019s Challenge is &quot;it\u2019s not this time of year without Autumn Leaves\u2026&quot; Because we are in Autumn here and leaves tend to fall in November\" \/>\n<meta property=\"og:url\" content=\"https:\/\/antimuseum.com\/en\/2026\/04\/29\/autumn-dead-leaves\/\" \/>\n<meta property=\"og:site_name\" content=\"Yann Gourvennec - Photography\" \/>\n<meta property=\"article:publisher\" content=\"https:\/\/www.facebook.com\/AntimuseumParis\/\" \/>\n<meta property=\"article:published_time\" content=\"2026-04-29T15:03:55+00:00\" \/>\n<meta property=\"article:modified_time\" content=\"2026-04-29T15:10:31+00:00\" \/>\n<meta property=\"og:image\" content=\"https:\/\/antimuseum.com\/wp-content\/uploads\/2016\/11\/30683404615_9308933200_b.jpg.webp\" \/>\n\t<meta property=\"og:image:width\" content=\"1000\" \/>\n\t<meta property=\"og:image:height\" content=\"667\" \/>\n\t<meta property=\"og:image:type\" content=\"image\/webp\" \/>\n<meta name=\"author\" content=\"Yann Gourvennec\" \/>\n<meta name=\"twitter:card\" content=\"summary_large_image\" \/>\n<meta name=\"twitter:creator\" content=\"@ygourven\" \/>\n<meta name=\"twitter:site\" content=\"@ygourven\" \/>\n<meta name=\"twitter:label1\" content=\"Written by\" \/>\n\t<meta name=\"twitter:data1\" content=\"Yann Gourvennec\" \/>\n\t<meta name=\"twitter:label2\" content=\"Est. reading time\" \/>\n\t<meta name=\"twitter:data2\" content=\"6 minutes\" \/>\n<script type=\"application\/ld+json\" class=\"yoast-schema-graph\">{\"@context\":\"https:\\\/\\\/schema.org\",\"@graph\":[{\"@type\":\"Article\",\"@id\":\"https:\\\/\\\/antimuseum.com\\\/en\\\/2026\\\/04\\\/29\\\/autumn-dead-leaves\\\/#article\",\"isPartOf\":{\"@id\":\"https:\\\/\\\/antimuseum.com\\\/en\\\/2026\\\/04\\\/29\\\/autumn-dead-leaves\\\/\"},\"author\":{\"name\":\"Yann Gourvennec\",\"@id\":\"https:\\\/\\\/antimuseum.com\\\/en\\\/#\\\/schema\\\/person\\\/545aaf6fc711850cd5dace4214985a98\"},\"headline\":\"Autumn Leaves inclusive of Jacques Prevert&#8217;s poem\",\"datePublished\":\"2026-04-29T15:03:55+00:00\",\"dateModified\":\"2026-04-29T15:10:31+00:00\",\"mainEntityOfPage\":{\"@id\":\"https:\\\/\\\/antimuseum.com\\\/en\\\/2026\\\/04\\\/29\\\/autumn-dead-leaves\\\/\"},\"wordCount\":925,\"commentCount\":10,\"publisher\":{\"@id\":\"https:\\\/\\\/antimuseum.com\\\/en\\\/#organization\"},\"image\":{\"@id\":\"https:\\\/\\\/antimuseum.com\\\/en\\\/2026\\\/04\\\/29\\\/autumn-dead-leaves\\\/#primaryimage\"},\"thumbnailUrl\":\"https:\\\/\\\/i0.wp.com\\\/antimuseum.com\\\/wp-content\\\/uploads\\\/2016\\\/11\\\/30683404615_9308933200_b.jpg.webp?fit=1000%2C667&ssl=1\",\"keywords\":[\"dailyprompt\",\"dailyprompt-1923\"],\"articleSection\":[\"Photography\"],\"inLanguage\":\"en-US\",\"potentialAction\":[{\"@type\":\"CommentAction\",\"name\":\"Comment\",\"target\":[\"https:\\\/\\\/antimuseum.com\\\/en\\\/2026\\\/04\\\/29\\\/autumn-dead-leaves\\\/#respond\"]}]},{\"@type\":\"WebPage\",\"@id\":\"https:\\\/\\\/antimuseum.com\\\/en\\\/2026\\\/04\\\/29\\\/autumn-dead-leaves\\\/\",\"url\":\"https:\\\/\\\/antimuseum.com\\\/en\\\/2026\\\/04\\\/29\\\/autumn-dead-leaves\\\/\",\"name\":\"Autumn Leaves inclusive of Jacques Prevert's poem\",\"isPartOf\":{\"@id\":\"https:\\\/\\\/antimuseum.com\\\/en\\\/#website\"},\"primaryImageOfPage\":{\"@id\":\"https:\\\/\\\/antimuseum.com\\\/en\\\/2026\\\/04\\\/29\\\/autumn-dead-leaves\\\/#primaryimage\"},\"image\":{\"@id\":\"https:\\\/\\\/antimuseum.com\\\/en\\\/2026\\\/04\\\/29\\\/autumn-dead-leaves\\\/#primaryimage\"},\"thumbnailUrl\":\"https:\\\/\\\/i0.wp.com\\\/antimuseum.com\\\/wp-content\\\/uploads\\\/2016\\\/11\\\/30683404615_9308933200_b.jpg.webp?fit=1000%2C667&ssl=1\",\"datePublished\":\"2026-04-29T15:03:55+00:00\",\"dateModified\":\"2026-04-29T15:10:31+00:00\",\"description\":\"Tonight\u2019s Challenge is \\\"it\u2019s not this time of year without Autumn Leaves\u2026\\\" Because we are in Autumn here and leaves tend to fall in November\",\"breadcrumb\":{\"@id\":\"https:\\\/\\\/antimuseum.com\\\/en\\\/2026\\\/04\\\/29\\\/autumn-dead-leaves\\\/#breadcrumb\"},\"inLanguage\":\"en-US\",\"potentialAction\":[{\"@type\":\"ReadAction\",\"target\":[\"https:\\\/\\\/antimuseum.com\\\/en\\\/2026\\\/04\\\/29\\\/autumn-dead-leaves\\\/\"]}]},{\"@type\":\"ImageObject\",\"inLanguage\":\"en-US\",\"@id\":\"https:\\\/\\\/antimuseum.com\\\/en\\\/2026\\\/04\\\/29\\\/autumn-dead-leaves\\\/#primaryimage\",\"url\":\"https:\\\/\\\/i0.wp.com\\\/antimuseum.com\\\/wp-content\\\/uploads\\\/2016\\\/11\\\/30683404615_9308933200_b.jpg.webp?fit=1000%2C667&ssl=1\",\"contentUrl\":\"https:\\\/\\\/i0.wp.com\\\/antimuseum.com\\\/wp-content\\\/uploads\\\/2016\\\/11\\\/30683404615_9308933200_b.jpg.webp?fit=1000%2C667&ssl=1\",\"width\":1000,\"height\":667},{\"@type\":\"BreadcrumbList\",\"@id\":\"https:\\\/\\\/antimuseum.com\\\/en\\\/2026\\\/04\\\/29\\\/autumn-dead-leaves\\\/#breadcrumb\",\"itemListElement\":[{\"@type\":\"ListItem\",\"position\":1,\"name\":\"Home\",\"item\":\"https:\\\/\\\/antimuseum.com\\\/en\\\/photographe-portrait-entreprise-paris\\\/\"},{\"@type\":\"ListItem\",\"position\":2,\"name\":\"Autumn Leaves inclusive of Jacques Prevert&#8217;s poem\"}]},{\"@type\":\"WebSite\",\"@id\":\"https:\\\/\\\/antimuseum.com\\\/en\\\/#website\",\"url\":\"https:\\\/\\\/antimuseum.com\\\/en\\\/\",\"name\":\"The Antimuseum in Paris (and beyond)\",\"description\":\"The Antimuseum in Paris (and beyond)\",\"publisher\":{\"@id\":\"https:\\\/\\\/antimuseum.com\\\/en\\\/#organization\"},\"alternateName\":\"anti-museum in Paris\",\"potentialAction\":[{\"@type\":\"SearchAction\",\"target\":{\"@type\":\"EntryPoint\",\"urlTemplate\":\"https:\\\/\\\/antimuseum.com\\\/en\\\/?s={search_term_string}\"},\"query-input\":{\"@type\":\"PropertyValueSpecification\",\"valueRequired\":true,\"valueName\":\"search_term_string\"}}],\"inLanguage\":\"en-US\"},{\"@type\":\"Organization\",\"@id\":\"https:\\\/\\\/antimuseum.com\\\/en\\\/#organization\",\"name\":\"The Antimuseum in Paris (and beyond)\",\"url\":\"https:\\\/\\\/antimuseum.com\\\/en\\\/\",\"logo\":{\"@type\":\"ImageObject\",\"inLanguage\":\"en-US\",\"@id\":\"https:\\\/\\\/antimuseum.com\\\/en\\\/#\\\/schema\\\/logo\\\/image\\\/\",\"url\":\"https:\\\/\\\/antimuseum.com\\\/wp-content\\\/uploads\\\/2021\\\/01\\\/antimuseum-logo-1-2-e1610813225740.png\",\"contentUrl\":\"https:\\\/\\\/antimuseum.com\\\/wp-content\\\/uploads\\\/2021\\\/01\\\/antimuseum-logo-1-2-e1610813225740.png\",\"width\":1487,\"height\":692,\"caption\":\"The Antimuseum in Paris (and beyond)\"},\"image\":{\"@id\":\"https:\\\/\\\/antimuseum.com\\\/en\\\/#\\\/schema\\\/logo\\\/image\\\/\"},\"sameAs\":[\"https:\\\/\\\/www.facebook.com\\\/AntimuseumParis\\\/\",\"https:\\\/\\\/x.com\\\/ygourven\"]},{\"@type\":\"Person\",\"@id\":\"https:\\\/\\\/antimuseum.com\\\/en\\\/#\\\/schema\\\/person\\\/545aaf6fc711850cd5dace4214985a98\",\"name\":\"Yann Gourvennec\",\"image\":{\"@type\":\"ImageObject\",\"inLanguage\":\"en-US\",\"@id\":\"https:\\\/\\\/secure.gravatar.com\\\/avatar\\\/d6cd451b8e0fc3c089b819830933d0a38a14de90e62c0dfdbf7feeb7bf00510e?s=96&d=identicon&r=g\",\"url\":\"https:\\\/\\\/secure.gravatar.com\\\/avatar\\\/d6cd451b8e0fc3c089b819830933d0a38a14de90e62c0dfdbf7feeb7bf00510e?s=96&d=identicon&r=g\",\"contentUrl\":\"https:\\\/\\\/secure.gravatar.com\\\/avatar\\\/d6cd451b8e0fc3c089b819830933d0a38a14de90e62c0dfdbf7feeb7bf00510e?s=96&d=identicon&r=g\",\"caption\":\"Yann Gourvennec\"},\"description\":\"I'm a photographer and watercolourist. I have practiced photography since childhood and digital photography since 1995. I turned it into my main occupation in 2021. I own a photo studio in Paris, France. ------------ Je suis photographe et aquarelliste. Je pratique la photographie depuis l'enfance et la photographie num\u00e9rique depuis 1995. J'en ai fait mon activit\u00e9 principale en 2021. Je poss\u00e8de un studio photo dans le 15e arrondissement de Paris\",\"sameAs\":[\"https:\\\/\\\/visionarymarketing.com\"],\"url\":\"https:\\\/\\\/antimuseum.com\\\/en\\\/author\\\/visionarymarketing\\\/\"}]}<\/script>\n<!-- \/ Yoast SEO plugin. -->","yoast_head_json":{"title":"Autumn Leaves inclusive of Jacques Prevert's poem","description":"Tonight\u2019s Challenge is \"it\u2019s not this time of year without Autumn Leaves\u2026\" Because we are in Autumn here and leaves tend to fall in November","robots":{"index":"noindex","follow":"follow"},"og_locale":"en_US","og_type":"article","og_title":"Autumn Leaves inclusive of Jacques Prevert's poem","og_description":"Tonight\u2019s Challenge is \"it\u2019s not this time of year without Autumn Leaves\u2026\" Because we are in Autumn here and leaves tend to fall in November","og_url":"https:\/\/antimuseum.com\/en\/2026\/04\/29\/autumn-dead-leaves\/","og_site_name":"Yann Gourvennec - Photography","article_publisher":"https:\/\/www.facebook.com\/AntimuseumParis\/","article_published_time":"2026-04-29T15:03:55+00:00","article_modified_time":"2026-04-29T15:10:31+00:00","og_image":[{"width":1000,"height":667,"url":"https:\/\/antimuseum.com\/wp-content\/uploads\/2016\/11\/30683404615_9308933200_b.jpg.webp","type":"image\/webp"}],"author":"Yann Gourvennec","twitter_card":"summary_large_image","twitter_creator":"@ygourven","twitter_site":"@ygourven","twitter_misc":{"Written by":"Yann Gourvennec","Est. reading time":"6 minutes"},"schema":{"@context":"https:\/\/schema.org","@graph":[{"@type":"Article","@id":"https:\/\/antimuseum.com\/en\/2026\/04\/29\/autumn-dead-leaves\/#article","isPartOf":{"@id":"https:\/\/antimuseum.com\/en\/2026\/04\/29\/autumn-dead-leaves\/"},"author":{"name":"Yann Gourvennec","@id":"https:\/\/antimuseum.com\/en\/#\/schema\/person\/545aaf6fc711850cd5dace4214985a98"},"headline":"Autumn Leaves inclusive of Jacques Prevert&#8217;s poem","datePublished":"2026-04-29T15:03:55+00:00","dateModified":"2026-04-29T15:10:31+00:00","mainEntityOfPage":{"@id":"https:\/\/antimuseum.com\/en\/2026\/04\/29\/autumn-dead-leaves\/"},"wordCount":925,"commentCount":10,"publisher":{"@id":"https:\/\/antimuseum.com\/en\/#organization"},"image":{"@id":"https:\/\/antimuseum.com\/en\/2026\/04\/29\/autumn-dead-leaves\/#primaryimage"},"thumbnailUrl":"https:\/\/i0.wp.com\/antimuseum.com\/wp-content\/uploads\/2016\/11\/30683404615_9308933200_b.jpg.webp?fit=1000%2C667&ssl=1","keywords":["dailyprompt","dailyprompt-1923"],"articleSection":["Photography"],"inLanguage":"en-US","potentialAction":[{"@type":"CommentAction","name":"Comment","target":["https:\/\/antimuseum.com\/en\/2026\/04\/29\/autumn-dead-leaves\/#respond"]}]},{"@type":"WebPage","@id":"https:\/\/antimuseum.com\/en\/2026\/04\/29\/autumn-dead-leaves\/","url":"https:\/\/antimuseum.com\/en\/2026\/04\/29\/autumn-dead-leaves\/","name":"Autumn Leaves inclusive of Jacques Prevert's poem","isPartOf":{"@id":"https:\/\/antimuseum.com\/en\/#website"},"primaryImageOfPage":{"@id":"https:\/\/antimuseum.com\/en\/2026\/04\/29\/autumn-dead-leaves\/#primaryimage"},"image":{"@id":"https:\/\/antimuseum.com\/en\/2026\/04\/29\/autumn-dead-leaves\/#primaryimage"},"thumbnailUrl":"https:\/\/i0.wp.com\/antimuseum.com\/wp-content\/uploads\/2016\/11\/30683404615_9308933200_b.jpg.webp?fit=1000%2C667&ssl=1","datePublished":"2026-04-29T15:03:55+00:00","dateModified":"2026-04-29T15:10:31+00:00","description":"Tonight\u2019s Challenge is \"it\u2019s not this time of year without Autumn Leaves\u2026\" Because we are in Autumn here and leaves tend to fall in November","breadcrumb":{"@id":"https:\/\/antimuseum.com\/en\/2026\/04\/29\/autumn-dead-leaves\/#breadcrumb"},"inLanguage":"en-US","potentialAction":[{"@type":"ReadAction","target":["https:\/\/antimuseum.com\/en\/2026\/04\/29\/autumn-dead-leaves\/"]}]},{"@type":"ImageObject","inLanguage":"en-US","@id":"https:\/\/antimuseum.com\/en\/2026\/04\/29\/autumn-dead-leaves\/#primaryimage","url":"https:\/\/i0.wp.com\/antimuseum.com\/wp-content\/uploads\/2016\/11\/30683404615_9308933200_b.jpg.webp?fit=1000%2C667&ssl=1","contentUrl":"https:\/\/i0.wp.com\/antimuseum.com\/wp-content\/uploads\/2016\/11\/30683404615_9308933200_b.jpg.webp?fit=1000%2C667&ssl=1","width":1000,"height":667},{"@type":"BreadcrumbList","@id":"https:\/\/antimuseum.com\/en\/2026\/04\/29\/autumn-dead-leaves\/#breadcrumb","itemListElement":[{"@type":"ListItem","position":1,"name":"Home","item":"https:\/\/antimuseum.com\/en\/photographe-portrait-entreprise-paris\/"},{"@type":"ListItem","position":2,"name":"Autumn Leaves inclusive of Jacques Prevert&#8217;s poem"}]},{"@type":"WebSite","@id":"https:\/\/antimuseum.com\/en\/#website","url":"https:\/\/antimuseum.com\/en\/","name":"The Antimuseum in Paris (and beyond)","description":"The Antimuseum in Paris (and beyond)","publisher":{"@id":"https:\/\/antimuseum.com\/en\/#organization"},"alternateName":"anti-museum in Paris","potentialAction":[{"@type":"SearchAction","target":{"@type":"EntryPoint","urlTemplate":"https:\/\/antimuseum.com\/en\/?s={search_term_string}"},"query-input":{"@type":"PropertyValueSpecification","valueRequired":true,"valueName":"search_term_string"}}],"inLanguage":"en-US"},{"@type":"Organization","@id":"https:\/\/antimuseum.com\/en\/#organization","name":"The Antimuseum in Paris (and beyond)","url":"https:\/\/antimuseum.com\/en\/","logo":{"@type":"ImageObject","inLanguage":"en-US","@id":"https:\/\/antimuseum.com\/en\/#\/schema\/logo\/image\/","url":"https:\/\/antimuseum.com\/wp-content\/uploads\/2021\/01\/antimuseum-logo-1-2-e1610813225740.png","contentUrl":"https:\/\/antimuseum.com\/wp-content\/uploads\/2021\/01\/antimuseum-logo-1-2-e1610813225740.png","width":1487,"height":692,"caption":"The Antimuseum in Paris (and beyond)"},"image":{"@id":"https:\/\/antimuseum.com\/en\/#\/schema\/logo\/image\/"},"sameAs":["https:\/\/www.facebook.com\/AntimuseumParis\/","https:\/\/x.com\/ygourven"]},{"@type":"Person","@id":"https:\/\/antimuseum.com\/en\/#\/schema\/person\/545aaf6fc711850cd5dace4214985a98","name":"Yann Gourvennec","image":{"@type":"ImageObject","inLanguage":"en-US","@id":"https:\/\/secure.gravatar.com\/avatar\/d6cd451b8e0fc3c089b819830933d0a38a14de90e62c0dfdbf7feeb7bf00510e?s=96&d=identicon&r=g","url":"https:\/\/secure.gravatar.com\/avatar\/d6cd451b8e0fc3c089b819830933d0a38a14de90e62c0dfdbf7feeb7bf00510e?s=96&d=identicon&r=g","contentUrl":"https:\/\/secure.gravatar.com\/avatar\/d6cd451b8e0fc3c089b819830933d0a38a14de90e62c0dfdbf7feeb7bf00510e?s=96&d=identicon&r=g","caption":"Yann Gourvennec"},"description":"I'm a photographer and watercolourist. I have practiced photography since childhood and digital photography since 1995. I turned it into my main occupation in 2021. I own a photo studio in Paris, France. ------------ Je suis photographe et aquarelliste. Je pratique la photographie depuis l'enfance et la photographie num\u00e9rique depuis 1995. J'en ai fait mon activit\u00e9 principale en 2021. Je poss\u00e8de un studio photo dans le 15e arrondissement de Paris","sameAs":["https:\/\/visionarymarketing.com"],"url":"https:\/\/antimuseum.com\/en\/author\/visionarymarketing\/"}]}},"jetpack_publicize_connections":[],"jetpack_featured_media_url":"https:\/\/i0.wp.com\/antimuseum.com\/wp-content\/uploads\/2016\/11\/30683404615_9308933200_b.jpg.webp?fit=1000%2C667&ssl=1","jetpack_likes_enabled":true,"jetpack_sharing_enabled":true,"jetpack_shortlink":"https:\/\/wp.me\/p1bww-JS","jetpack-related-posts":[{"id":9865,"url":"https:\/\/antimuseum.com\/en\/2021\/11\/14\/autumn-leaves-in-aix-les-bains\/","url_meta":{"origin":2844,"position":0},"title":"Autumn leaves in Aix les Bains","author":"Yann Gourvennec","date":"November 14, 2021","format":false,"excerpt":"Autumn leaves is a recurring theme,\u00a0and now is the right period for this kind of pictures. Here's a series of shots taken on October 31 in Aix les Bains. Above, a beautiful 1900s building. I really need to get rid of these awful green posts on the right though. It's\u2026","rel":"","context":"In &quot;Landscape Photography&quot;","block_context":{"text":"Landscape Photography","link":"https:\/\/antimuseum.com\/en\/category\/photography\/landscape-photography\/"},"img":{"alt_text":"","src":"https:\/\/i0.wp.com\/antimuseum.com\/wp-content\/uploads\/2021\/11\/51646737073_10784f2775_k.jpg?fit=1200%2C801&ssl=1&resize=350%2C200","width":350,"height":200,"srcset":"https:\/\/i0.wp.com\/antimuseum.com\/wp-content\/uploads\/2021\/11\/51646737073_10784f2775_k.jpg?fit=1200%2C801&ssl=1&resize=350%2C200 1x, https:\/\/i0.wp.com\/antimuseum.com\/wp-content\/uploads\/2021\/11\/51646737073_10784f2775_k.jpg?fit=1200%2C801&ssl=1&resize=525%2C300 1.5x, https:\/\/i0.wp.com\/antimuseum.com\/wp-content\/uploads\/2021\/11\/51646737073_10784f2775_k.jpg?fit=1200%2C801&ssl=1&resize=700%2C400 2x, https:\/\/i0.wp.com\/antimuseum.com\/wp-content\/uploads\/2021\/11\/51646737073_10784f2775_k.jpg?fit=1200%2C801&ssl=1&resize=1050%2C600 3x"},"classes":[]},{"id":3752,"url":"https:\/\/antimuseum.com\/en\/2018\/12\/22\/autumn-leaves-2018\/","url_meta":{"origin":2844,"position":1},"title":"Autumn leaves &#8211; 2018","author":"Yann Gourvennec","date":"December 22, 2018","format":false,"excerpt":"Mid October in Le Bourget du Lac, at the beginning of Autumn. Dead leaves always make up for a nice subject and I rarely forget to prepare my camera in Autumn. As in this picture from a few years ago with the golden Ginkgos in Montsouris. Autumn 2015 in Montsouris\u2026","rel":"","context":"In &quot;Photography&quot;","block_context":{"text":"Photography","link":"https:\/\/antimuseum.com\/en\/category\/photography\/"},"img":{"alt_text":"","src":"https:\/\/i0.wp.com\/antimuseum.com\/wp-content\/uploads\/2018\/12\/46329371521_4f8449e8ce_k.jpg?resize=350%2C200&ssl=1","width":350,"height":200,"srcset":"https:\/\/i0.wp.com\/antimuseum.com\/wp-content\/uploads\/2018\/12\/46329371521_4f8449e8ce_k.jpg?resize=350%2C200&ssl=1 1x, https:\/\/i0.wp.com\/antimuseum.com\/wp-content\/uploads\/2018\/12\/46329371521_4f8449e8ce_k.jpg?resize=525%2C300&ssl=1 1.5x, https:\/\/i0.wp.com\/antimuseum.com\/wp-content\/uploads\/2018\/12\/46329371521_4f8449e8ce_k.jpg?resize=700%2C400&ssl=1 2x, https:\/\/i0.wp.com\/antimuseum.com\/wp-content\/uploads\/2018\/12\/46329371521_4f8449e8ce_k.jpg?resize=1050%2C600&ssl=1 3x, https:\/\/i0.wp.com\/antimuseum.com\/wp-content\/uploads\/2018\/12\/46329371521_4f8449e8ce_k.jpg?resize=1400%2C800&ssl=1 4x"},"classes":[]},{"id":2827,"url":"https:\/\/antimuseum.com\/en\/2016\/11\/04\/chaos-creation\/","url_meta":{"origin":2844,"position":2},"title":"Chaos Is The Mother Of Mother Earth","author":"Yann Gourvennec","date":"November 4, 2016","format":false,"excerpt":"Tonight\u2019s challenge is \"chaos\". Chaos (or Chasm), according to the ancient Greeks was the state of things before anything was created. Out of nothing - chaos - came Ga\u00efa (the Earth) and many other things. Chaos is the Mother of Mother Earth. Chaos, as in this green light seen through\u2026","rel":"","context":"In &quot;Photography&quot;","block_context":{"text":"Photography","link":"https:\/\/antimuseum.com\/en\/category\/photography\/"},"img":{"alt_text":"","src":"https:\/\/i0.wp.com\/antimuseum.com\/wp-content\/uploads\/2016\/11\/30628553071_38723082ee_k.jpg?fit=1200%2C1200&ssl=1&resize=350%2C200","width":350,"height":200,"srcset":"https:\/\/i0.wp.com\/antimuseum.com\/wp-content\/uploads\/2016\/11\/30628553071_38723082ee_k.jpg?fit=1200%2C1200&ssl=1&resize=350%2C200 1x, https:\/\/i0.wp.com\/antimuseum.com\/wp-content\/uploads\/2016\/11\/30628553071_38723082ee_k.jpg?fit=1200%2C1200&ssl=1&resize=525%2C300 1.5x, https:\/\/i0.wp.com\/antimuseum.com\/wp-content\/uploads\/2016\/11\/30628553071_38723082ee_k.jpg?fit=1200%2C1200&ssl=1&resize=700%2C400 2x, https:\/\/i0.wp.com\/antimuseum.com\/wp-content\/uploads\/2016\/11\/30628553071_38723082ee_k.jpg?fit=1200%2C1200&ssl=1&resize=1050%2C600 3x"},"classes":[]},{"id":2515,"url":"https:\/\/antimuseum.com\/en\/2015\/11\/12\/autumn-hdr\/","url_meta":{"origin":2844,"position":3},"title":"Autumn Leaves &#8211; HDR","author":"Yann Gourvennec","date":"November 12, 2015","format":false,"excerpt":"The Ginkgoes around Montsouris in the South of Paris and their golden leaves on a beautiful and unusually warm autumn day last Sunday.","rel":"","context":"In &quot;Photography&quot;","block_context":{"text":"Photography","link":"https:\/\/antimuseum.com\/en\/category\/photography\/"},"img":{"alt_text":"","src":"https:\/\/i0.wp.com\/antimuseum.com\/wp-content\/uploads\/2015\/11\/22455926238_7855447ab3_k.jpg?fit=1200%2C800&ssl=1&resize=350%2C200","width":350,"height":200,"srcset":"https:\/\/i0.wp.com\/antimuseum.com\/wp-content\/uploads\/2015\/11\/22455926238_7855447ab3_k.jpg?fit=1200%2C800&ssl=1&resize=350%2C200 1x, https:\/\/i0.wp.com\/antimuseum.com\/wp-content\/uploads\/2015\/11\/22455926238_7855447ab3_k.jpg?fit=1200%2C800&ssl=1&resize=525%2C300 1.5x, https:\/\/i0.wp.com\/antimuseum.com\/wp-content\/uploads\/2015\/11\/22455926238_7855447ab3_k.jpg?fit=1200%2C800&ssl=1&resize=700%2C400 2x, https:\/\/i0.wp.com\/antimuseum.com\/wp-content\/uploads\/2015\/11\/22455926238_7855447ab3_k.jpg?fit=1200%2C800&ssl=1&resize=1050%2C600 3x"},"classes":[]},{"id":22639,"url":"https:\/\/antimuseum.com\/2026\/04\/29\/feuilles-mortes-avec-prevert-en-sus\/","url_meta":{"origin":2844,"position":4},"title":"Feuilles mortes avec Pr\u00e9vert en sus","author":"Yann Gourvennec","date":"April 29, 2026","format":false,"excerpt":"Il y a quelques ann\u00e9es, en novembre, le Photo Challenge avait pour th\u00e8me \u00ab\u00a0impossible d'imaginer cette p\u00e9riode de l'ann\u00e9e sans\u2026\u00a0\u00bb et j'avais choisi les feuilles mortes. Nous \u00e9tions en automne, et les feuilles ont tendance \u00e0 tomber assez tard, vers la mi-novembre ou la fin du mois. Voici une s\u00e9lection\u2026","rel":"","context":"In &quot;Photographie&quot;","block_context":{"text":"Photographie","link":"https:\/\/antimuseum.com\/category\/photographie\/"},"img":{"alt_text":"","src":"https:\/\/i0.wp.com\/antimuseum.com\/wp-content\/uploads\/2016\/11\/30683404615_9308933200_b.jpg.webp?fit=1000%2C667&ssl=1&resize=350%2C200","width":350,"height":200,"srcset":"https:\/\/i0.wp.com\/antimuseum.com\/wp-content\/uploads\/2016\/11\/30683404615_9308933200_b.jpg.webp?fit=1000%2C667&ssl=1&resize=350%2C200 1x, https:\/\/i0.wp.com\/antimuseum.com\/wp-content\/uploads\/2016\/11\/30683404615_9308933200_b.jpg.webp?fit=1000%2C667&ssl=1&resize=525%2C300 1.5x, https:\/\/i0.wp.com\/antimuseum.com\/wp-content\/uploads\/2016\/11\/30683404615_9308933200_b.jpg.webp?fit=1000%2C667&ssl=1&resize=700%2C400 2x"},"classes":[]},{"id":3204,"url":"https:\/\/antimuseum.com\/en\/2023\/03\/20\/temporary-post\/","url_meta":{"origin":2844,"position":5},"title":"Temporary Post","author":"Yann Gourvennec","date":"March 20, 2023","format":false,"excerpt":"All we do and build in this world is temporary. We don\u2019t look at it this way and yet, with hindsight, once we are dead and buried, who will remember us and what we\u2019ve done. What will become of this website and the 2,000+ blog posts which I have written,\u2026","rel":"","context":"In &quot;Photography&quot;","block_context":{"text":"Photography","link":"https:\/\/antimuseum.com\/en\/category\/photography\/"},"img":{"alt_text":"","src":"https:\/\/i0.wp.com\/antimuseum.com\/wp-content\/uploads\/2017\/11\/38135659936_b8a536ab2b_c.jpg?fit=800%2C534&ssl=1&resize=350%2C200","width":350,"height":200,"srcset":"https:\/\/i0.wp.com\/antimuseum.com\/wp-content\/uploads\/2017\/11\/38135659936_b8a536ab2b_c.jpg?fit=800%2C534&ssl=1&resize=350%2C200 1x, https:\/\/i0.wp.com\/antimuseum.com\/wp-content\/uploads\/2017\/11\/38135659936_b8a536ab2b_c.jpg?fit=800%2C534&ssl=1&resize=525%2C300 1.5x, https:\/\/i0.wp.com\/antimuseum.com\/wp-content\/uploads\/2017\/11\/38135659936_b8a536ab2b_c.jpg?fit=800%2C534&ssl=1&resize=700%2C400 2x"},"classes":[]}],"_links":{"self":[{"href":"https:\/\/antimuseum.com\/en\/wp-json\/wp\/v2\/posts\/2844","targetHints":{"allow":["GET"]}}],"collection":[{"href":"https:\/\/antimuseum.com\/en\/wp-json\/wp\/v2\/posts"}],"about":[{"href":"https:\/\/antimuseum.com\/en\/wp-json\/wp\/v2\/types\/post"}],"author":[{"embeddable":true,"href":"https:\/\/antimuseum.com\/en\/wp-json\/wp\/v2\/users\/60439"}],"replies":[{"embeddable":true,"href":"https:\/\/antimuseum.com\/en\/wp-json\/wp\/v2\/comments?post=2844"}],"version-history":[{"count":14,"href":"https:\/\/antimuseum.com\/en\/wp-json\/wp\/v2\/posts\/2844\/revisions"}],"predecessor-version":[{"id":22641,"href":"https:\/\/antimuseum.com\/en\/wp-json\/wp\/v2\/posts\/2844\/revisions\/22641"}],"wp:featuredmedia":[{"embeddable":true,"href":"https:\/\/antimuseum.com\/en\/wp-json\/wp\/v2\/media\/22619"}],"wp:attachment":[{"href":"https:\/\/antimuseum.com\/en\/wp-json\/wp\/v2\/media?parent=2844"}],"wp:term":[{"taxonomy":"category","embeddable":true,"href":"https:\/\/antimuseum.com\/en\/wp-json\/wp\/v2\/categories?post=2844"},{"taxonomy":"post_tag","embeddable":true,"href":"https:\/\/antimuseum.com\/en\/wp-json\/wp\/v2\/tags?post=2844"}],"curies":[{"name":"wp","href":"https:\/\/api.w.org\/{rel}","templated":true}]}}