{"id":4571,"date":"2020-07-19T10:48:50","date_gmt":"2020-07-19T08:48:50","guid":{"rendered":"http:\/\/antimuseum.com\/?p=4571"},"modified":"2020-12-05T15:22:10","modified_gmt":"2020-12-05T14:22:10","slug":"post-covid-13th-district-walk","status":"publish","type":"post","link":"https:\/\/antimuseum.com\/en\/2020\/07\/19\/post-covid-13th-district-walk\/","title":{"rendered":"Post COVID 13th District Walk"},"content":{"rendered":"<p><img data-recalc-dims=\"1\" loading=\"lazy\" decoding=\"async\" data-attachment-id=\"4573\" data-permalink=\"https:\/\/antimuseum.com\/en\/2020\/07\/19\/post-covid-13th-district-walk\/50108742811_aa1cb75d7a_k\/\" data-orig-file=\"https:\/\/i0.wp.com\/antimuseum.com\/wp-content\/uploads\/2020\/07\/50108742811_aa1cb75d7a_k.jpg?fit=2048%2C1365&amp;ssl=1\" data-orig-size=\"2048,1365\" data-comments-opened=\"1\" data-image-meta=\"{&quot;aperture&quot;:&quot;0&quot;,&quot;credit&quot;:&quot;Yann Gourvennec&quot;,&quot;camera&quot;:&quot;&quot;,&quot;caption&quot;:&quot;&quot;,&quot;created_timestamp&quot;:&quot;0&quot;,&quot;copyright&quot;:&quot;Copyright-2019-2020 antimuseum.com&quot;,&quot;focal_length&quot;:&quot;0&quot;,&quot;iso&quot;:&quot;0&quot;,&quot;shutter_speed&quot;:&quot;0&quot;,&quot;title&quot;:&quot;&quot;,&quot;orientation&quot;:&quot;0&quot;}\" data-image-title=\"50108742811_aa1cb75d7a_k\" data-image-description=\"\" data-image-caption=\"\" data-large-file=\"https:\/\/i0.wp.com\/antimuseum.com\/wp-content\/uploads\/2020\/07\/50108742811_aa1cb75d7a_k.jpg?fit=1000%2C667&amp;ssl=1\" class=\"aligncenter size-large wp-image-4573\" src=\"https:\/\/i0.wp.com\/antimuseum.com\/wp-content\/uploads\/2020\/07\/50108742811_aa1cb75d7a_k.jpg?resize=736%2C491&#038;ssl=1\" alt=\"\" width=\"736\" height=\"491\" srcset=\"https:\/\/i0.wp.com\/antimuseum.com\/wp-content\/uploads\/2020\/07\/50108742811_aa1cb75d7a_k.jpg?w=2048&amp;ssl=1 2048w, https:\/\/i0.wp.com\/antimuseum.com\/wp-content\/uploads\/2020\/07\/50108742811_aa1cb75d7a_k.jpg?resize=300%2C200&amp;ssl=1 300w, https:\/\/i0.wp.com\/antimuseum.com\/wp-content\/uploads\/2020\/07\/50108742811_aa1cb75d7a_k.jpg?resize=1024%2C683&amp;ssl=1 1024w, https:\/\/i0.wp.com\/antimuseum.com\/wp-content\/uploads\/2020\/07\/50108742811_aa1cb75d7a_k.jpg?resize=768%2C512&amp;ssl=1 768w, https:\/\/i0.wp.com\/antimuseum.com\/wp-content\/uploads\/2020\/07\/50108742811_aa1cb75d7a_k.jpg?resize=1536%2C1024&amp;ssl=1 1536w, https:\/\/i0.wp.com\/antimuseum.com\/wp-content\/uploads\/2020\/07\/50108742811_aa1cb75d7a_k.jpg?resize=1200%2C800&amp;ssl=1 1200w, https:\/\/i0.wp.com\/antimuseum.com\/wp-content\/uploads\/2020\/07\/50108742811_aa1cb75d7a_k.jpg?resize=1400%2C933&amp;ssl=1 1400w, https:\/\/i0.wp.com\/antimuseum.com\/wp-content\/uploads\/2020\/07\/50108742811_aa1cb75d7a_k.jpg?resize=800%2C533&amp;ssl=1 800w\" sizes=\"auto, (max-width: 736px) 100vw, 736px\" \/><\/p>\n<p>After the lockdown, we went down to the 13th district for a walk along the river. Fewer people were wearing masks at that time. They look a lot more terrified now, strangely enough. Coming up for air would have been a good subtitle for this piece.<br \/>\n<img data-recalc-dims=\"1\" loading=\"lazy\" decoding=\"async\" data-attachment-id=\"4572\" data-permalink=\"https:\/\/antimuseum.com\/en\/2020\/07\/19\/post-covid-13th-district-walk\/50108739651_bdebeb14f8_k\/\" data-orig-file=\"https:\/\/i0.wp.com\/antimuseum.com\/wp-content\/uploads\/2020\/07\/50108739651_bdebeb14f8_k.jpg?fit=2048%2C1365&amp;ssl=1\" data-orig-size=\"2048,1365\" data-comments-opened=\"1\" data-image-meta=\"{&quot;aperture&quot;:&quot;0&quot;,&quot;credit&quot;:&quot;Yann Gourvennec&quot;,&quot;camera&quot;:&quot;&quot;,&quot;caption&quot;:&quot;&quot;,&quot;created_timestamp&quot;:&quot;0&quot;,&quot;copyright&quot;:&quot;Copyright-2019-2020 antimuseum.com&quot;,&quot;focal_length&quot;:&quot;0&quot;,&quot;iso&quot;:&quot;0&quot;,&quot;shutter_speed&quot;:&quot;0&quot;,&quot;title&quot;:&quot;&quot;,&quot;orientation&quot;:&quot;0&quot;}\" data-image-title=\"50108739651_bdebeb14f8_k\" data-image-description=\"\" data-image-caption=\"\" data-large-file=\"https:\/\/i0.wp.com\/antimuseum.com\/wp-content\/uploads\/2020\/07\/50108739651_bdebeb14f8_k.jpg?fit=1000%2C667&amp;ssl=1\" class=\"aligncenter size-large wp-image-4572\" src=\"https:\/\/i0.wp.com\/antimuseum.com\/wp-content\/uploads\/2020\/07\/50108739651_bdebeb14f8_k.jpg?resize=736%2C491&#038;ssl=1\" alt=\"\" width=\"736\" height=\"491\" srcset=\"https:\/\/i0.wp.com\/antimuseum.com\/wp-content\/uploads\/2020\/07\/50108739651_bdebeb14f8_k.jpg?w=2048&amp;ssl=1 2048w, https:\/\/i0.wp.com\/antimuseum.com\/wp-content\/uploads\/2020\/07\/50108739651_bdebeb14f8_k.jpg?resize=300%2C200&amp;ssl=1 300w, https:\/\/i0.wp.com\/antimuseum.com\/wp-content\/uploads\/2020\/07\/50108739651_bdebeb14f8_k.jpg?resize=1024%2C683&amp;ssl=1 1024w, https:\/\/i0.wp.com\/antimuseum.com\/wp-content\/uploads\/2020\/07\/50108739651_bdebeb14f8_k.jpg?resize=768%2C512&amp;ssl=1 768w, https:\/\/i0.wp.com\/antimuseum.com\/wp-content\/uploads\/2020\/07\/50108739651_bdebeb14f8_k.jpg?resize=1536%2C1024&amp;ssl=1 1536w, https:\/\/i0.wp.com\/antimuseum.com\/wp-content\/uploads\/2020\/07\/50108739651_bdebeb14f8_k.jpg?resize=1200%2C800&amp;ssl=1 1200w, https:\/\/i0.wp.com\/antimuseum.com\/wp-content\/uploads\/2020\/07\/50108739651_bdebeb14f8_k.jpg?resize=1400%2C933&amp;ssl=1 1400w, https:\/\/i0.wp.com\/antimuseum.com\/wp-content\/uploads\/2020\/07\/50108739651_bdebeb14f8_k.jpg?resize=800%2C533&amp;ssl=1 800w\" sizes=\"auto, (max-width: 736px) 100vw, 736px\" \/><\/p>\n<p>Over there, one can find the great library that was built in 1989, <a href=\"http:\/\/www.jeannouvel.com\/projets\/tres-grande-bibilotheque\/\" target=\"_blank\" rel=\"noopener noreferrer\">a Jean Nouvel project.<\/a><img data-recalc-dims=\"1\" loading=\"lazy\" decoding=\"async\" data-attachment-id=\"4574\" data-permalink=\"https:\/\/antimuseum.com\/en\/2020\/07\/19\/post-covid-13th-district-walk\/50108982262_286f397378_k\/\" data-orig-file=\"https:\/\/i0.wp.com\/antimuseum.com\/wp-content\/uploads\/2020\/07\/50108982262_286f397378_k.jpg?fit=2048%2C1365&amp;ssl=1\" data-orig-size=\"2048,1365\" data-comments-opened=\"1\" data-image-meta=\"{&quot;aperture&quot;:&quot;0&quot;,&quot;credit&quot;:&quot;Yann Gourvennec&quot;,&quot;camera&quot;:&quot;&quot;,&quot;caption&quot;:&quot;&quot;,&quot;created_timestamp&quot;:&quot;0&quot;,&quot;copyright&quot;:&quot;Copyright-2019-2020 antimuseum.com&quot;,&quot;focal_length&quot;:&quot;0&quot;,&quot;iso&quot;:&quot;0&quot;,&quot;shutter_speed&quot;:&quot;0&quot;,&quot;title&quot;:&quot;&quot;,&quot;orientation&quot;:&quot;0&quot;}\" data-image-title=\"50108982262_286f397378_k\" data-image-description=\"\" data-image-caption=\"\" data-large-file=\"https:\/\/i0.wp.com\/antimuseum.com\/wp-content\/uploads\/2020\/07\/50108982262_286f397378_k.jpg?fit=1000%2C667&amp;ssl=1\" class=\"aligncenter size-large wp-image-4574\" src=\"https:\/\/i0.wp.com\/antimuseum.com\/wp-content\/uploads\/2020\/07\/50108982262_286f397378_k.jpg?resize=736%2C491&#038;ssl=1\" alt=\"\" width=\"736\" height=\"491\" srcset=\"https:\/\/i0.wp.com\/antimuseum.com\/wp-content\/uploads\/2020\/07\/50108982262_286f397378_k.jpg?w=2048&amp;ssl=1 2048w, https:\/\/i0.wp.com\/antimuseum.com\/wp-content\/uploads\/2020\/07\/50108982262_286f397378_k.jpg?resize=300%2C200&amp;ssl=1 300w, https:\/\/i0.wp.com\/antimuseum.com\/wp-content\/uploads\/2020\/07\/50108982262_286f397378_k.jpg?resize=1024%2C683&amp;ssl=1 1024w, https:\/\/i0.wp.com\/antimuseum.com\/wp-content\/uploads\/2020\/07\/50108982262_286f397378_k.jpg?resize=768%2C512&amp;ssl=1 768w, https:\/\/i0.wp.com\/antimuseum.com\/wp-content\/uploads\/2020\/07\/50108982262_286f397378_k.jpg?resize=1536%2C1024&amp;ssl=1 1536w, https:\/\/i0.wp.com\/antimuseum.com\/wp-content\/uploads\/2020\/07\/50108982262_286f397378_k.jpg?resize=1200%2C800&amp;ssl=1 1200w, https:\/\/i0.wp.com\/antimuseum.com\/wp-content\/uploads\/2020\/07\/50108982262_286f397378_k.jpg?resize=1400%2C933&amp;ssl=1 1400w, https:\/\/i0.wp.com\/antimuseum.com\/wp-content\/uploads\/2020\/07\/50108982262_286f397378_k.jpg?resize=800%2C533&amp;ssl=1 800w\" sizes=\"auto, (max-width: 736px) 100vw, 736px\" \/><\/p>\n<p>As well as newer buildings that are cropping up here and there.<img data-recalc-dims=\"1\" loading=\"lazy\" decoding=\"async\" data-attachment-id=\"4576\" data-permalink=\"https:\/\/antimuseum.com\/en\/2020\/07\/19\/post-covid-13th-district-walk\/50108173438_b168d99f69_k\/\" data-orig-file=\"https:\/\/i0.wp.com\/antimuseum.com\/wp-content\/uploads\/2020\/07\/50108173438_b168d99f69_k.jpg?fit=2048%2C1365&amp;ssl=1\" data-orig-size=\"2048,1365\" data-comments-opened=\"1\" data-image-meta=\"{&quot;aperture&quot;:&quot;0&quot;,&quot;credit&quot;:&quot;Yann Gourvennec&quot;,&quot;camera&quot;:&quot;&quot;,&quot;caption&quot;:&quot;&quot;,&quot;created_timestamp&quot;:&quot;0&quot;,&quot;copyright&quot;:&quot;Copyright-2019-2020 antimuseum.com&quot;,&quot;focal_length&quot;:&quot;0&quot;,&quot;iso&quot;:&quot;0&quot;,&quot;shutter_speed&quot;:&quot;0&quot;,&quot;title&quot;:&quot;&quot;,&quot;orientation&quot;:&quot;0&quot;}\" data-image-title=\"50108173438_b168d99f69_k\" data-image-description=\"\" data-image-caption=\"\" data-large-file=\"https:\/\/i0.wp.com\/antimuseum.com\/wp-content\/uploads\/2020\/07\/50108173438_b168d99f69_k.jpg?fit=1000%2C667&amp;ssl=1\" class=\"aligncenter size-large wp-image-4576\" src=\"https:\/\/i0.wp.com\/antimuseum.com\/wp-content\/uploads\/2020\/07\/50108173438_b168d99f69_k.jpg?resize=736%2C491&#038;ssl=1\" alt=\"\" width=\"736\" height=\"491\" srcset=\"https:\/\/i0.wp.com\/antimuseum.com\/wp-content\/uploads\/2020\/07\/50108173438_b168d99f69_k.jpg?w=2048&amp;ssl=1 2048w, https:\/\/i0.wp.com\/antimuseum.com\/wp-content\/uploads\/2020\/07\/50108173438_b168d99f69_k.jpg?resize=300%2C200&amp;ssl=1 300w, https:\/\/i0.wp.com\/antimuseum.com\/wp-content\/uploads\/2020\/07\/50108173438_b168d99f69_k.jpg?resize=1024%2C683&amp;ssl=1 1024w, https:\/\/i0.wp.com\/antimuseum.com\/wp-content\/uploads\/2020\/07\/50108173438_b168d99f69_k.jpg?resize=768%2C512&amp;ssl=1 768w, https:\/\/i0.wp.com\/antimuseum.com\/wp-content\/uploads\/2020\/07\/50108173438_b168d99f69_k.jpg?resize=1536%2C1024&amp;ssl=1 1536w, https:\/\/i0.wp.com\/antimuseum.com\/wp-content\/uploads\/2020\/07\/50108173438_b168d99f69_k.jpg?resize=1200%2C800&amp;ssl=1 1200w, https:\/\/i0.wp.com\/antimuseum.com\/wp-content\/uploads\/2020\/07\/50108173438_b168d99f69_k.jpg?resize=1400%2C933&amp;ssl=1 1400w, https:\/\/i0.wp.com\/antimuseum.com\/wp-content\/uploads\/2020\/07\/50108173438_b168d99f69_k.jpg?resize=800%2C533&amp;ssl=1 800w\" sizes=\"auto, (max-width: 736px) 100vw, 736px\" \/><\/p>\n<p>Modernist architecture.\u00a0<img data-recalc-dims=\"1\" loading=\"lazy\" decoding=\"async\" data-attachment-id=\"4575\" data-permalink=\"https:\/\/antimuseum.com\/en\/2020\/07\/19\/post-covid-13th-district-walk\/50108984757_33439a82b1_k\/\" data-orig-file=\"https:\/\/i0.wp.com\/antimuseum.com\/wp-content\/uploads\/2020\/07\/50108984757_33439a82b1_k.jpg?fit=2048%2C1365&amp;ssl=1\" data-orig-size=\"2048,1365\" data-comments-opened=\"1\" data-image-meta=\"{&quot;aperture&quot;:&quot;0&quot;,&quot;credit&quot;:&quot;Yann Gourvennec&quot;,&quot;camera&quot;:&quot;&quot;,&quot;caption&quot;:&quot;&quot;,&quot;created_timestamp&quot;:&quot;0&quot;,&quot;copyright&quot;:&quot;Copyright-2019-2020 antimuseum.com&quot;,&quot;focal_length&quot;:&quot;0&quot;,&quot;iso&quot;:&quot;0&quot;,&quot;shutter_speed&quot;:&quot;0&quot;,&quot;title&quot;:&quot;&quot;,&quot;orientation&quot;:&quot;0&quot;}\" data-image-title=\"50108984757_33439a82b1_k\" data-image-description=\"\" data-image-caption=\"\" data-large-file=\"https:\/\/i0.wp.com\/antimuseum.com\/wp-content\/uploads\/2020\/07\/50108984757_33439a82b1_k.jpg?fit=1000%2C667&amp;ssl=1\" class=\"aligncenter size-large wp-image-4575\" src=\"https:\/\/i0.wp.com\/antimuseum.com\/wp-content\/uploads\/2020\/07\/50108984757_33439a82b1_k.jpg?resize=736%2C491&#038;ssl=1\" alt=\"\" width=\"736\" height=\"491\" srcset=\"https:\/\/i0.wp.com\/antimuseum.com\/wp-content\/uploads\/2020\/07\/50108984757_33439a82b1_k.jpg?w=2048&amp;ssl=1 2048w, https:\/\/i0.wp.com\/antimuseum.com\/wp-content\/uploads\/2020\/07\/50108984757_33439a82b1_k.jpg?resize=300%2C200&amp;ssl=1 300w, https:\/\/i0.wp.com\/antimuseum.com\/wp-content\/uploads\/2020\/07\/50108984757_33439a82b1_k.jpg?resize=1024%2C683&amp;ssl=1 1024w, https:\/\/i0.wp.com\/antimuseum.com\/wp-content\/uploads\/2020\/07\/50108984757_33439a82b1_k.jpg?resize=768%2C512&amp;ssl=1 768w, https:\/\/i0.wp.com\/antimuseum.com\/wp-content\/uploads\/2020\/07\/50108984757_33439a82b1_k.jpg?resize=1536%2C1024&amp;ssl=1 1536w, https:\/\/i0.wp.com\/antimuseum.com\/wp-content\/uploads\/2020\/07\/50108984757_33439a82b1_k.jpg?resize=1200%2C800&amp;ssl=1 1200w, https:\/\/i0.wp.com\/antimuseum.com\/wp-content\/uploads\/2020\/07\/50108984757_33439a82b1_k.jpg?resize=1400%2C933&amp;ssl=1 1400w, https:\/\/i0.wp.com\/antimuseum.com\/wp-content\/uploads\/2020\/07\/50108984757_33439a82b1_k.jpg?resize=800%2C533&amp;ssl=1 800w\" sizes=\"auto, (max-width: 736px) 100vw, 736px\" \/><\/p>\n<p>And dramatic skies.<\/p>\n","protected":false},"excerpt":{"rendered":"<p>After the lockdown, we went down to the 13th district for a walk along the river. Fewer people were wearing masks at that time. They look a lot more terrified now, strangely enough. Coming up for air would have been a good subtitle for this piece. Over there, one can find the great library that [&hellip;]<\/p>\n","protected":false},"author":60439,"featured_media":4577,"comment_status":"closed","ping_status":"open","sticky":false,"template":"","format":"standard","meta":{"_crdt_document":"","_jetpack_newsletter_access":"","_jetpack_dont_email_post_to_subs":false,"_jetpack_newsletter_tier_id":0,"_jetpack_memberships_contains_paywalled_content":false,"_jetpack_memberships_contains_paid_content":false,"footnotes":"","jetpack_publicize_message":"","jetpack_publicize_feature_enabled":true,"jetpack_social_post_already_shared":false,"jetpack_social_options":{"image_generator_settings":{"template":"dois","default_image_id":0,"font":"","enabled":false},"version":2},"_wpas_customize_per_network":false,"jetpack_post_was_ever_published":false},"categories":[2290],"tags":[],"class_list":["post-4571","post","type-post","status-publish","format-standard","has-post-thumbnail","hentry","category-architecture-photography"],"blocksy_meta":[],"yoast_head":"<!-- This site is optimized with the Yoast SEO plugin v27.4 - https:\/\/yoast.com\/product\/yoast-seo-wordpress\/ -->\n<title>Post COVID 13th District Walk<\/title>\n<meta name=\"robots\" content=\"noindex, follow\" \/>\n<meta property=\"og:locale\" content=\"en_US\" \/>\n<meta property=\"og:type\" content=\"article\" \/>\n<meta property=\"og:title\" content=\"Post COVID 13th District Walk\" \/>\n<meta property=\"og:description\" content=\"After the lockdown, we went down to the 13th district for a walk along the river. Fewer people were wearing masks at that time. They look a lot more terrified now, strangely enough. Coming up for air would have been a good subtitle for this piece. Over there, one can find the great library that [&hellip;]\" \/>\n<meta property=\"og:url\" content=\"https:\/\/antimuseum.com\/en\/2020\/07\/19\/post-covid-13th-district-walk\/\" \/>\n<meta property=\"og:site_name\" content=\"Yann Gourvennec - Photography\" \/>\n<meta property=\"article:publisher\" content=\"https:\/\/www.facebook.com\/AntimuseumParis\/\" \/>\n<meta property=\"article:published_time\" content=\"2020-07-19T08:48:50+00:00\" \/>\n<meta property=\"article:modified_time\" content=\"2020-12-05T14:22:10+00:00\" \/>\n<meta property=\"og:image\" content=\"https:\/\/i0.wp.com\/antimuseum.com\/wp-content\/uploads\/2020\/07\/50108173438_b168d99f69_k-1-e1595148252749.jpg?fit=1000%2C300&ssl=1\" \/>\n\t<meta property=\"og:image:width\" content=\"1000\" \/>\n\t<meta property=\"og:image:height\" content=\"300\" \/>\n\t<meta property=\"og:image:type\" content=\"image\/jpeg\" \/>\n<meta name=\"author\" content=\"Yann Gourvennec\" \/>\n<meta name=\"twitter:card\" content=\"summary_large_image\" \/>\n<meta name=\"twitter:creator\" content=\"@ygourven\" \/>\n<meta name=\"twitter:site\" content=\"@ygourven\" \/>\n<meta name=\"twitter:label1\" content=\"Written by\" \/>\n\t<meta name=\"twitter:data1\" content=\"Yann Gourvennec\" \/>\n<script type=\"application\/ld+json\" class=\"yoast-schema-graph\">{\"@context\":\"https:\\\/\\\/schema.org\",\"@graph\":[{\"@type\":\"Article\",\"@id\":\"https:\\\/\\\/antimuseum.com\\\/en\\\/2020\\\/07\\\/19\\\/post-covid-13th-district-walk\\\/#article\",\"isPartOf\":{\"@id\":\"https:\\\/\\\/antimuseum.com\\\/en\\\/2020\\\/07\\\/19\\\/post-covid-13th-district-walk\\\/\"},\"author\":{\"name\":\"Yann Gourvennec\",\"@id\":\"https:\\\/\\\/antimuseum.com\\\/en\\\/#\\\/schema\\\/person\\\/545aaf6fc711850cd5dace4214985a98\"},\"headline\":\"Post COVID 13th District Walk\",\"datePublished\":\"2020-07-19T08:48:50+00:00\",\"dateModified\":\"2020-12-05T14:22:10+00:00\",\"mainEntityOfPage\":{\"@id\":\"https:\\\/\\\/antimuseum.com\\\/en\\\/2020\\\/07\\\/19\\\/post-covid-13th-district-walk\\\/\"},\"wordCount\":84,\"publisher\":{\"@id\":\"https:\\\/\\\/antimuseum.com\\\/en\\\/#organization\"},\"image\":{\"@id\":\"https:\\\/\\\/antimuseum.com\\\/en\\\/2020\\\/07\\\/19\\\/post-covid-13th-district-walk\\\/#primaryimage\"},\"thumbnailUrl\":\"https:\\\/\\\/i0.wp.com\\\/antimuseum.com\\\/wp-content\\\/uploads\\\/2020\\\/07\\\/50108173438_b168d99f69_k-1-e1595148252749.jpg?fit=1000%2C300&ssl=1\",\"articleSection\":[\"Architecture Photos\"],\"inLanguage\":\"en-US\"},{\"@type\":\"WebPage\",\"@id\":\"https:\\\/\\\/antimuseum.com\\\/en\\\/2020\\\/07\\\/19\\\/post-covid-13th-district-walk\\\/\",\"url\":\"https:\\\/\\\/antimuseum.com\\\/en\\\/2020\\\/07\\\/19\\\/post-covid-13th-district-walk\\\/\",\"name\":\"Post COVID 13th District Walk\",\"isPartOf\":{\"@id\":\"https:\\\/\\\/antimuseum.com\\\/en\\\/#website\"},\"primaryImageOfPage\":{\"@id\":\"https:\\\/\\\/antimuseum.com\\\/en\\\/2020\\\/07\\\/19\\\/post-covid-13th-district-walk\\\/#primaryimage\"},\"image\":{\"@id\":\"https:\\\/\\\/antimuseum.com\\\/en\\\/2020\\\/07\\\/19\\\/post-covid-13th-district-walk\\\/#primaryimage\"},\"thumbnailUrl\":\"https:\\\/\\\/i0.wp.com\\\/antimuseum.com\\\/wp-content\\\/uploads\\\/2020\\\/07\\\/50108173438_b168d99f69_k-1-e1595148252749.jpg?fit=1000%2C300&ssl=1\",\"datePublished\":\"2020-07-19T08:48:50+00:00\",\"dateModified\":\"2020-12-05T14:22:10+00:00\",\"breadcrumb\":{\"@id\":\"https:\\\/\\\/antimuseum.com\\\/en\\\/2020\\\/07\\\/19\\\/post-covid-13th-district-walk\\\/#breadcrumb\"},\"inLanguage\":\"en-US\",\"potentialAction\":[{\"@type\":\"ReadAction\",\"target\":[\"https:\\\/\\\/antimuseum.com\\\/en\\\/2020\\\/07\\\/19\\\/post-covid-13th-district-walk\\\/\"]}]},{\"@type\":\"ImageObject\",\"inLanguage\":\"en-US\",\"@id\":\"https:\\\/\\\/antimuseum.com\\\/en\\\/2020\\\/07\\\/19\\\/post-covid-13th-district-walk\\\/#primaryimage\",\"url\":\"https:\\\/\\\/i0.wp.com\\\/antimuseum.com\\\/wp-content\\\/uploads\\\/2020\\\/07\\\/50108173438_b168d99f69_k-1-e1595148252749.jpg?fit=1000%2C300&ssl=1\",\"contentUrl\":\"https:\\\/\\\/i0.wp.com\\\/antimuseum.com\\\/wp-content\\\/uploads\\\/2020\\\/07\\\/50108173438_b168d99f69_k-1-e1595148252749.jpg?fit=1000%2C300&ssl=1\",\"width\":1000,\"height\":300},{\"@type\":\"BreadcrumbList\",\"@id\":\"https:\\\/\\\/antimuseum.com\\\/en\\\/2020\\\/07\\\/19\\\/post-covid-13th-district-walk\\\/#breadcrumb\",\"itemListElement\":[{\"@type\":\"ListItem\",\"position\":1,\"name\":\"Home\",\"item\":\"https:\\\/\\\/antimuseum.com\\\/en\\\/\"},{\"@type\":\"ListItem\",\"position\":2,\"name\":\"Post COVID 13th District Walk\"}]},{\"@type\":\"WebSite\",\"@id\":\"https:\\\/\\\/antimuseum.com\\\/en\\\/#website\",\"url\":\"https:\\\/\\\/antimuseum.com\\\/en\\\/\",\"name\":\"The Antimuseum in Paris (and beyond)\",\"description\":\"The Antimuseum in Paris (and beyond)\",\"publisher\":{\"@id\":\"https:\\\/\\\/antimuseum.com\\\/en\\\/#organization\"},\"alternateName\":\"anti-museum in Paris\",\"potentialAction\":[{\"@type\":\"SearchAction\",\"target\":{\"@type\":\"EntryPoint\",\"urlTemplate\":\"https:\\\/\\\/antimuseum.com\\\/en\\\/?s={search_term_string}\"},\"query-input\":{\"@type\":\"PropertyValueSpecification\",\"valueRequired\":true,\"valueName\":\"search_term_string\"}}],\"inLanguage\":\"en-US\"},{\"@type\":\"Organization\",\"@id\":\"https:\\\/\\\/antimuseum.com\\\/en\\\/#organization\",\"name\":\"The Antimuseum in Paris (and beyond)\",\"url\":\"https:\\\/\\\/antimuseum.com\\\/en\\\/\",\"logo\":{\"@type\":\"ImageObject\",\"inLanguage\":\"en-US\",\"@id\":\"https:\\\/\\\/antimuseum.com\\\/en\\\/#\\\/schema\\\/logo\\\/image\\\/\",\"url\":\"https:\\\/\\\/antimuseum.com\\\/wp-content\\\/uploads\\\/2021\\\/01\\\/antimuseum-logo-1-2-e1610813225740.png\",\"contentUrl\":\"https:\\\/\\\/antimuseum.com\\\/wp-content\\\/uploads\\\/2021\\\/01\\\/antimuseum-logo-1-2-e1610813225740.png\",\"width\":1487,\"height\":692,\"caption\":\"The Antimuseum in Paris (and beyond)\"},\"image\":{\"@id\":\"https:\\\/\\\/antimuseum.com\\\/en\\\/#\\\/schema\\\/logo\\\/image\\\/\"},\"sameAs\":[\"https:\\\/\\\/www.facebook.com\\\/AntimuseumParis\\\/\",\"https:\\\/\\\/x.com\\\/ygourven\"]},{\"@type\":\"Person\",\"@id\":\"https:\\\/\\\/antimuseum.com\\\/en\\\/#\\\/schema\\\/person\\\/545aaf6fc711850cd5dace4214985a98\",\"name\":\"Yann Gourvennec\",\"image\":{\"@type\":\"ImageObject\",\"inLanguage\":\"en-US\",\"@id\":\"https:\\\/\\\/secure.gravatar.com\\\/avatar\\\/d6cd451b8e0fc3c089b819830933d0a38a14de90e62c0dfdbf7feeb7bf00510e?s=96&d=identicon&r=g\",\"url\":\"https:\\\/\\\/secure.gravatar.com\\\/avatar\\\/d6cd451b8e0fc3c089b819830933d0a38a14de90e62c0dfdbf7feeb7bf00510e?s=96&d=identicon&r=g\",\"contentUrl\":\"https:\\\/\\\/secure.gravatar.com\\\/avatar\\\/d6cd451b8e0fc3c089b819830933d0a38a14de90e62c0dfdbf7feeb7bf00510e?s=96&d=identicon&r=g\",\"caption\":\"Yann Gourvennec\"},\"description\":\"I'm a photographer and watercolourist. I have practiced photography since childhood and digital photography since 1995. I turned it into my main occupation in 2021. I own a photo studio in Paris, France. ------------ Je suis photographe et aquarelliste. Je pratique la photographie depuis l'enfance et la photographie num\u00e9rique depuis 1995. J'en ai fait mon activit\u00e9 principale en 2021. Je poss\u00e8de un studio photo dans le 15e arrondissement de Paris\",\"sameAs\":[\"https:\\\/\\\/visionarymarketing.com\"],\"url\":\"https:\\\/\\\/antimuseum.com\\\/en\\\/author\\\/visionarymarketing\\\/\"}]}<\/script>\n<!-- \/ Yoast SEO plugin. -->","yoast_head_json":{"title":"Post COVID 13th District Walk","robots":{"index":"noindex","follow":"follow"},"og_locale":"en_US","og_type":"article","og_title":"Post COVID 13th District Walk","og_description":"After the lockdown, we went down to the 13th district for a walk along the river. Fewer people were wearing masks at that time. They look a lot more terrified now, strangely enough. Coming up for air would have been a good subtitle for this piece. Over there, one can find the great library that [&hellip;]","og_url":"https:\/\/antimuseum.com\/en\/2020\/07\/19\/post-covid-13th-district-walk\/","og_site_name":"Yann Gourvennec - Photography","article_publisher":"https:\/\/www.facebook.com\/AntimuseumParis\/","article_published_time":"2020-07-19T08:48:50+00:00","article_modified_time":"2020-12-05T14:22:10+00:00","og_image":[{"width":1000,"height":300,"url":"https:\/\/i0.wp.com\/antimuseum.com\/wp-content\/uploads\/2020\/07\/50108173438_b168d99f69_k-1-e1595148252749.jpg?fit=1000%2C300&ssl=1","type":"image\/jpeg"}],"author":"Yann Gourvennec","twitter_card":"summary_large_image","twitter_creator":"@ygourven","twitter_site":"@ygourven","twitter_misc":{"Written by":"Yann Gourvennec"},"schema":{"@context":"https:\/\/schema.org","@graph":[{"@type":"Article","@id":"https:\/\/antimuseum.com\/en\/2020\/07\/19\/post-covid-13th-district-walk\/#article","isPartOf":{"@id":"https:\/\/antimuseum.com\/en\/2020\/07\/19\/post-covid-13th-district-walk\/"},"author":{"name":"Yann Gourvennec","@id":"https:\/\/antimuseum.com\/en\/#\/schema\/person\/545aaf6fc711850cd5dace4214985a98"},"headline":"Post COVID 13th District Walk","datePublished":"2020-07-19T08:48:50+00:00","dateModified":"2020-12-05T14:22:10+00:00","mainEntityOfPage":{"@id":"https:\/\/antimuseum.com\/en\/2020\/07\/19\/post-covid-13th-district-walk\/"},"wordCount":84,"publisher":{"@id":"https:\/\/antimuseum.com\/en\/#organization"},"image":{"@id":"https:\/\/antimuseum.com\/en\/2020\/07\/19\/post-covid-13th-district-walk\/#primaryimage"},"thumbnailUrl":"https:\/\/i0.wp.com\/antimuseum.com\/wp-content\/uploads\/2020\/07\/50108173438_b168d99f69_k-1-e1595148252749.jpg?fit=1000%2C300&ssl=1","articleSection":["Architecture Photos"],"inLanguage":"en-US"},{"@type":"WebPage","@id":"https:\/\/antimuseum.com\/en\/2020\/07\/19\/post-covid-13th-district-walk\/","url":"https:\/\/antimuseum.com\/en\/2020\/07\/19\/post-covid-13th-district-walk\/","name":"Post COVID 13th District Walk","isPartOf":{"@id":"https:\/\/antimuseum.com\/en\/#website"},"primaryImageOfPage":{"@id":"https:\/\/antimuseum.com\/en\/2020\/07\/19\/post-covid-13th-district-walk\/#primaryimage"},"image":{"@id":"https:\/\/antimuseum.com\/en\/2020\/07\/19\/post-covid-13th-district-walk\/#primaryimage"},"thumbnailUrl":"https:\/\/i0.wp.com\/antimuseum.com\/wp-content\/uploads\/2020\/07\/50108173438_b168d99f69_k-1-e1595148252749.jpg?fit=1000%2C300&ssl=1","datePublished":"2020-07-19T08:48:50+00:00","dateModified":"2020-12-05T14:22:10+00:00","breadcrumb":{"@id":"https:\/\/antimuseum.com\/en\/2020\/07\/19\/post-covid-13th-district-walk\/#breadcrumb"},"inLanguage":"en-US","potentialAction":[{"@type":"ReadAction","target":["https:\/\/antimuseum.com\/en\/2020\/07\/19\/post-covid-13th-district-walk\/"]}]},{"@type":"ImageObject","inLanguage":"en-US","@id":"https:\/\/antimuseum.com\/en\/2020\/07\/19\/post-covid-13th-district-walk\/#primaryimage","url":"https:\/\/i0.wp.com\/antimuseum.com\/wp-content\/uploads\/2020\/07\/50108173438_b168d99f69_k-1-e1595148252749.jpg?fit=1000%2C300&ssl=1","contentUrl":"https:\/\/i0.wp.com\/antimuseum.com\/wp-content\/uploads\/2020\/07\/50108173438_b168d99f69_k-1-e1595148252749.jpg?fit=1000%2C300&ssl=1","width":1000,"height":300},{"@type":"BreadcrumbList","@id":"https:\/\/antimuseum.com\/en\/2020\/07\/19\/post-covid-13th-district-walk\/#breadcrumb","itemListElement":[{"@type":"ListItem","position":1,"name":"Home","item":"https:\/\/antimuseum.com\/en\/"},{"@type":"ListItem","position":2,"name":"Post COVID 13th District Walk"}]},{"@type":"WebSite","@id":"https:\/\/antimuseum.com\/en\/#website","url":"https:\/\/antimuseum.com\/en\/","name":"The Antimuseum in Paris (and beyond)","description":"The Antimuseum in Paris (and beyond)","publisher":{"@id":"https:\/\/antimuseum.com\/en\/#organization"},"alternateName":"anti-museum in Paris","potentialAction":[{"@type":"SearchAction","target":{"@type":"EntryPoint","urlTemplate":"https:\/\/antimuseum.com\/en\/?s={search_term_string}"},"query-input":{"@type":"PropertyValueSpecification","valueRequired":true,"valueName":"search_term_string"}}],"inLanguage":"en-US"},{"@type":"Organization","@id":"https:\/\/antimuseum.com\/en\/#organization","name":"The Antimuseum in Paris (and beyond)","url":"https:\/\/antimuseum.com\/en\/","logo":{"@type":"ImageObject","inLanguage":"en-US","@id":"https:\/\/antimuseum.com\/en\/#\/schema\/logo\/image\/","url":"https:\/\/antimuseum.com\/wp-content\/uploads\/2021\/01\/antimuseum-logo-1-2-e1610813225740.png","contentUrl":"https:\/\/antimuseum.com\/wp-content\/uploads\/2021\/01\/antimuseum-logo-1-2-e1610813225740.png","width":1487,"height":692,"caption":"The Antimuseum in Paris (and beyond)"},"image":{"@id":"https:\/\/antimuseum.com\/en\/#\/schema\/logo\/image\/"},"sameAs":["https:\/\/www.facebook.com\/AntimuseumParis\/","https:\/\/x.com\/ygourven"]},{"@type":"Person","@id":"https:\/\/antimuseum.com\/en\/#\/schema\/person\/545aaf6fc711850cd5dace4214985a98","name":"Yann Gourvennec","image":{"@type":"ImageObject","inLanguage":"en-US","@id":"https:\/\/secure.gravatar.com\/avatar\/d6cd451b8e0fc3c089b819830933d0a38a14de90e62c0dfdbf7feeb7bf00510e?s=96&d=identicon&r=g","url":"https:\/\/secure.gravatar.com\/avatar\/d6cd451b8e0fc3c089b819830933d0a38a14de90e62c0dfdbf7feeb7bf00510e?s=96&d=identicon&r=g","contentUrl":"https:\/\/secure.gravatar.com\/avatar\/d6cd451b8e0fc3c089b819830933d0a38a14de90e62c0dfdbf7feeb7bf00510e?s=96&d=identicon&r=g","caption":"Yann Gourvennec"},"description":"I'm a photographer and watercolourist. I have practiced photography since childhood and digital photography since 1995. I turned it into my main occupation in 2021. I own a photo studio in Paris, France. ------------ Je suis photographe et aquarelliste. Je pratique la photographie depuis l'enfance et la photographie num\u00e9rique depuis 1995. J'en ai fait mon activit\u00e9 principale en 2021. Je poss\u00e8de un studio photo dans le 15e arrondissement de Paris","sameAs":["https:\/\/visionarymarketing.com"],"url":"https:\/\/antimuseum.com\/en\/author\/visionarymarketing\/"}]}},"jetpack_publicize_connections":[],"jetpack_featured_media_url":"https:\/\/i0.wp.com\/antimuseum.com\/wp-content\/uploads\/2020\/07\/50108173438_b168d99f69_k-1-e1595148252749.jpg?fit=1000%2C300&ssl=1","jetpack_likes_enabled":true,"jetpack_sharing_enabled":true,"jetpack_shortlink":"https:\/\/wp.me\/p1bww-1bJ","jetpack-related-posts":[{"id":15171,"url":"https:\/\/antimuseum.com\/en\/2023\/10\/12\/musings-of-montparnasse\/","url_meta":{"origin":4571,"position":0},"title":"Musings of Montparnasse","author":"Jackson Rose","date":"October 12, 2023","format":false,"excerpt":"I keep hearing that Montparnasse is no longer what it used to be, that the old spirit is no longer there, that the Montparnos, these bohemian artists aren't around anymore. Well, all the nay-sayers are at it to show that Montparnasse is a thing of the past, dead and buried.\u2026","rel":"","context":"In &quot;Watercolor&quot;","block_context":{"text":"Watercolor","link":"https:\/\/antimuseum.com\/en\/category\/watercolor-art\/"},"img":{"alt_text":"","src":"https:\/\/i0.wp.com\/antimuseum.com\/wp-content\/uploads\/2023\/10\/33769414105_9d05dab8fd_k.jpg?fit=1200%2C801&ssl=1&resize=350%2C200","width":350,"height":200,"srcset":"https:\/\/i0.wp.com\/antimuseum.com\/wp-content\/uploads\/2023\/10\/33769414105_9d05dab8fd_k.jpg?fit=1200%2C801&ssl=1&resize=350%2C200 1x, https:\/\/i0.wp.com\/antimuseum.com\/wp-content\/uploads\/2023\/10\/33769414105_9d05dab8fd_k.jpg?fit=1200%2C801&ssl=1&resize=525%2C300 1.5x, https:\/\/i0.wp.com\/antimuseum.com\/wp-content\/uploads\/2023\/10\/33769414105_9d05dab8fd_k.jpg?fit=1200%2C801&ssl=1&resize=700%2C400 2x, https:\/\/i0.wp.com\/antimuseum.com\/wp-content\/uploads\/2023\/10\/33769414105_9d05dab8fd_k.jpg?fit=1200%2C801&ssl=1&resize=1050%2C600 3x"},"classes":[]},{"id":3225,"url":"https:\/\/antimuseum.com\/en\/2017\/12\/16\/ascend\/","url_meta":{"origin":4571,"position":1},"title":"Ascend","author":"Yann Gourvennec","date":"December 16, 2017","format":false,"excerpt":"Ascend is today's challenge. A word of many meanings. The Ascend challenge \u00a0 There are different meanings to the word. And no doubt that Lawrence Rothman's (as you can hear in his \u2014 her? \u2014 beautifully strange LP \"The Book of Law\") vision of ups and downs has not much\u2026","rel":"","context":"In &quot;Photography&quot;","block_context":{"text":"Photography","link":"https:\/\/antimuseum.com\/en\/category\/photography\/"},"img":{"alt_text":"","src":"https:\/\/i0.wp.com\/antimuseum.com\/wp-content\/uploads\/2017\/12\/24339083878_a995dc5f1a_k.jpg?fit=1200%2C548&ssl=1&resize=350%2C200","width":350,"height":200,"srcset":"https:\/\/i0.wp.com\/antimuseum.com\/wp-content\/uploads\/2017\/12\/24339083878_a995dc5f1a_k.jpg?fit=1200%2C548&ssl=1&resize=350%2C200 1x, https:\/\/i0.wp.com\/antimuseum.com\/wp-content\/uploads\/2017\/12\/24339083878_a995dc5f1a_k.jpg?fit=1200%2C548&ssl=1&resize=525%2C300 1.5x, https:\/\/i0.wp.com\/antimuseum.com\/wp-content\/uploads\/2017\/12\/24339083878_a995dc5f1a_k.jpg?fit=1200%2C548&ssl=1&resize=700%2C400 2x, https:\/\/i0.wp.com\/antimuseum.com\/wp-content\/uploads\/2017\/12\/24339083878_a995dc5f1a_k.jpg?fit=1200%2C548&ssl=1&resize=1050%2C600 3x"},"classes":[]},{"id":10719,"url":"https:\/\/antimuseum.com\/en\/2022\/04\/09\/cherry-blossoms\/","url_meta":{"origin":4571,"position":2},"title":"Cherry blossoms in Spring and Autumn","author":"Yann Gourvennec","date":"April 9, 2022","format":false,"excerpt":"Cherry blossoms in spring don't come as a surprise. Cherry blossoms in autumn are a very different kettle of fish, or flowers for that matter.\u00a0I suppose that only a few years back, before Covid-19 struck, taking pictures of Cherry Blossoms would have sounded naf and awfully deja vu. As it\u2026","rel":"","context":"In &quot;Landscape Photography&quot;","block_context":{"text":"Landscape Photography","link":"https:\/\/antimuseum.com\/en\/category\/photography\/landscape-photography\/"},"img":{"alt_text":"Cherry Blossoms","src":"https:\/\/i0.wp.com\/antimuseum.com\/wp-content\/uploads\/2022\/04\/51992511943_ecd5a65b84_k.jpg?fit=1200%2C801&ssl=1&resize=350%2C200","width":350,"height":200,"srcset":"https:\/\/i0.wp.com\/antimuseum.com\/wp-content\/uploads\/2022\/04\/51992511943_ecd5a65b84_k.jpg?fit=1200%2C801&ssl=1&resize=350%2C200 1x, https:\/\/i0.wp.com\/antimuseum.com\/wp-content\/uploads\/2022\/04\/51992511943_ecd5a65b84_k.jpg?fit=1200%2C801&ssl=1&resize=525%2C300 1.5x, https:\/\/i0.wp.com\/antimuseum.com\/wp-content\/uploads\/2022\/04\/51992511943_ecd5a65b84_k.jpg?fit=1200%2C801&ssl=1&resize=700%2C400 2x, https:\/\/i0.wp.com\/antimuseum.com\/wp-content\/uploads\/2022\/04\/51992511943_ecd5a65b84_k.jpg?fit=1200%2C801&ssl=1&resize=1050%2C600 3x"},"classes":[]},{"id":4250,"url":"https:\/\/antimuseum.com\/en\/2020\/01\/05\/villa-blanqui\/","url_meta":{"origin":4571,"position":3},"title":"Villa Blanqui","author":"Yann Gourvennec","date":"January 5, 2020","format":false,"excerpt":"A villa in Paris (not in the rest of the country, mind you) is not \"a large and luxurious country house in its own grounds\". It's something I learnt when I settled down here. Instead, it's a small, and sometimes not so small, street or private cul-de-sac, with dwellings on\u2026","rel":"","context":"In &quot;Photography&quot;","block_context":{"text":"Photography","link":"https:\/\/antimuseum.com\/en\/category\/photography\/"},"img":{"alt_text":"","src":"https:\/\/i0.wp.com\/antimuseum.com\/wp-content\/uploads\/2020\/01\/19-13emestrart-131019-5692jpg_49007223176_o-1-e1578207790485.jpg?fit=1000%2C307&ssl=1&resize=350%2C200","width":350,"height":200,"srcset":"https:\/\/i0.wp.com\/antimuseum.com\/wp-content\/uploads\/2020\/01\/19-13emestrart-131019-5692jpg_49007223176_o-1-e1578207790485.jpg?fit=1000%2C307&ssl=1&resize=350%2C200 1x, https:\/\/i0.wp.com\/antimuseum.com\/wp-content\/uploads\/2020\/01\/19-13emestrart-131019-5692jpg_49007223176_o-1-e1578207790485.jpg?fit=1000%2C307&ssl=1&resize=525%2C300 1.5x, https:\/\/i0.wp.com\/antimuseum.com\/wp-content\/uploads\/2020\/01\/19-13emestrart-131019-5692jpg_49007223176_o-1-e1578207790485.jpg?fit=1000%2C307&ssl=1&resize=700%2C400 2x"},"classes":[]},{"id":20361,"url":"https:\/\/antimuseum.com\/en\/2025\/11\/18\/monument-to-french-mothers-a-controversial-parisian-tribute\/","url_meta":{"origin":4571,"position":4},"title":"Monument to French Mothers: a Controversial Parisian Tribute","author":"Yann Gourvennec","date":"November 18, 2025","format":false,"excerpt":"The Monument to French Mothers is one of these places in Paris that tourist circuits and guidebooks are overlooking.\u00a0Tucked away in its namesake garden at 21 Boulevard Kellermann, it's one of those monumental works you walk past without really seeing. It is lost between Porte d'Italie and Parc Kellermann, in\u2026","rel":"","context":"In &quot;Black and White photos&quot;","block_context":{"text":"Black and White photos","link":"https:\/\/antimuseum.com\/en\/category\/photography\/black-and-white-photography\/"},"img":{"alt_text":"","src":"https:\/\/i0.wp.com\/antimuseum.com\/wp-content\/uploads\/2025\/11\/le-monument-stalinien-did-aux-mres-de-famille_54617883231_o.webp?fit=1200%2C800&ssl=1&resize=350%2C200","width":350,"height":200,"srcset":"https:\/\/i0.wp.com\/antimuseum.com\/wp-content\/uploads\/2025\/11\/le-monument-stalinien-did-aux-mres-de-famille_54617883231_o.webp?fit=1200%2C800&ssl=1&resize=350%2C200 1x, https:\/\/i0.wp.com\/antimuseum.com\/wp-content\/uploads\/2025\/11\/le-monument-stalinien-did-aux-mres-de-famille_54617883231_o.webp?fit=1200%2C800&ssl=1&resize=525%2C300 1.5x, https:\/\/i0.wp.com\/antimuseum.com\/wp-content\/uploads\/2025\/11\/le-monument-stalinien-did-aux-mres-de-famille_54617883231_o.webp?fit=1200%2C800&ssl=1&resize=700%2C400 2x, https:\/\/i0.wp.com\/antimuseum.com\/wp-content\/uploads\/2025\/11\/le-monument-stalinien-did-aux-mres-de-famille_54617883231_o.webp?fit=1200%2C800&ssl=1&resize=1050%2C600 3x"},"classes":[]},{"id":3016,"url":"https:\/\/antimuseum.com\/en\/2025\/01\/02\/heritage-wars-buildings\/","url_meta":{"origin":4571,"position":5},"title":"Musings About Heritage, Wars and Buildings","author":"Yann Gourvennec","date":"January 2, 2025","format":false,"excerpt":"Here are a few musings about heritage, wars and buildings as we are entering the new year. Our approach to heritage is rather surprising. Everyone talks about preserving it, as if it were frozen forever, yet the 20th century saw us Europeans systematically destroying our own with remarkable efficiency. Take\u2026","rel":"","context":"In &quot;Architecture Photos&quot;","block_context":{"text":"Architecture Photos","link":"https:\/\/antimuseum.com\/en\/category\/photography\/architecture-photography\/"},"img":{"alt_text":"Heritage wars buildings","src":"https:\/\/i0.wp.com\/antimuseum.com\/wp-content\/uploads\/2017\/05\/27889914135_14c11f8fb8_k-1.jpg?fit=1200%2C794&ssl=1&resize=350%2C200","width":350,"height":200,"srcset":"https:\/\/i0.wp.com\/antimuseum.com\/wp-content\/uploads\/2017\/05\/27889914135_14c11f8fb8_k-1.jpg?fit=1200%2C794&ssl=1&resize=350%2C200 1x, https:\/\/i0.wp.com\/antimuseum.com\/wp-content\/uploads\/2017\/05\/27889914135_14c11f8fb8_k-1.jpg?fit=1200%2C794&ssl=1&resize=525%2C300 1.5x, https:\/\/i0.wp.com\/antimuseum.com\/wp-content\/uploads\/2017\/05\/27889914135_14c11f8fb8_k-1.jpg?fit=1200%2C794&ssl=1&resize=700%2C400 2x, https:\/\/i0.wp.com\/antimuseum.com\/wp-content\/uploads\/2017\/05\/27889914135_14c11f8fb8_k-1.jpg?fit=1200%2C794&ssl=1&resize=1050%2C600 3x"},"classes":[]}],"_links":{"self":[{"href":"https:\/\/antimuseum.com\/en\/wp-json\/wp\/v2\/posts\/4571","targetHints":{"allow":["GET"]}}],"collection":[{"href":"https:\/\/antimuseum.com\/en\/wp-json\/wp\/v2\/posts"}],"about":[{"href":"https:\/\/antimuseum.com\/en\/wp-json\/wp\/v2\/types\/post"}],"author":[{"embeddable":true,"href":"https:\/\/antimuseum.com\/en\/wp-json\/wp\/v2\/users\/60439"}],"replies":[{"embeddable":true,"href":"https:\/\/antimuseum.com\/en\/wp-json\/wp\/v2\/comments?post=4571"}],"version-history":[{"count":3,"href":"https:\/\/antimuseum.com\/en\/wp-json\/wp\/v2\/posts\/4571\/revisions"}],"predecessor-version":[{"id":6582,"href":"https:\/\/antimuseum.com\/en\/wp-json\/wp\/v2\/posts\/4571\/revisions\/6582"}],"wp:featuredmedia":[{"embeddable":true,"href":"https:\/\/antimuseum.com\/en\/wp-json\/wp\/v2\/media\/4577"}],"wp:attachment":[{"href":"https:\/\/antimuseum.com\/en\/wp-json\/wp\/v2\/media?parent=4571"}],"wp:term":[{"taxonomy":"category","embeddable":true,"href":"https:\/\/antimuseum.com\/en\/wp-json\/wp\/v2\/categories?post=4571"},{"taxonomy":"post_tag","embeddable":true,"href":"https:\/\/antimuseum.com\/en\/wp-json\/wp\/v2\/tags?post=4571"}],"curies":[{"name":"wp","href":"https:\/\/api.w.org\/{rel}","templated":true}]}}