{"id":6521,"date":"2020-12-02T19:19:25","date_gmt":"2020-12-02T18:19:25","guid":{"rendered":"https:\/\/antimuseum.com\/?p=6521"},"modified":"2023-06-13T16:12:28","modified_gmt":"2023-06-13T14:12:28","slug":"street-art","status":"publish","type":"post","link":"https:\/\/antimuseum.com\/en\/2020\/12\/02\/street-art\/","title":{"rendered":"Street Art"},"content":{"rendered":"<p><img data-recalc-dims=\"1\" loading=\"lazy\" decoding=\"async\" data-attachment-id=\"6522\" data-permalink=\"https:\/\/antimuseum.com\/en\/2020\/12\/02\/street-art\/50651819427_c3cba341a4_k\/\" data-orig-file=\"https:\/\/i0.wp.com\/antimuseum.com\/wp-content\/uploads\/2020\/12\/50651819427_c3cba341a4_k.jpg?fit=2048%2C1367&amp;ssl=1\" data-orig-size=\"2048,1367\" data-comments-opened=\"1\" data-image-meta=\"{&quot;aperture&quot;:&quot;0&quot;,&quot;credit&quot;:&quot;Yann Gourvennec @ygourven&quot;,&quot;camera&quot;:&quot;&quot;,&quot;caption&quot;:&quot;&quot;,&quot;created_timestamp&quot;:&quot;0&quot;,&quot;copyright&quot;:&quot;Copyright (c) 2020 Antimuseum.com&quot;,&quot;focal_length&quot;:&quot;0&quot;,&quot;iso&quot;:&quot;0&quot;,&quot;shutter_speed&quot;:&quot;0&quot;,&quot;title&quot;:&quot;&quot;,&quot;orientation&quot;:&quot;0&quot;}\" data-image-title=\"50651819427_c3cba341a4_k\" data-image-description=\"\" data-image-caption=\"\" data-large-file=\"https:\/\/i0.wp.com\/antimuseum.com\/wp-content\/uploads\/2020\/12\/50651819427_c3cba341a4_k.jpg?fit=1000%2C668&amp;ssl=1\" class=\"aligncenter size-large wp-image-6522\" src=\"https:\/\/i0.wp.com\/antimuseum.com\/wp-content\/uploads\/2020\/12\/50651819427_c3cba341a4_k.jpg?resize=720%2C481&#038;ssl=1\" alt=\"Street Art\" width=\"720\" height=\"481\" srcset=\"https:\/\/i0.wp.com\/antimuseum.com\/wp-content\/uploads\/2020\/12\/50651819427_c3cba341a4_k.jpg?resize=1024%2C684&amp;ssl=1 1024w, https:\/\/i0.wp.com\/antimuseum.com\/wp-content\/uploads\/2020\/12\/50651819427_c3cba341a4_k.jpg?resize=300%2C200&amp;ssl=1 300w, https:\/\/i0.wp.com\/antimuseum.com\/wp-content\/uploads\/2020\/12\/50651819427_c3cba341a4_k.jpg?resize=768%2C513&amp;ssl=1 768w, https:\/\/i0.wp.com\/antimuseum.com\/wp-content\/uploads\/2020\/12\/50651819427_c3cba341a4_k.jpg?resize=1536%2C1025&amp;ssl=1 1536w, https:\/\/i0.wp.com\/antimuseum.com\/wp-content\/uploads\/2020\/12\/50651819427_c3cba341a4_k.jpg?resize=1200%2C801&amp;ssl=1 1200w, https:\/\/i0.wp.com\/antimuseum.com\/wp-content\/uploads\/2020\/12\/50651819427_c3cba341a4_k.jpg?resize=1400%2C934&amp;ssl=1 1400w, https:\/\/i0.wp.com\/antimuseum.com\/wp-content\/uploads\/2020\/12\/50651819427_c3cba341a4_k.jpg?resize=800%2C534&amp;ssl=1 800w, https:\/\/i0.wp.com\/antimuseum.com\/wp-content\/uploads\/2020\/12\/50651819427_c3cba341a4_k.jpg?w=2048&amp;ssl=1 2048w\" sizes=\"auto, (max-width: 720px) 100vw, 720px\" \/><\/p>\n<p>Butte aux Cailles &#8211; Paris 13th district &#8211; November 2020<\/p>\n","protected":false},"excerpt":{"rendered":"<p>Butte aux Cailles &#8211; Paris 13th district &#8211; November 2020<\/p>\n","protected":false},"author":60439,"featured_media":6522,"comment_status":"open","ping_status":"open","sticky":false,"template":"","format":"standard","meta":{"_crdt_document":"","_jetpack_newsletter_access":"","_jetpack_dont_email_post_to_subs":false,"_jetpack_newsletter_tier_id":0,"_jetpack_memberships_contains_paywalled_content":false,"_jetpack_memberships_contains_paid_content":false,"footnotes":"","jetpack_publicize_message":"","jetpack_publicize_feature_enabled":true,"jetpack_social_post_already_shared":true,"jetpack_social_options":{"image_generator_settings":{"template":"dois","default_image_id":0,"font":"","enabled":false},"version":2},"_wpas_customize_per_network":false,"jetpack_post_was_ever_published":false},"categories":[3532810],"tags":[678148083],"class_list":["post-6521","post","type-post","status-publish","format-standard","has-post-thumbnail","hentry","category-street-photography","tag-prune"],"blocksy_meta":[],"yoast_head":"<!-- This site is optimized with the Yoast SEO plugin v27.5 - https:\/\/yoast.com\/product\/yoast-seo-wordpress\/ -->\n<title>Street Art<\/title>\n<meta name=\"robots\" content=\"noindex, follow\" \/>\n<meta property=\"og:locale\" content=\"en_US\" \/>\n<meta property=\"og:type\" content=\"article\" \/>\n<meta property=\"og:title\" content=\"Street Art\" \/>\n<meta property=\"og:description\" content=\"Butte aux Cailles &#8211; Paris 13th district &#8211; November 2020\" \/>\n<meta property=\"og:url\" content=\"https:\/\/antimuseum.com\/en\/2020\/12\/02\/street-art\/\" \/>\n<meta property=\"og:site_name\" content=\"Yann Gourvennec - Photography\" \/>\n<meta property=\"article:publisher\" content=\"https:\/\/www.facebook.com\/AntimuseumParis\/\" \/>\n<meta property=\"article:published_time\" content=\"2020-12-02T18:19:25+00:00\" \/>\n<meta property=\"article:modified_time\" content=\"2023-06-13T14:12:28+00:00\" \/>\n<meta property=\"og:image\" content=\"https:\/\/i0.wp.com\/antimuseum.com\/wp-content\/uploads\/2020\/12\/50651819427_c3cba341a4_k.jpg?fit=2048%2C1367&ssl=1\" \/>\n\t<meta property=\"og:image:width\" content=\"2048\" \/>\n\t<meta property=\"og:image:height\" content=\"1367\" \/>\n\t<meta property=\"og:image:type\" content=\"image\/jpeg\" \/>\n<meta name=\"author\" content=\"Yann Gourvennec\" \/>\n<meta name=\"twitter:card\" content=\"summary_large_image\" \/>\n<meta name=\"twitter:creator\" content=\"@ygourven\" \/>\n<meta name=\"twitter:site\" content=\"@ygourven\" \/>\n<meta name=\"twitter:label1\" content=\"Written by\" \/>\n\t<meta name=\"twitter:data1\" content=\"Yann Gourvennec\" \/>\n\t<meta name=\"twitter:label2\" content=\"Est. reading time\" \/>\n\t<meta name=\"twitter:data2\" content=\"1 minute\" \/>\n<script type=\"application\/ld+json\" class=\"yoast-schema-graph\">{\"@context\":\"https:\\\/\\\/schema.org\",\"@graph\":[{\"@type\":\"Article\",\"@id\":\"https:\\\/\\\/antimuseum.com\\\/en\\\/2020\\\/12\\\/02\\\/street-art\\\/#article\",\"isPartOf\":{\"@id\":\"https:\\\/\\\/antimuseum.com\\\/en\\\/2020\\\/12\\\/02\\\/street-art\\\/\"},\"author\":{\"name\":\"Yann Gourvennec\",\"@id\":\"https:\\\/\\\/antimuseum.com\\\/en\\\/#\\\/schema\\\/person\\\/545aaf6fc711850cd5dace4214985a98\"},\"headline\":\"Street Art\",\"datePublished\":\"2020-12-02T18:19:25+00:00\",\"dateModified\":\"2023-06-13T14:12:28+00:00\",\"mainEntityOfPage\":{\"@id\":\"https:\\\/\\\/antimuseum.com\\\/en\\\/2020\\\/12\\\/02\\\/street-art\\\/\"},\"wordCount\":11,\"commentCount\":0,\"publisher\":{\"@id\":\"https:\\\/\\\/antimuseum.com\\\/en\\\/#organization\"},\"image\":{\"@id\":\"https:\\\/\\\/antimuseum.com\\\/en\\\/2020\\\/12\\\/02\\\/street-art\\\/#primaryimage\"},\"thumbnailUrl\":\"https:\\\/\\\/i0.wp.com\\\/antimuseum.com\\\/wp-content\\\/uploads\\\/2020\\\/12\\\/50651819427_c3cba341a4_k.jpg?fit=2048%2C1367&ssl=1\",\"keywords\":[\"prune\"],\"articleSection\":[\"Street Photography\"],\"inLanguage\":\"en-US\",\"potentialAction\":[{\"@type\":\"CommentAction\",\"name\":\"Comment\",\"target\":[\"https:\\\/\\\/antimuseum.com\\\/en\\\/2020\\\/12\\\/02\\\/street-art\\\/#respond\"]}]},{\"@type\":\"WebPage\",\"@id\":\"https:\\\/\\\/antimuseum.com\\\/en\\\/2020\\\/12\\\/02\\\/street-art\\\/\",\"url\":\"https:\\\/\\\/antimuseum.com\\\/en\\\/2020\\\/12\\\/02\\\/street-art\\\/\",\"name\":\"Street Art\",\"isPartOf\":{\"@id\":\"https:\\\/\\\/antimuseum.com\\\/en\\\/#website\"},\"primaryImageOfPage\":{\"@id\":\"https:\\\/\\\/antimuseum.com\\\/en\\\/2020\\\/12\\\/02\\\/street-art\\\/#primaryimage\"},\"image\":{\"@id\":\"https:\\\/\\\/antimuseum.com\\\/en\\\/2020\\\/12\\\/02\\\/street-art\\\/#primaryimage\"},\"thumbnailUrl\":\"https:\\\/\\\/i0.wp.com\\\/antimuseum.com\\\/wp-content\\\/uploads\\\/2020\\\/12\\\/50651819427_c3cba341a4_k.jpg?fit=2048%2C1367&ssl=1\",\"datePublished\":\"2020-12-02T18:19:25+00:00\",\"dateModified\":\"2023-06-13T14:12:28+00:00\",\"breadcrumb\":{\"@id\":\"https:\\\/\\\/antimuseum.com\\\/en\\\/2020\\\/12\\\/02\\\/street-art\\\/#breadcrumb\"},\"inLanguage\":\"en-US\",\"potentialAction\":[{\"@type\":\"ReadAction\",\"target\":[\"https:\\\/\\\/antimuseum.com\\\/en\\\/2020\\\/12\\\/02\\\/street-art\\\/\"]}]},{\"@type\":\"ImageObject\",\"inLanguage\":\"en-US\",\"@id\":\"https:\\\/\\\/antimuseum.com\\\/en\\\/2020\\\/12\\\/02\\\/street-art\\\/#primaryimage\",\"url\":\"https:\\\/\\\/i0.wp.com\\\/antimuseum.com\\\/wp-content\\\/uploads\\\/2020\\\/12\\\/50651819427_c3cba341a4_k.jpg?fit=2048%2C1367&ssl=1\",\"contentUrl\":\"https:\\\/\\\/i0.wp.com\\\/antimuseum.com\\\/wp-content\\\/uploads\\\/2020\\\/12\\\/50651819427_c3cba341a4_k.jpg?fit=2048%2C1367&ssl=1\",\"width\":2048,\"height\":1367,\"caption\":\"Street Art\"},{\"@type\":\"BreadcrumbList\",\"@id\":\"https:\\\/\\\/antimuseum.com\\\/en\\\/2020\\\/12\\\/02\\\/street-art\\\/#breadcrumb\",\"itemListElement\":[{\"@type\":\"ListItem\",\"position\":1,\"name\":\"Home\",\"item\":\"https:\\\/\\\/antimuseum.com\\\/en\\\/photographe-portrait-entreprise-paris\\\/\"},{\"@type\":\"ListItem\",\"position\":2,\"name\":\"Street Art\"}]},{\"@type\":\"WebSite\",\"@id\":\"https:\\\/\\\/antimuseum.com\\\/en\\\/#website\",\"url\":\"https:\\\/\\\/antimuseum.com\\\/en\\\/\",\"name\":\"The Antimuseum in Paris (and beyond)\",\"description\":\"The Antimuseum in Paris (and beyond)\",\"publisher\":{\"@id\":\"https:\\\/\\\/antimuseum.com\\\/en\\\/#organization\"},\"alternateName\":\"anti-museum in Paris\",\"potentialAction\":[{\"@type\":\"SearchAction\",\"target\":{\"@type\":\"EntryPoint\",\"urlTemplate\":\"https:\\\/\\\/antimuseum.com\\\/en\\\/?s={search_term_string}\"},\"query-input\":{\"@type\":\"PropertyValueSpecification\",\"valueRequired\":true,\"valueName\":\"search_term_string\"}}],\"inLanguage\":\"en-US\"},{\"@type\":\"Organization\",\"@id\":\"https:\\\/\\\/antimuseum.com\\\/en\\\/#organization\",\"name\":\"The Antimuseum in Paris (and beyond)\",\"url\":\"https:\\\/\\\/antimuseum.com\\\/en\\\/\",\"logo\":{\"@type\":\"ImageObject\",\"inLanguage\":\"en-US\",\"@id\":\"https:\\\/\\\/antimuseum.com\\\/en\\\/#\\\/schema\\\/logo\\\/image\\\/\",\"url\":\"https:\\\/\\\/antimuseum.com\\\/wp-content\\\/uploads\\\/2021\\\/01\\\/antimuseum-logo-1-2-e1610813225740.png\",\"contentUrl\":\"https:\\\/\\\/antimuseum.com\\\/wp-content\\\/uploads\\\/2021\\\/01\\\/antimuseum-logo-1-2-e1610813225740.png\",\"width\":1487,\"height\":692,\"caption\":\"The Antimuseum in Paris (and beyond)\"},\"image\":{\"@id\":\"https:\\\/\\\/antimuseum.com\\\/en\\\/#\\\/schema\\\/logo\\\/image\\\/\"},\"sameAs\":[\"https:\\\/\\\/www.facebook.com\\\/AntimuseumParis\\\/\",\"https:\\\/\\\/x.com\\\/ygourven\"]},{\"@type\":\"Person\",\"@id\":\"https:\\\/\\\/antimuseum.com\\\/en\\\/#\\\/schema\\\/person\\\/545aaf6fc711850cd5dace4214985a98\",\"name\":\"Yann Gourvennec\",\"image\":{\"@type\":\"ImageObject\",\"inLanguage\":\"en-US\",\"@id\":\"https:\\\/\\\/secure.gravatar.com\\\/avatar\\\/d6cd451b8e0fc3c089b819830933d0a38a14de90e62c0dfdbf7feeb7bf00510e?s=96&d=identicon&r=g\",\"url\":\"https:\\\/\\\/secure.gravatar.com\\\/avatar\\\/d6cd451b8e0fc3c089b819830933d0a38a14de90e62c0dfdbf7feeb7bf00510e?s=96&d=identicon&r=g\",\"contentUrl\":\"https:\\\/\\\/secure.gravatar.com\\\/avatar\\\/d6cd451b8e0fc3c089b819830933d0a38a14de90e62c0dfdbf7feeb7bf00510e?s=96&d=identicon&r=g\",\"caption\":\"Yann Gourvennec\"},\"description\":\"I'm a photographer and watercolourist. I have practiced photography since childhood and digital photography since 1995. I turned it into my main occupation in 2021. I own a photo studio in Paris, France. ------------ Je suis photographe et aquarelliste. Je pratique la photographie depuis l'enfance et la photographie num\u00e9rique depuis 1995. J'en ai fait mon activit\u00e9 principale en 2021. Je poss\u00e8de un studio photo dans le 15e arrondissement de Paris\",\"sameAs\":[\"https:\\\/\\\/visionarymarketing.com\"],\"url\":\"https:\\\/\\\/antimuseum.com\\\/en\\\/author\\\/visionarymarketing\\\/\"}]}<\/script>\n<!-- \/ Yoast SEO plugin. -->","yoast_head_json":{"title":"Street Art","robots":{"index":"noindex","follow":"follow"},"og_locale":"en_US","og_type":"article","og_title":"Street Art","og_description":"Butte aux Cailles &#8211; Paris 13th district &#8211; November 2020","og_url":"https:\/\/antimuseum.com\/en\/2020\/12\/02\/street-art\/","og_site_name":"Yann Gourvennec - Photography","article_publisher":"https:\/\/www.facebook.com\/AntimuseumParis\/","article_published_time":"2020-12-02T18:19:25+00:00","article_modified_time":"2023-06-13T14:12:28+00:00","og_image":[{"width":2048,"height":1367,"url":"https:\/\/i0.wp.com\/antimuseum.com\/wp-content\/uploads\/2020\/12\/50651819427_c3cba341a4_k.jpg?fit=2048%2C1367&ssl=1","type":"image\/jpeg"}],"author":"Yann Gourvennec","twitter_card":"summary_large_image","twitter_creator":"@ygourven","twitter_site":"@ygourven","twitter_misc":{"Written by":"Yann Gourvennec","Est. reading time":"1 minute"},"schema":{"@context":"https:\/\/schema.org","@graph":[{"@type":"Article","@id":"https:\/\/antimuseum.com\/en\/2020\/12\/02\/street-art\/#article","isPartOf":{"@id":"https:\/\/antimuseum.com\/en\/2020\/12\/02\/street-art\/"},"author":{"name":"Yann Gourvennec","@id":"https:\/\/antimuseum.com\/en\/#\/schema\/person\/545aaf6fc711850cd5dace4214985a98"},"headline":"Street Art","datePublished":"2020-12-02T18:19:25+00:00","dateModified":"2023-06-13T14:12:28+00:00","mainEntityOfPage":{"@id":"https:\/\/antimuseum.com\/en\/2020\/12\/02\/street-art\/"},"wordCount":11,"commentCount":0,"publisher":{"@id":"https:\/\/antimuseum.com\/en\/#organization"},"image":{"@id":"https:\/\/antimuseum.com\/en\/2020\/12\/02\/street-art\/#primaryimage"},"thumbnailUrl":"https:\/\/i0.wp.com\/antimuseum.com\/wp-content\/uploads\/2020\/12\/50651819427_c3cba341a4_k.jpg?fit=2048%2C1367&ssl=1","keywords":["prune"],"articleSection":["Street Photography"],"inLanguage":"en-US","potentialAction":[{"@type":"CommentAction","name":"Comment","target":["https:\/\/antimuseum.com\/en\/2020\/12\/02\/street-art\/#respond"]}]},{"@type":"WebPage","@id":"https:\/\/antimuseum.com\/en\/2020\/12\/02\/street-art\/","url":"https:\/\/antimuseum.com\/en\/2020\/12\/02\/street-art\/","name":"Street Art","isPartOf":{"@id":"https:\/\/antimuseum.com\/en\/#website"},"primaryImageOfPage":{"@id":"https:\/\/antimuseum.com\/en\/2020\/12\/02\/street-art\/#primaryimage"},"image":{"@id":"https:\/\/antimuseum.com\/en\/2020\/12\/02\/street-art\/#primaryimage"},"thumbnailUrl":"https:\/\/i0.wp.com\/antimuseum.com\/wp-content\/uploads\/2020\/12\/50651819427_c3cba341a4_k.jpg?fit=2048%2C1367&ssl=1","datePublished":"2020-12-02T18:19:25+00:00","dateModified":"2023-06-13T14:12:28+00:00","breadcrumb":{"@id":"https:\/\/antimuseum.com\/en\/2020\/12\/02\/street-art\/#breadcrumb"},"inLanguage":"en-US","potentialAction":[{"@type":"ReadAction","target":["https:\/\/antimuseum.com\/en\/2020\/12\/02\/street-art\/"]}]},{"@type":"ImageObject","inLanguage":"en-US","@id":"https:\/\/antimuseum.com\/en\/2020\/12\/02\/street-art\/#primaryimage","url":"https:\/\/i0.wp.com\/antimuseum.com\/wp-content\/uploads\/2020\/12\/50651819427_c3cba341a4_k.jpg?fit=2048%2C1367&ssl=1","contentUrl":"https:\/\/i0.wp.com\/antimuseum.com\/wp-content\/uploads\/2020\/12\/50651819427_c3cba341a4_k.jpg?fit=2048%2C1367&ssl=1","width":2048,"height":1367,"caption":"Street Art"},{"@type":"BreadcrumbList","@id":"https:\/\/antimuseum.com\/en\/2020\/12\/02\/street-art\/#breadcrumb","itemListElement":[{"@type":"ListItem","position":1,"name":"Home","item":"https:\/\/antimuseum.com\/en\/photographe-portrait-entreprise-paris\/"},{"@type":"ListItem","position":2,"name":"Street Art"}]},{"@type":"WebSite","@id":"https:\/\/antimuseum.com\/en\/#website","url":"https:\/\/antimuseum.com\/en\/","name":"The Antimuseum in Paris (and beyond)","description":"The Antimuseum in Paris (and beyond)","publisher":{"@id":"https:\/\/antimuseum.com\/en\/#organization"},"alternateName":"anti-museum in Paris","potentialAction":[{"@type":"SearchAction","target":{"@type":"EntryPoint","urlTemplate":"https:\/\/antimuseum.com\/en\/?s={search_term_string}"},"query-input":{"@type":"PropertyValueSpecification","valueRequired":true,"valueName":"search_term_string"}}],"inLanguage":"en-US"},{"@type":"Organization","@id":"https:\/\/antimuseum.com\/en\/#organization","name":"The Antimuseum in Paris (and beyond)","url":"https:\/\/antimuseum.com\/en\/","logo":{"@type":"ImageObject","inLanguage":"en-US","@id":"https:\/\/antimuseum.com\/en\/#\/schema\/logo\/image\/","url":"https:\/\/antimuseum.com\/wp-content\/uploads\/2021\/01\/antimuseum-logo-1-2-e1610813225740.png","contentUrl":"https:\/\/antimuseum.com\/wp-content\/uploads\/2021\/01\/antimuseum-logo-1-2-e1610813225740.png","width":1487,"height":692,"caption":"The Antimuseum in Paris (and beyond)"},"image":{"@id":"https:\/\/antimuseum.com\/en\/#\/schema\/logo\/image\/"},"sameAs":["https:\/\/www.facebook.com\/AntimuseumParis\/","https:\/\/x.com\/ygourven"]},{"@type":"Person","@id":"https:\/\/antimuseum.com\/en\/#\/schema\/person\/545aaf6fc711850cd5dace4214985a98","name":"Yann Gourvennec","image":{"@type":"ImageObject","inLanguage":"en-US","@id":"https:\/\/secure.gravatar.com\/avatar\/d6cd451b8e0fc3c089b819830933d0a38a14de90e62c0dfdbf7feeb7bf00510e?s=96&d=identicon&r=g","url":"https:\/\/secure.gravatar.com\/avatar\/d6cd451b8e0fc3c089b819830933d0a38a14de90e62c0dfdbf7feeb7bf00510e?s=96&d=identicon&r=g","contentUrl":"https:\/\/secure.gravatar.com\/avatar\/d6cd451b8e0fc3c089b819830933d0a38a14de90e62c0dfdbf7feeb7bf00510e?s=96&d=identicon&r=g","caption":"Yann Gourvennec"},"description":"I'm a photographer and watercolourist. I have practiced photography since childhood and digital photography since 1995. I turned it into my main occupation in 2021. I own a photo studio in Paris, France. ------------ Je suis photographe et aquarelliste. Je pratique la photographie depuis l'enfance et la photographie num\u00e9rique depuis 1995. J'en ai fait mon activit\u00e9 principale en 2021. Je poss\u00e8de un studio photo dans le 15e arrondissement de Paris","sameAs":["https:\/\/visionarymarketing.com"],"url":"https:\/\/antimuseum.com\/en\/author\/visionarymarketing\/"}]}},"jetpack_publicize_connections":[],"jetpack_featured_media_url":"https:\/\/i0.wp.com\/antimuseum.com\/wp-content\/uploads\/2020\/12\/50651819427_c3cba341a4_k.jpg?fit=2048%2C1367&ssl=1","jetpack_likes_enabled":true,"jetpack_sharing_enabled":true,"jetpack_shortlink":"https:\/\/wp.me\/p1bww-1Hb","jetpack-related-posts":[{"id":1294,"url":"https:\/\/antimuseum.com\/en\/2013\/06\/15\/butte-aux-cailles-bw\/","url_meta":{"origin":6521,"position":0},"title":"Butte Aux Cailles (B&amp;W)","author":"Yann Gourvennec","date":"June 15, 2013","format":false,"excerpt":"Butte aux Cailles, literally Quails' Hill is an area of South Paris in the 13th arrondissement which is sort of and old 19th century village in which not much has changed for more than 150 years or so. It is also home to the famous (or infamous it depends on\u2026","rel":"","context":"In &quot;Architecture Photos&quot;","block_context":{"text":"Architecture Photos","link":"https:\/\/antimuseum.com\/en\/category\/photography\/architecture-photography\/"},"img":{"alt_text":"antimuseum.com-nonclub-cailles-5482","src":"https:\/\/i0.wp.com\/farm3.staticflickr.com\/2894\/9040885037_61b79f4005_c.jpg?resize=350%2C200","width":350,"height":200,"srcset":"https:\/\/i0.wp.com\/farm3.staticflickr.com\/2894\/9040885037_61b79f4005_c.jpg?resize=350%2C200 1x, https:\/\/i0.wp.com\/farm3.staticflickr.com\/2894\/9040885037_61b79f4005_c.jpg?resize=525%2C300 1.5x"},"classes":[]},{"id":1627,"url":"https:\/\/antimuseum.com\/en\/2013\/10\/14\/paris-13-street-art\/","url_meta":{"origin":6521,"position":1},"title":"Paris 13 Street Art","author":"Yann Gourvennec","date":"October 14, 2013","format":false,"excerpt":"Paris 13 is a street Art initiative by the Paris town hall in a derelict building which will soon be destroyed. A short term exhibition has been organised in the building which is open to the public for 30 days. We\u2019ll have a chance to see the works of Art\u2026","rel":"","context":"In &quot;Photography&quot;","block_context":{"text":"Photography","link":"https:\/\/antimuseum.com\/en\/category\/photography\/"},"img":{"alt_text":"","src":"","width":0,"height":0},"classes":[]},{"id":11351,"url":"https:\/\/antimuseum.com\/en\/2022\/11\/22\/paris-13\/","url_meta":{"origin":6521,"position":2},"title":"The 2013 Tour Paris 13 Contemporary Art Experience","author":"Yann Gourvennec","date":"November 22, 2022","format":false,"excerpt":"I fished the following pictures of the Paris 13 th district out of my archive.\u00a0In October 2013, street artists from all over the world were asked to decorate 36 apartments in a 1960s block of flats due to be demolished in the 13th district of Paris. Immediately after that, Real\u2026","rel":"","context":"In &quot;Architecture Photos&quot;","block_context":{"text":"Architecture Photos","link":"https:\/\/antimuseum.com\/en\/category\/photography\/architecture-photography\/"},"img":{"alt_text":"","src":"https:\/\/i0.wp.com\/antimuseum.com\/wp-content\/uploads\/2022\/11\/10113038724_bf1bcea328_k.jpg?fit=801%2C1200&ssl=1&resize=350%2C200","width":350,"height":200,"srcset":"https:\/\/i0.wp.com\/antimuseum.com\/wp-content\/uploads\/2022\/11\/10113038724_bf1bcea328_k.jpg?fit=801%2C1200&ssl=1&resize=350%2C200 1x, https:\/\/i0.wp.com\/antimuseum.com\/wp-content\/uploads\/2022\/11\/10113038724_bf1bcea328_k.jpg?fit=801%2C1200&ssl=1&resize=525%2C300 1.5x, https:\/\/i0.wp.com\/antimuseum.com\/wp-content\/uploads\/2022\/11\/10113038724_bf1bcea328_k.jpg?fit=801%2C1200&ssl=1&resize=700%2C400 2x"},"classes":[]},{"id":4250,"url":"https:\/\/antimuseum.com\/en\/2020\/01\/05\/villa-blanqui\/","url_meta":{"origin":6521,"position":3},"title":"Villa Blanqui","author":"Yann Gourvennec","date":"January 5, 2020","format":false,"excerpt":"A villa in Paris (not in the rest of the country, mind you) is not \"a large and luxurious country house in its own grounds\". It's something I learnt when I settled down here. Instead, it's a small, and sometimes not so small, street or private cul-de-sac, with dwellings on\u2026","rel":"","context":"In &quot;Photography&quot;","block_context":{"text":"Photography","link":"https:\/\/antimuseum.com\/en\/category\/photography\/"},"img":{"alt_text":"","src":"https:\/\/i0.wp.com\/antimuseum.com\/wp-content\/uploads\/2020\/01\/19-13emestrart-131019-5692jpg_49007223176_o-1-e1578207790485.jpg?fit=1000%2C307&ssl=1&resize=350%2C200","width":350,"height":200,"srcset":"https:\/\/i0.wp.com\/antimuseum.com\/wp-content\/uploads\/2020\/01\/19-13emestrart-131019-5692jpg_49007223176_o-1-e1578207790485.jpg?fit=1000%2C307&ssl=1&resize=350%2C200 1x, https:\/\/i0.wp.com\/antimuseum.com\/wp-content\/uploads\/2020\/01\/19-13emestrart-131019-5692jpg_49007223176_o-1-e1578207790485.jpg?fit=1000%2C307&ssl=1&resize=525%2C300 1.5x, https:\/\/i0.wp.com\/antimuseum.com\/wp-content\/uploads\/2020\/01\/19-13emestrart-131019-5692jpg_49007223176_o-1-e1578207790485.jpg?fit=1000%2C307&ssl=1&resize=700%2C400 2x"},"classes":[]},{"id":1449,"url":"https:\/\/antimuseum.com\/en\/2013\/07\/26\/goodbye-paris-in-black-white\/","url_meta":{"origin":6521,"position":4},"title":"Goodbye Paris! In Black &amp; White&#8230;","author":"Yann Gourvennec","date":"July 26, 2013","format":false,"excerpt":"Now folks, I have good news for you! Paris is all yours for the near future... Feel free to enjoy the sights, roam the streets and sit at the terraces of the caf\u00e9s. We'll be somewhere else. So stay tuned, and you'll soon get a flavour of the places we\u2026","rel":"","context":"In &quot;Architecture Photos&quot;","block_context":{"text":"Architecture Photos","link":"https:\/\/antimuseum.com\/en\/category\/photography\/architecture-photography\/"},"img":{"alt_text":"antimuseum.com-parisinjuly2013-0183","src":"https:\/\/i0.wp.com\/farm4.staticflickr.com\/3678\/9331836413_8d201c77c4_z.jpg?resize=350%2C200","width":350,"height":200,"srcset":"https:\/\/i0.wp.com\/farm4.staticflickr.com\/3678\/9331836413_8d201c77c4_z.jpg?resize=350%2C200 1x, https:\/\/i0.wp.com\/farm4.staticflickr.com\/3678\/9331836413_8d201c77c4_z.jpg?resize=525%2C300 1.5x"},"classes":[]},{"id":8234,"url":"https:\/\/antimuseum.com\/en\/2021\/04\/10\/paris-in-spring\/","url_meta":{"origin":6521,"position":5},"title":"Paris in Spring","author":"Yann Gourvennec","date":"April 10, 2021","format":false,"excerpt":"Paris in Spring on a balmy day shot rue Jacob in the 6th district, one of the poshest. There's something crooked about that front door on the left and it's got nothing to do with my wide-angle lens. AS Spring is conducive to poetry,\u00a0here's a little poem by Paul Eluard,\u2026","rel":"","context":"In &quot;Photography&quot;","block_context":{"text":"Photography","link":"https:\/\/antimuseum.com\/en\/category\/photography\/"},"img":{"alt_text":"","src":"https:\/\/i0.wp.com\/antimuseum.com\/wp-content\/uploads\/2021\/04\/51094366714_d1ed58fd62_o.jpg?fit=950%2C350&ssl=1&resize=350%2C200","width":350,"height":200,"srcset":"https:\/\/i0.wp.com\/antimuseum.com\/wp-content\/uploads\/2021\/04\/51094366714_d1ed58fd62_o.jpg?fit=950%2C350&ssl=1&resize=350%2C200 1x, https:\/\/i0.wp.com\/antimuseum.com\/wp-content\/uploads\/2021\/04\/51094366714_d1ed58fd62_o.jpg?fit=950%2C350&ssl=1&resize=525%2C300 1.5x, https:\/\/i0.wp.com\/antimuseum.com\/wp-content\/uploads\/2021\/04\/51094366714_d1ed58fd62_o.jpg?fit=950%2C350&ssl=1&resize=700%2C400 2x"},"classes":[]}],"_links":{"self":[{"href":"https:\/\/antimuseum.com\/en\/wp-json\/wp\/v2\/posts\/6521","targetHints":{"allow":["GET"]}}],"collection":[{"href":"https:\/\/antimuseum.com\/en\/wp-json\/wp\/v2\/posts"}],"about":[{"href":"https:\/\/antimuseum.com\/en\/wp-json\/wp\/v2\/types\/post"}],"author":[{"embeddable":true,"href":"https:\/\/antimuseum.com\/en\/wp-json\/wp\/v2\/users\/60439"}],"replies":[{"embeddable":true,"href":"https:\/\/antimuseum.com\/en\/wp-json\/wp\/v2\/comments?post=6521"}],"version-history":[{"count":2,"href":"https:\/\/antimuseum.com\/en\/wp-json\/wp\/v2\/posts\/6521\/revisions"}],"predecessor-version":[{"id":6525,"href":"https:\/\/antimuseum.com\/en\/wp-json\/wp\/v2\/posts\/6521\/revisions\/6525"}],"wp:featuredmedia":[{"embeddable":true,"href":"https:\/\/antimuseum.com\/en\/wp-json\/wp\/v2\/media\/6522"}],"wp:attachment":[{"href":"https:\/\/antimuseum.com\/en\/wp-json\/wp\/v2\/media?parent=6521"}],"wp:term":[{"taxonomy":"category","embeddable":true,"href":"https:\/\/antimuseum.com\/en\/wp-json\/wp\/v2\/categories?post=6521"},{"taxonomy":"post_tag","embeddable":true,"href":"https:\/\/antimuseum.com\/en\/wp-json\/wp\/v2\/tags?post=6521"}],"curies":[{"name":"wp","href":"https:\/\/api.w.org\/{rel}","templated":true}]}}