{"id":6721,"date":"2021-01-09T16:27:43","date_gmt":"2021-01-09T15:27:43","guid":{"rendered":"https:\/\/antimuseum.com\/?p=6721"},"modified":"2021-01-09T16:29:22","modified_gmt":"2021-01-09T15:29:22","slug":"anti-museum-logo","status":"publish","type":"post","link":"https:\/\/antimuseum.com\/en\/2021\/01\/09\/anti-museum-logo\/","title":{"rendered":"One step further for the anti museum"},"content":{"rendered":"<figure id=\"attachment_6722\" aria-describedby=\"caption-attachment-6722\" style=\"width: 720px\" class=\"wp-caption aligncenter\"><img data-recalc-dims=\"1\" loading=\"lazy\" decoding=\"async\" data-attachment-id=\"6722\" data-permalink=\"https:\/\/antimuseum.com\/en\/2021\/01\/09\/anti-museum-logo\/antimuseum-logo-1\/\" data-orig-file=\"https:\/\/i0.wp.com\/antimuseum.com\/wp-content\/uploads\/2021\/01\/antimuseum-logo-1.png?fit=1487%2C692&amp;ssl=1\" data-orig-size=\"1487,692\" data-comments-opened=\"1\" data-image-meta=\"{&quot;aperture&quot;:&quot;0&quot;,&quot;credit&quot;:&quot;&quot;,&quot;camera&quot;:&quot;&quot;,&quot;caption&quot;:&quot;&quot;,&quot;created_timestamp&quot;:&quot;0&quot;,&quot;copyright&quot;:&quot;&quot;,&quot;focal_length&quot;:&quot;0&quot;,&quot;iso&quot;:&quot;0&quot;,&quot;shutter_speed&quot;:&quot;0&quot;,&quot;title&quot;:&quot;&quot;,&quot;orientation&quot;:&quot;0&quot;}\" data-image-title=\"antimuseum-logo-1\" data-image-description=\"\" data-image-caption=\"\" data-large-file=\"https:\/\/i0.wp.com\/antimuseum.com\/wp-content\/uploads\/2021\/01\/antimuseum-logo-1.png?fit=1000%2C466&amp;ssl=1\" class=\"wp-image-6722 size-large\" src=\"https:\/\/i0.wp.com\/antimuseum.com\/wp-content\/uploads\/2021\/01\/antimuseum-logo-1.png?resize=720%2C335&#038;ssl=1\" alt=\"anti museum logo\" width=\"720\" height=\"335\" srcset=\"https:\/\/i0.wp.com\/antimuseum.com\/wp-content\/uploads\/2021\/01\/antimuseum-logo-1.png?resize=1024%2C477&amp;ssl=1 1024w, https:\/\/i0.wp.com\/antimuseum.com\/wp-content\/uploads\/2021\/01\/antimuseum-logo-1.png?resize=300%2C140&amp;ssl=1 300w, https:\/\/i0.wp.com\/antimuseum.com\/wp-content\/uploads\/2021\/01\/antimuseum-logo-1.png?resize=768%2C357&amp;ssl=1 768w, https:\/\/i0.wp.com\/antimuseum.com\/wp-content\/uploads\/2021\/01\/antimuseum-logo-1.png?resize=1200%2C558&amp;ssl=1 1200w, https:\/\/i0.wp.com\/antimuseum.com\/wp-content\/uploads\/2021\/01\/antimuseum-logo-1.png?resize=1400%2C652&amp;ssl=1 1400w, https:\/\/i0.wp.com\/antimuseum.com\/wp-content\/uploads\/2021\/01\/antimuseum-logo-1.png?resize=800%2C372&amp;ssl=1 800w, https:\/\/i0.wp.com\/antimuseum.com\/wp-content\/uploads\/2021\/01\/antimuseum-logo-1.png?w=1487&amp;ssl=1 1487w\" sizes=\"auto, (max-width: 720px) 100vw, 720px\" \/><figcaption id=\"caption-attachment-6722\" class=\"wp-caption-text\">Here&#8217;s a new logo for the anti museum<\/figcaption><\/figure>\n<p>The anti museum needed a new logo and this is why.<\/p>\n<p>As I am thinking about my new project I have begun to redesign this blog. This is only step one, but soon I will install a new template for antimuseum.com. It will cease to be a blog and will be promoted to a website. The blog will still be visible on the website and I will continue to update it regularly.<\/p>\n<p>I will even post more and more content to it. The site is now bilingual and its former French version is now part of the main site. Before installing the new template, I will start working on how I want to present my work and what kind of artistic projects I have in mind.<\/p>\n<p>This will take a while. I&#8217;m not in a hurry. It will probably take me a full year to tart everything up, and get ready for exciting new projects. In the meantime, I needed to give Antimuseum a logo. As a matter of fact, it&#8217;s not even a new logo as it never had one before.<\/p>\n<p>The anti museum was created in the 1990s (1997 if I remember well) and its earlier version is still visible online at <a href=\"http:\/\/antimuseum.online.fr\/english.html\" target=\"_blank\" rel=\"noopener\">https:\/\/antimuseum.online.fr\/en<\/a>. At the time it was the only anti museum online. Since then, there have been a few clones. But I was lucky enough to be able to buy the domain name a few years ago and it stuck.<\/p>\n<p>It was my <a href=\"https:\/\/antimuseum.com\/en\/2007\/04\/18\/eiffel-tower-2\/\">watercolour<\/a> website originally and gradually, from 2011 onwards, it transitioned into a photography website. Now I want to take the whole thing one step further and I designed this little logo to put a stake in the ground. I might even get back to watercolours, in fact, I really wish I had more time to do so. In the next few years, I will get myself organised so that time is made available daily for these activities. My\u00a0<a href=\"https:\/\/visionarymarketing.com\" target=\"_blank\" rel=\"noopener\">business schedule<\/a>\u00a0will tend to be less cluttered to give way to these new projects.<\/p>\n<p>The current period is a bit harrowing and we are all going through these periods of despair. Still, the more chaos there is around us, the more conducive it is to creativity and inventiveness. There is solace to be found in moving ahead rather than waiting for things to get better.<\/p>\n<p>Not only is it a way to take one&#8217;s mind off the dreary news, but it is also a means to transcend that and move beyond and even, if possible, try and make the world a better place. Art is often a good way of doing this.<\/p>\n","protected":false},"excerpt":{"rendered":"<p>The anti museum needed a new logo and this is why. As I am thinking about my new project I have begun to redesign this blog. This is only step one, but soon I will install a new template for antimuseum.com. It will cease to be a blog and will be promoted to a website. [&hellip;]<\/p>\n","protected":false},"author":60439,"featured_media":6726,"comment_status":"open","ping_status":"open","sticky":false,"template":"","format":"standard","meta":{"_crdt_document":"","_jetpack_newsletter_access":"","_jetpack_dont_email_post_to_subs":false,"_jetpack_newsletter_tier_id":0,"_jetpack_memberships_contains_paywalled_content":false,"_jetpack_memberships_contains_paid_content":false,"footnotes":"","jetpack_publicize_message":"","jetpack_publicize_feature_enabled":true,"jetpack_social_post_already_shared":true,"jetpack_social_options":{"image_generator_settings":{"template":"dois","default_image_id":0,"font":"","enabled":false},"version":2},"_wpas_customize_per_network":false,"jetpack_post_was_ever_published":false},"categories":[436],"tags":[],"class_list":["post-6721","post","type-post","status-publish","format-standard","has-post-thumbnail","hentry","category-photography"],"blocksy_meta":[],"yoast_head":"<!-- This site is optimized with the Yoast SEO plugin v27.5 - https:\/\/yoast.com\/product\/yoast-seo-wordpress\/ -->\n<title>anti museum logo - One step further for the anti museum<\/title>\n<meta name=\"description\" content=\"Here&#039;s a new logo for the anti museum. Step one in a list of new projects for the future. Antimuseum.com is getting a facelift.\" \/>\n<meta name=\"robots\" content=\"index, follow, max-snippet:-1, max-image-preview:large, max-video-preview:-1\" \/>\n<link rel=\"canonical\" href=\"https:\/\/antimuseum.com\/en\/2021\/01\/09\/anti-museum-logo\/\" \/>\n<meta property=\"og:locale\" content=\"en_US\" \/>\n<meta property=\"og:type\" content=\"article\" \/>\n<meta property=\"og:title\" content=\"anti museum logo - One step further for the anti museum\" \/>\n<meta property=\"og:description\" content=\"Here&#039;s a new logo for the anti museum. Step one in a list of new projects for the future. Antimuseum.com is getting a facelift.\" \/>\n<meta property=\"og:url\" content=\"https:\/\/antimuseum.com\/en\/2021\/01\/09\/anti-museum-logo\/\" \/>\n<meta property=\"og:site_name\" content=\"Yann Gourvennec - Photography\" \/>\n<meta property=\"article:publisher\" content=\"https:\/\/www.facebook.com\/AntimuseumParis\/\" \/>\n<meta property=\"article:published_time\" content=\"2021-01-09T15:27:43+00:00\" \/>\n<meta property=\"article:modified_time\" content=\"2021-01-09T15:29:22+00:00\" \/>\n<meta property=\"og:image\" content=\"https:\/\/i0.wp.com\/antimuseum.com\/wp-content\/uploads\/2021\/01\/8926398919_802f2a2c05_o-e1610204507512.jpg?fit=900%2C348&ssl=1\" \/>\n\t<meta property=\"og:image:width\" content=\"900\" \/>\n\t<meta property=\"og:image:height\" content=\"348\" \/>\n\t<meta property=\"og:image:type\" content=\"image\/jpeg\" \/>\n<meta name=\"author\" content=\"Yann Gourvennec\" \/>\n<meta name=\"twitter:card\" content=\"summary_large_image\" \/>\n<meta name=\"twitter:creator\" content=\"@ygourven\" \/>\n<meta name=\"twitter:site\" content=\"@ygourven\" \/>\n<meta name=\"twitter:label1\" content=\"Written by\" \/>\n\t<meta name=\"twitter:data1\" content=\"Yann Gourvennec\" \/>\n\t<meta name=\"twitter:label2\" content=\"Est. reading time\" \/>\n\t<meta name=\"twitter:data2\" content=\"2 minutes\" \/>\n<script type=\"application\/ld+json\" class=\"yoast-schema-graph\">{\"@context\":\"https:\\\/\\\/schema.org\",\"@graph\":[{\"@type\":\"Article\",\"@id\":\"https:\\\/\\\/antimuseum.com\\\/en\\\/2021\\\/01\\\/09\\\/anti-museum-logo\\\/#article\",\"isPartOf\":{\"@id\":\"https:\\\/\\\/antimuseum.com\\\/en\\\/2021\\\/01\\\/09\\\/anti-museum-logo\\\/\"},\"author\":{\"name\":\"Yann Gourvennec\",\"@id\":\"https:\\\/\\\/antimuseum.com\\\/en\\\/#\\\/schema\\\/person\\\/545aaf6fc711850cd5dace4214985a98\"},\"headline\":\"One step further for the anti museum\",\"datePublished\":\"2021-01-09T15:27:43+00:00\",\"dateModified\":\"2021-01-09T15:29:22+00:00\",\"mainEntityOfPage\":{\"@id\":\"https:\\\/\\\/antimuseum.com\\\/en\\\/2021\\\/01\\\/09\\\/anti-museum-logo\\\/\"},\"wordCount\":466,\"commentCount\":2,\"publisher\":{\"@id\":\"https:\\\/\\\/antimuseum.com\\\/en\\\/#organization\"},\"image\":{\"@id\":\"https:\\\/\\\/antimuseum.com\\\/en\\\/2021\\\/01\\\/09\\\/anti-museum-logo\\\/#primaryimage\"},\"thumbnailUrl\":\"https:\\\/\\\/i0.wp.com\\\/antimuseum.com\\\/wp-content\\\/uploads\\\/2021\\\/01\\\/8926398919_802f2a2c05_o-e1610204507512.jpg?fit=900%2C348&ssl=1\",\"articleSection\":[\"Photography\"],\"inLanguage\":\"en-US\",\"potentialAction\":[{\"@type\":\"CommentAction\",\"name\":\"Comment\",\"target\":[\"https:\\\/\\\/antimuseum.com\\\/en\\\/2021\\\/01\\\/09\\\/anti-museum-logo\\\/#respond\"]}]},{\"@type\":\"WebPage\",\"@id\":\"https:\\\/\\\/antimuseum.com\\\/en\\\/2021\\\/01\\\/09\\\/anti-museum-logo\\\/\",\"url\":\"https:\\\/\\\/antimuseum.com\\\/en\\\/2021\\\/01\\\/09\\\/anti-museum-logo\\\/\",\"name\":\"anti museum logo - One step further for the anti museum\",\"isPartOf\":{\"@id\":\"https:\\\/\\\/antimuseum.com\\\/en\\\/#website\"},\"primaryImageOfPage\":{\"@id\":\"https:\\\/\\\/antimuseum.com\\\/en\\\/2021\\\/01\\\/09\\\/anti-museum-logo\\\/#primaryimage\"},\"image\":{\"@id\":\"https:\\\/\\\/antimuseum.com\\\/en\\\/2021\\\/01\\\/09\\\/anti-museum-logo\\\/#primaryimage\"},\"thumbnailUrl\":\"https:\\\/\\\/i0.wp.com\\\/antimuseum.com\\\/wp-content\\\/uploads\\\/2021\\\/01\\\/8926398919_802f2a2c05_o-e1610204507512.jpg?fit=900%2C348&ssl=1\",\"datePublished\":\"2021-01-09T15:27:43+00:00\",\"dateModified\":\"2021-01-09T15:29:22+00:00\",\"description\":\"Here's a new logo for the anti museum. Step one in a list of new projects for the future. Antimuseum.com is getting a facelift.\",\"breadcrumb\":{\"@id\":\"https:\\\/\\\/antimuseum.com\\\/en\\\/2021\\\/01\\\/09\\\/anti-museum-logo\\\/#breadcrumb\"},\"inLanguage\":\"en-US\",\"potentialAction\":[{\"@type\":\"ReadAction\",\"target\":[\"https:\\\/\\\/antimuseum.com\\\/en\\\/2021\\\/01\\\/09\\\/anti-museum-logo\\\/\"]}]},{\"@type\":\"ImageObject\",\"inLanguage\":\"en-US\",\"@id\":\"https:\\\/\\\/antimuseum.com\\\/en\\\/2021\\\/01\\\/09\\\/anti-museum-logo\\\/#primaryimage\",\"url\":\"https:\\\/\\\/i0.wp.com\\\/antimuseum.com\\\/wp-content\\\/uploads\\\/2021\\\/01\\\/8926398919_802f2a2c05_o-e1610204507512.jpg?fit=900%2C348&ssl=1\",\"contentUrl\":\"https:\\\/\\\/i0.wp.com\\\/antimuseum.com\\\/wp-content\\\/uploads\\\/2021\\\/01\\\/8926398919_802f2a2c05_o-e1610204507512.jpg?fit=900%2C348&ssl=1\",\"width\":900,\"height\":348},{\"@type\":\"BreadcrumbList\",\"@id\":\"https:\\\/\\\/antimuseum.com\\\/en\\\/2021\\\/01\\\/09\\\/anti-museum-logo\\\/#breadcrumb\",\"itemListElement\":[{\"@type\":\"ListItem\",\"position\":1,\"name\":\"Home\",\"item\":\"https:\\\/\\\/antimuseum.com\\\/en\\\/photographe-portrait-entreprise-paris\\\/\"},{\"@type\":\"ListItem\",\"position\":2,\"name\":\"One step further for the anti museum\"}]},{\"@type\":\"WebSite\",\"@id\":\"https:\\\/\\\/antimuseum.com\\\/en\\\/#website\",\"url\":\"https:\\\/\\\/antimuseum.com\\\/en\\\/\",\"name\":\"The Antimuseum in Paris (and beyond)\",\"description\":\"The Antimuseum in Paris (and beyond)\",\"publisher\":{\"@id\":\"https:\\\/\\\/antimuseum.com\\\/en\\\/#organization\"},\"alternateName\":\"anti-museum in Paris\",\"potentialAction\":[{\"@type\":\"SearchAction\",\"target\":{\"@type\":\"EntryPoint\",\"urlTemplate\":\"https:\\\/\\\/antimuseum.com\\\/en\\\/?s={search_term_string}\"},\"query-input\":{\"@type\":\"PropertyValueSpecification\",\"valueRequired\":true,\"valueName\":\"search_term_string\"}}],\"inLanguage\":\"en-US\"},{\"@type\":\"Organization\",\"@id\":\"https:\\\/\\\/antimuseum.com\\\/en\\\/#organization\",\"name\":\"The Antimuseum in Paris (and beyond)\",\"url\":\"https:\\\/\\\/antimuseum.com\\\/en\\\/\",\"logo\":{\"@type\":\"ImageObject\",\"inLanguage\":\"en-US\",\"@id\":\"https:\\\/\\\/antimuseum.com\\\/en\\\/#\\\/schema\\\/logo\\\/image\\\/\",\"url\":\"https:\\\/\\\/antimuseum.com\\\/wp-content\\\/uploads\\\/2021\\\/01\\\/antimuseum-logo-1-2-e1610813225740.png\",\"contentUrl\":\"https:\\\/\\\/antimuseum.com\\\/wp-content\\\/uploads\\\/2021\\\/01\\\/antimuseum-logo-1-2-e1610813225740.png\",\"width\":1487,\"height\":692,\"caption\":\"The Antimuseum in Paris (and beyond)\"},\"image\":{\"@id\":\"https:\\\/\\\/antimuseum.com\\\/en\\\/#\\\/schema\\\/logo\\\/image\\\/\"},\"sameAs\":[\"https:\\\/\\\/www.facebook.com\\\/AntimuseumParis\\\/\",\"https:\\\/\\\/x.com\\\/ygourven\"]},{\"@type\":\"Person\",\"@id\":\"https:\\\/\\\/antimuseum.com\\\/en\\\/#\\\/schema\\\/person\\\/545aaf6fc711850cd5dace4214985a98\",\"name\":\"Yann Gourvennec\",\"image\":{\"@type\":\"ImageObject\",\"inLanguage\":\"en-US\",\"@id\":\"https:\\\/\\\/secure.gravatar.com\\\/avatar\\\/d6cd451b8e0fc3c089b819830933d0a38a14de90e62c0dfdbf7feeb7bf00510e?s=96&d=identicon&r=g\",\"url\":\"https:\\\/\\\/secure.gravatar.com\\\/avatar\\\/d6cd451b8e0fc3c089b819830933d0a38a14de90e62c0dfdbf7feeb7bf00510e?s=96&d=identicon&r=g\",\"contentUrl\":\"https:\\\/\\\/secure.gravatar.com\\\/avatar\\\/d6cd451b8e0fc3c089b819830933d0a38a14de90e62c0dfdbf7feeb7bf00510e?s=96&d=identicon&r=g\",\"caption\":\"Yann Gourvennec\"},\"description\":\"I'm a photographer and watercolourist. I have practiced photography since childhood and digital photography since 1995. I turned it into my main occupation in 2021. I own a photo studio in Paris, France. ------------ Je suis photographe et aquarelliste. Je pratique la photographie depuis l'enfance et la photographie num\u00e9rique depuis 1995. J'en ai fait mon activit\u00e9 principale en 2021. Je poss\u00e8de un studio photo dans le 15e arrondissement de Paris\",\"sameAs\":[\"https:\\\/\\\/visionarymarketing.com\"],\"url\":\"https:\\\/\\\/antimuseum.com\\\/en\\\/author\\\/visionarymarketing\\\/\"}]}<\/script>\n<!-- \/ Yoast SEO plugin. -->","yoast_head_json":{"title":"anti museum logo - One step further for the anti museum","description":"Here's a new logo for the anti museum. Step one in a list of new projects for the future. Antimuseum.com is getting a facelift.","robots":{"index":"index","follow":"follow","max-snippet":"max-snippet:-1","max-image-preview":"max-image-preview:large","max-video-preview":"max-video-preview:-1"},"canonical":"https:\/\/antimuseum.com\/en\/2021\/01\/09\/anti-museum-logo\/","og_locale":"en_US","og_type":"article","og_title":"anti museum logo - One step further for the anti museum","og_description":"Here's a new logo for the anti museum. Step one in a list of new projects for the future. Antimuseum.com is getting a facelift.","og_url":"https:\/\/antimuseum.com\/en\/2021\/01\/09\/anti-museum-logo\/","og_site_name":"Yann Gourvennec - Photography","article_publisher":"https:\/\/www.facebook.com\/AntimuseumParis\/","article_published_time":"2021-01-09T15:27:43+00:00","article_modified_time":"2021-01-09T15:29:22+00:00","og_image":[{"width":900,"height":348,"url":"https:\/\/i0.wp.com\/antimuseum.com\/wp-content\/uploads\/2021\/01\/8926398919_802f2a2c05_o-e1610204507512.jpg?fit=900%2C348&ssl=1","type":"image\/jpeg"}],"author":"Yann Gourvennec","twitter_card":"summary_large_image","twitter_creator":"@ygourven","twitter_site":"@ygourven","twitter_misc":{"Written by":"Yann Gourvennec","Est. reading time":"2 minutes"},"schema":{"@context":"https:\/\/schema.org","@graph":[{"@type":"Article","@id":"https:\/\/antimuseum.com\/en\/2021\/01\/09\/anti-museum-logo\/#article","isPartOf":{"@id":"https:\/\/antimuseum.com\/en\/2021\/01\/09\/anti-museum-logo\/"},"author":{"name":"Yann Gourvennec","@id":"https:\/\/antimuseum.com\/en\/#\/schema\/person\/545aaf6fc711850cd5dace4214985a98"},"headline":"One step further for the anti museum","datePublished":"2021-01-09T15:27:43+00:00","dateModified":"2021-01-09T15:29:22+00:00","mainEntityOfPage":{"@id":"https:\/\/antimuseum.com\/en\/2021\/01\/09\/anti-museum-logo\/"},"wordCount":466,"commentCount":2,"publisher":{"@id":"https:\/\/antimuseum.com\/en\/#organization"},"image":{"@id":"https:\/\/antimuseum.com\/en\/2021\/01\/09\/anti-museum-logo\/#primaryimage"},"thumbnailUrl":"https:\/\/i0.wp.com\/antimuseum.com\/wp-content\/uploads\/2021\/01\/8926398919_802f2a2c05_o-e1610204507512.jpg?fit=900%2C348&ssl=1","articleSection":["Photography"],"inLanguage":"en-US","potentialAction":[{"@type":"CommentAction","name":"Comment","target":["https:\/\/antimuseum.com\/en\/2021\/01\/09\/anti-museum-logo\/#respond"]}]},{"@type":"WebPage","@id":"https:\/\/antimuseum.com\/en\/2021\/01\/09\/anti-museum-logo\/","url":"https:\/\/antimuseum.com\/en\/2021\/01\/09\/anti-museum-logo\/","name":"anti museum logo - One step further for the anti museum","isPartOf":{"@id":"https:\/\/antimuseum.com\/en\/#website"},"primaryImageOfPage":{"@id":"https:\/\/antimuseum.com\/en\/2021\/01\/09\/anti-museum-logo\/#primaryimage"},"image":{"@id":"https:\/\/antimuseum.com\/en\/2021\/01\/09\/anti-museum-logo\/#primaryimage"},"thumbnailUrl":"https:\/\/i0.wp.com\/antimuseum.com\/wp-content\/uploads\/2021\/01\/8926398919_802f2a2c05_o-e1610204507512.jpg?fit=900%2C348&ssl=1","datePublished":"2021-01-09T15:27:43+00:00","dateModified":"2021-01-09T15:29:22+00:00","description":"Here's a new logo for the anti museum. Step one in a list of new projects for the future. Antimuseum.com is getting a facelift.","breadcrumb":{"@id":"https:\/\/antimuseum.com\/en\/2021\/01\/09\/anti-museum-logo\/#breadcrumb"},"inLanguage":"en-US","potentialAction":[{"@type":"ReadAction","target":["https:\/\/antimuseum.com\/en\/2021\/01\/09\/anti-museum-logo\/"]}]},{"@type":"ImageObject","inLanguage":"en-US","@id":"https:\/\/antimuseum.com\/en\/2021\/01\/09\/anti-museum-logo\/#primaryimage","url":"https:\/\/i0.wp.com\/antimuseum.com\/wp-content\/uploads\/2021\/01\/8926398919_802f2a2c05_o-e1610204507512.jpg?fit=900%2C348&ssl=1","contentUrl":"https:\/\/i0.wp.com\/antimuseum.com\/wp-content\/uploads\/2021\/01\/8926398919_802f2a2c05_o-e1610204507512.jpg?fit=900%2C348&ssl=1","width":900,"height":348},{"@type":"BreadcrumbList","@id":"https:\/\/antimuseum.com\/en\/2021\/01\/09\/anti-museum-logo\/#breadcrumb","itemListElement":[{"@type":"ListItem","position":1,"name":"Home","item":"https:\/\/antimuseum.com\/en\/photographe-portrait-entreprise-paris\/"},{"@type":"ListItem","position":2,"name":"One step further for the anti museum"}]},{"@type":"WebSite","@id":"https:\/\/antimuseum.com\/en\/#website","url":"https:\/\/antimuseum.com\/en\/","name":"The Antimuseum in Paris (and beyond)","description":"The Antimuseum in Paris (and beyond)","publisher":{"@id":"https:\/\/antimuseum.com\/en\/#organization"},"alternateName":"anti-museum in Paris","potentialAction":[{"@type":"SearchAction","target":{"@type":"EntryPoint","urlTemplate":"https:\/\/antimuseum.com\/en\/?s={search_term_string}"},"query-input":{"@type":"PropertyValueSpecification","valueRequired":true,"valueName":"search_term_string"}}],"inLanguage":"en-US"},{"@type":"Organization","@id":"https:\/\/antimuseum.com\/en\/#organization","name":"The Antimuseum in Paris (and beyond)","url":"https:\/\/antimuseum.com\/en\/","logo":{"@type":"ImageObject","inLanguage":"en-US","@id":"https:\/\/antimuseum.com\/en\/#\/schema\/logo\/image\/","url":"https:\/\/antimuseum.com\/wp-content\/uploads\/2021\/01\/antimuseum-logo-1-2-e1610813225740.png","contentUrl":"https:\/\/antimuseum.com\/wp-content\/uploads\/2021\/01\/antimuseum-logo-1-2-e1610813225740.png","width":1487,"height":692,"caption":"The Antimuseum in Paris (and beyond)"},"image":{"@id":"https:\/\/antimuseum.com\/en\/#\/schema\/logo\/image\/"},"sameAs":["https:\/\/www.facebook.com\/AntimuseumParis\/","https:\/\/x.com\/ygourven"]},{"@type":"Person","@id":"https:\/\/antimuseum.com\/en\/#\/schema\/person\/545aaf6fc711850cd5dace4214985a98","name":"Yann Gourvennec","image":{"@type":"ImageObject","inLanguage":"en-US","@id":"https:\/\/secure.gravatar.com\/avatar\/d6cd451b8e0fc3c089b819830933d0a38a14de90e62c0dfdbf7feeb7bf00510e?s=96&d=identicon&r=g","url":"https:\/\/secure.gravatar.com\/avatar\/d6cd451b8e0fc3c089b819830933d0a38a14de90e62c0dfdbf7feeb7bf00510e?s=96&d=identicon&r=g","contentUrl":"https:\/\/secure.gravatar.com\/avatar\/d6cd451b8e0fc3c089b819830933d0a38a14de90e62c0dfdbf7feeb7bf00510e?s=96&d=identicon&r=g","caption":"Yann Gourvennec"},"description":"I'm a photographer and watercolourist. I have practiced photography since childhood and digital photography since 1995. I turned it into my main occupation in 2021. I own a photo studio in Paris, France. ------------ Je suis photographe et aquarelliste. Je pratique la photographie depuis l'enfance et la photographie num\u00e9rique depuis 1995. J'en ai fait mon activit\u00e9 principale en 2021. Je poss\u00e8de un studio photo dans le 15e arrondissement de Paris","sameAs":["https:\/\/visionarymarketing.com"],"url":"https:\/\/antimuseum.com\/en\/author\/visionarymarketing\/"}]}},"jetpack_publicize_connections":[],"jetpack_featured_media_url":"https:\/\/i0.wp.com\/antimuseum.com\/wp-content\/uploads\/2021\/01\/8926398919_802f2a2c05_o-e1610204507512.jpg?fit=900%2C348&ssl=1","jetpack_likes_enabled":true,"jetpack_sharing_enabled":true,"jetpack_shortlink":"https:\/\/wp.me\/p1bww-1Kp","jetpack-related-posts":[{"id":7701,"url":"https:\/\/antimuseum.com\/en\/2021\/02\/24\/portfolios-anti-museum\/","url_meta":{"origin":6721,"position":0},"title":"Working on the portfolios of the antimuseum","author":"Yann Gourvennec","date":"February 24, 2021","format":false,"excerpt":"I'm working on the portfolios of the anti museum right now. The task is huge, and it's very exciting too. Working on the Anti museum portfolios As the writing on the window above states, no one knows when restaurants will reopen, nor museums, cinema houses, theaters, and the rest of\u2026","rel":"","context":"In &quot;Photography&quot;","block_context":{"text":"Photography","link":"https:\/\/antimuseum.com\/en\/category\/photography\/"},"img":{"alt_text":"portfolios anti museum","src":"https:\/\/i0.wp.com\/antimuseum.com\/wp-content\/uploads\/2021\/02\/ride-thumbnail.jpg?fit=900%2C351&ssl=1&resize=350%2C200","width":350,"height":200,"srcset":"https:\/\/i0.wp.com\/antimuseum.com\/wp-content\/uploads\/2021\/02\/ride-thumbnail.jpg?fit=900%2C351&ssl=1&resize=350%2C200 1x, https:\/\/i0.wp.com\/antimuseum.com\/wp-content\/uploads\/2021\/02\/ride-thumbnail.jpg?fit=900%2C351&ssl=1&resize=525%2C300 1.5x, https:\/\/i0.wp.com\/antimuseum.com\/wp-content\/uploads\/2021\/02\/ride-thumbnail.jpg?fit=900%2C351&ssl=1&resize=700%2C400 2x"},"classes":[]},{"id":1207,"url":"https:\/\/antimuseum.com\/en\/2013\/06\/03\/35-mm-photography-on-nicephore-niepces-territory\/","url_meta":{"origin":6721,"position":1},"title":"35 mm Photography on Nicephore Niepce&#8217;s Territory","author":"Yann Gourvennec","date":"June 3, 2013","format":false,"excerpt":"35 mm photography with a vintage manual lens. Now you're talking! Yesterday we went to Bi\u00e8vres, a small \"country\" village south of Paris. It is famous for being the hometown of Nicephore Niepce, who invented Photography in 1824. Thank you, Nicephore! (Boy! I like that first name, I wish I'd\u2026","rel":"","context":"In &quot;Photography&quot;","block_context":{"text":"Photography","link":"https:\/\/antimuseum.com\/en\/category\/photography\/"},"img":{"alt_text":"","src":"https:\/\/i0.wp.com\/antimuseum.com\/wp-content\/uploads\/2021\/04\/8927026220_5013b513f8_o.jpg?fit=900%2C350&ssl=1&resize=350%2C200","width":350,"height":200,"srcset":"https:\/\/i0.wp.com\/antimuseum.com\/wp-content\/uploads\/2021\/04\/8927026220_5013b513f8_o.jpg?fit=900%2C350&ssl=1&resize=350%2C200 1x, https:\/\/i0.wp.com\/antimuseum.com\/wp-content\/uploads\/2021\/04\/8927026220_5013b513f8_o.jpg?fit=900%2C350&ssl=1&resize=525%2C300 1.5x, https:\/\/i0.wp.com\/antimuseum.com\/wp-content\/uploads\/2021\/04\/8927026220_5013b513f8_o.jpg?fit=900%2C350&ssl=1&resize=700%2C400 2x"},"classes":[]},{"id":7448,"url":"https:\/\/antimuseum.com\/en\/2021\/02\/07\/behind-the-scenes\/","url_meta":{"origin":6721,"position":2},"title":"Behind the scenes &#8211; Versailles","author":"Yann Gourvennec","date":"February 7, 2021","format":false,"excerpt":"Behind the scenes, one understands that appearances may be a trifle deceptive. To most people, and not just tourists, Versailles will look like the above picture. Rowing boats, canals and a grandiose ch\u00e2teau. One will take the train to the Versailles Rive Gauche railway station and scutter from there to\u2026","rel":"","context":"In &quot;Architecture Photos&quot;","block_context":{"text":"Architecture Photos","link":"https:\/\/antimuseum.com\/en\/category\/photography\/architecture-photography\/"},"img":{"alt_text":"","src":"https:\/\/i0.wp.com\/antimuseum.com\/wp-content\/uploads\/2021\/02\/50687129472_eb5b293df7_o-2.jpg?fit=900%2C350&ssl=1&resize=350%2C200","width":350,"height":200,"srcset":"https:\/\/i0.wp.com\/antimuseum.com\/wp-content\/uploads\/2021\/02\/50687129472_eb5b293df7_o-2.jpg?fit=900%2C350&ssl=1&resize=350%2C200 1x, https:\/\/i0.wp.com\/antimuseum.com\/wp-content\/uploads\/2021\/02\/50687129472_eb5b293df7_o-2.jpg?fit=900%2C350&ssl=1&resize=525%2C300 1.5x, https:\/\/i0.wp.com\/antimuseum.com\/wp-content\/uploads\/2021\/02\/50687129472_eb5b293df7_o-2.jpg?fit=900%2C350&ssl=1&resize=700%2C400 2x"},"classes":[]},{"id":3905,"url":"https:\/\/antimuseum.com\/en\/2019\/04\/13\/st-joseph-2-3\/","url_meta":{"origin":6721,"position":3},"title":"St Joseph &#8211; 2\/3","author":"Yann Gourvennec","date":"April 13, 2019","format":false,"excerpt":"You seem to have liked St Joseph, so here are a few more pictures. Outside staircase. I wish I'd been able to climb to the top, the view must be fantastic. \u00a0 I chose the backlighting option to make it look more dramatic. Different angle this time Now this is\u2026","rel":"","context":"In &quot;Photography&quot;","block_context":{"text":"Photography","link":"https:\/\/antimuseum.com\/en\/category\/photography\/"},"img":{"alt_text":"","src":"https:\/\/i0.wp.com\/antimuseum.com\/wp-content\/uploads\/2019\/04\/47534862172_9dd2f2193a_k-e1555143267279.jpg?fit=1000%2C368&ssl=1&resize=350%2C200","width":350,"height":200,"srcset":"https:\/\/i0.wp.com\/antimuseum.com\/wp-content\/uploads\/2019\/04\/47534862172_9dd2f2193a_k-e1555143267279.jpg?fit=1000%2C368&ssl=1&resize=350%2C200 1x, https:\/\/i0.wp.com\/antimuseum.com\/wp-content\/uploads\/2019\/04\/47534862172_9dd2f2193a_k-e1555143267279.jpg?fit=1000%2C368&ssl=1&resize=525%2C300 1.5x, https:\/\/i0.wp.com\/antimuseum.com\/wp-content\/uploads\/2019\/04\/47534862172_9dd2f2193a_k-e1555143267279.jpg?fit=1000%2C368&ssl=1&resize=700%2C400 2x"},"classes":[]},{"id":14251,"url":"https:\/\/antimuseum.com\/en\/2023\/07\/04\/the-effect-of-ai-on-photography-and-beyond\/","url_meta":{"origin":6721,"position":4},"title":"The Effect of AI on Photography (and Beyond)","author":"Emilie Leger","date":"July 4, 2023","format":false,"excerpt":"Will AI take over photography? Photography has been around for more than a century, the creativity and technicality are what keeps photographers in business. What happens now that we have generative artificial intelligence applications that can create photos in seconds? AI and Generative Artificial Intelligence in Photography \u00a0What are the\u2026","rel":"","context":"In &quot;Photography&quot;","block_context":{"text":"Photography","link":"https:\/\/antimuseum.com\/en\/category\/photography\/"},"img":{"alt_text":"AI on photography","src":"https:\/\/i0.wp.com\/antimuseum.com\/wp-content\/uploads\/2023\/07\/ygourven_the_impact_of_gen_AI_on_photography_3_ba058169-2ade-446f-b2c9-206b419217dd.png?fit=1200%2C800&ssl=1&resize=350%2C200","width":350,"height":200,"srcset":"https:\/\/i0.wp.com\/antimuseum.com\/wp-content\/uploads\/2023\/07\/ygourven_the_impact_of_gen_AI_on_photography_3_ba058169-2ade-446f-b2c9-206b419217dd.png?fit=1200%2C800&ssl=1&resize=350%2C200 1x, https:\/\/i0.wp.com\/antimuseum.com\/wp-content\/uploads\/2023\/07\/ygourven_the_impact_of_gen_AI_on_photography_3_ba058169-2ade-446f-b2c9-206b419217dd.png?fit=1200%2C800&ssl=1&resize=525%2C300 1.5x, https:\/\/i0.wp.com\/antimuseum.com\/wp-content\/uploads\/2023\/07\/ygourven_the_impact_of_gen_AI_on_photography_3_ba058169-2ade-446f-b2c9-206b419217dd.png?fit=1200%2C800&ssl=1&resize=700%2C400 2x, https:\/\/i0.wp.com\/antimuseum.com\/wp-content\/uploads\/2023\/07\/ygourven_the_impact_of_gen_AI_on_photography_3_ba058169-2ade-446f-b2c9-206b419217dd.png?fit=1200%2C800&ssl=1&resize=1050%2C600 3x"},"classes":[]},{"id":3204,"url":"https:\/\/antimuseum.com\/en\/2023\/03\/20\/temporary-post\/","url_meta":{"origin":6721,"position":5},"title":"Temporary Post","author":"Yann Gourvennec","date":"March 20, 2023","format":false,"excerpt":"All we do and build in this world is temporary. We don\u2019t look at it this way and yet, with hindsight, once we are dead and buried, who will remember us and what we\u2019ve done. What will become of this website and the 2,000+ blog posts which I have written,\u2026","rel":"","context":"In &quot;Photography&quot;","block_context":{"text":"Photography","link":"https:\/\/antimuseum.com\/en\/category\/photography\/"},"img":{"alt_text":"","src":"https:\/\/i0.wp.com\/antimuseum.com\/wp-content\/uploads\/2017\/11\/38135659936_b8a536ab2b_c.jpg?fit=800%2C534&ssl=1&resize=350%2C200","width":350,"height":200,"srcset":"https:\/\/i0.wp.com\/antimuseum.com\/wp-content\/uploads\/2017\/11\/38135659936_b8a536ab2b_c.jpg?fit=800%2C534&ssl=1&resize=350%2C200 1x, https:\/\/i0.wp.com\/antimuseum.com\/wp-content\/uploads\/2017\/11\/38135659936_b8a536ab2b_c.jpg?fit=800%2C534&ssl=1&resize=525%2C300 1.5x, https:\/\/i0.wp.com\/antimuseum.com\/wp-content\/uploads\/2017\/11\/38135659936_b8a536ab2b_c.jpg?fit=800%2C534&ssl=1&resize=700%2C400 2x"},"classes":[]}],"_links":{"self":[{"href":"https:\/\/antimuseum.com\/en\/wp-json\/wp\/v2\/posts\/6721","targetHints":{"allow":["GET"]}}],"collection":[{"href":"https:\/\/antimuseum.com\/en\/wp-json\/wp\/v2\/posts"}],"about":[{"href":"https:\/\/antimuseum.com\/en\/wp-json\/wp\/v2\/types\/post"}],"author":[{"embeddable":true,"href":"https:\/\/antimuseum.com\/en\/wp-json\/wp\/v2\/users\/60439"}],"replies":[{"embeddable":true,"href":"https:\/\/antimuseum.com\/en\/wp-json\/wp\/v2\/comments?post=6721"}],"version-history":[{"count":9,"href":"https:\/\/antimuseum.com\/en\/wp-json\/wp\/v2\/posts\/6721\/revisions"}],"predecessor-version":[{"id":6734,"href":"https:\/\/antimuseum.com\/en\/wp-json\/wp\/v2\/posts\/6721\/revisions\/6734"}],"wp:featuredmedia":[{"embeddable":true,"href":"https:\/\/antimuseum.com\/en\/wp-json\/wp\/v2\/media\/6726"}],"wp:attachment":[{"href":"https:\/\/antimuseum.com\/en\/wp-json\/wp\/v2\/media?parent=6721"}],"wp:term":[{"taxonomy":"category","embeddable":true,"href":"https:\/\/antimuseum.com\/en\/wp-json\/wp\/v2\/categories?post=6721"},{"taxonomy":"post_tag","embeddable":true,"href":"https:\/\/antimuseum.com\/en\/wp-json\/wp\/v2\/tags?post=6721"}],"curies":[{"name":"wp","href":"https:\/\/api.w.org\/{rel}","templated":true}]}}