{"id":997,"date":"2013-05-04T06:16:48","date_gmt":"2013-05-04T06:16:48","guid":{"rendered":"http:\/\/antimuseum.com\/?p=997"},"modified":"2013-05-04T06:16:48","modified_gmt":"2013-05-04T06:16:48","slug":"escherian-stairwell-in-suresnes","status":"publish","type":"post","link":"https:\/\/antimuseum.com\/en\/2013\/05\/04\/escherian-stairwell-in-suresnes\/","title":{"rendered":"Escherian Stairwell in Suresnes"},"content":{"rendered":"<p><a title=\"Mont Val\u00e9rien - Suresnes by ygourvennec, on Flickr\" href=\"http:\/\/www.flickr.com\/photos\/yag\/8701282164\/\"><img data-recalc-dims=\"1\" loading=\"lazy\" decoding=\"async\" alt=\"Mont Val\u00e9rien - Suresnes\" src=\"https:\/\/i0.wp.com\/farm9.staticflickr.com\/8271\/8701282164_a00f525c4e_c.jpg?resize=534%2C800\" width=\"534\" height=\"800\" \/><\/a><\/p>\n<p>While visiting the Mont Val\u00e9rien in Suresnes, I found this surreal stairwell which could have been designed by <a href=\"http:\/\/www.mcescher.com\/\" target=\"_blank\">Maurits Escher<\/a>.<\/p>\n<p><a title=\"Escherite staircase in Mont Val\u00e9rien - Suresnes by ygourvennec, on Flickr\" href=\"http:\/\/www.flickr.com\/photos\/yag\/8701260540\/\"><img data-recalc-dims=\"1\" loading=\"lazy\" decoding=\"async\" alt=\"Escherite staircase in Mont Val\u00e9rien - Suresnes\" src=\"https:\/\/i0.wp.com\/farm9.staticflickr.com\/8264\/8701260540_b2a55049b4_c.jpg?resize=534%2C800\" width=\"534\" height=\"800\" \/><\/a><\/p>\n<p>alternate view of the Suresnes stairwell<\/p>\n","protected":false},"excerpt":{"rendered":"<p>While visiting the Mont Val\u00e9rien in Suresnes, I found this surreal stairwell which could have been designed by Maurits Escher. alternate view of the Suresnes stairwell<\/p>\n","protected":false},"author":60439,"featured_media":0,"comment_status":"open","ping_status":"open","sticky":false,"template":"","format":"standard","meta":{"_crdt_document":"","_jetpack_newsletter_access":"","_jetpack_dont_email_post_to_subs":false,"_jetpack_newsletter_tier_id":0,"_jetpack_memberships_contains_paywalled_content":false,"_jetpack_memberships_contains_paid_content":false,"footnotes":"","jetpack_publicize_message":"","jetpack_publicize_feature_enabled":true,"jetpack_social_post_already_shared":false,"jetpack_social_options":{"image_generator_settings":{"template":"dois","default_image_id":0,"font":"","enabled":false},"version":2},"_wpas_customize_per_network":false,"jetpack_post_was_ever_published":false},"categories":[2290,436],"tags":[],"class_list":["post-997","post","type-post","status-publish","format-standard","hentry","category-architecture-photography","category-photography"],"blocksy_meta":[],"yoast_head":"<!-- This site is optimized with the Yoast SEO plugin v27.4 - https:\/\/yoast.com\/product\/yoast-seo-wordpress\/ -->\n<title>Escherian Stairwell in Suresnes<\/title>\n<meta name=\"robots\" content=\"noindex, follow\" \/>\n<meta property=\"og:locale\" content=\"en_US\" \/>\n<meta property=\"og:type\" content=\"article\" \/>\n<meta property=\"og:title\" content=\"Escherian Stairwell in Suresnes\" \/>\n<meta property=\"og:description\" content=\"While visiting the Mont Val\u00e9rien in Suresnes, I found this surreal stairwell which could have been designed by Maurits Escher. alternate view of the Suresnes stairwell\" \/>\n<meta property=\"og:url\" content=\"https:\/\/antimuseum.com\/en\/2013\/05\/04\/escherian-stairwell-in-suresnes\/\" \/>\n<meta property=\"og:site_name\" content=\"Yann Gourvennec - Photography\" \/>\n<meta property=\"article:publisher\" content=\"https:\/\/www.facebook.com\/AntimuseumParis\/\" \/>\n<meta property=\"article:published_time\" content=\"2013-05-04T06:16:48+00:00\" \/>\n<meta property=\"og:image\" content=\"http:\/\/farm9.staticflickr.com\/8271\/8701282164_a00f525c4e_c.jpg\" \/>\n<meta name=\"author\" content=\"Yann Gourvennec\" \/>\n<meta name=\"twitter:card\" content=\"summary_large_image\" \/>\n<meta name=\"twitter:creator\" content=\"@ygourven\" \/>\n<meta name=\"twitter:site\" content=\"@ygourven\" \/>\n<meta name=\"twitter:label1\" content=\"Written by\" \/>\n\t<meta name=\"twitter:data1\" content=\"Yann Gourvennec\" \/>\n<script type=\"application\/ld+json\" class=\"yoast-schema-graph\">{\"@context\":\"https:\\\/\\\/schema.org\",\"@graph\":[{\"@type\":\"Article\",\"@id\":\"https:\\\/\\\/antimuseum.com\\\/en\\\/2013\\\/05\\\/04\\\/escherian-stairwell-in-suresnes\\\/#article\",\"isPartOf\":{\"@id\":\"https:\\\/\\\/antimuseum.com\\\/en\\\/2013\\\/05\\\/04\\\/escherian-stairwell-in-suresnes\\\/\"},\"author\":{\"name\":\"Yann Gourvennec\",\"@id\":\"https:\\\/\\\/antimuseum.com\\\/en\\\/#\\\/schema\\\/person\\\/545aaf6fc711850cd5dace4214985a98\"},\"headline\":\"Escherian Stairwell in Suresnes\",\"datePublished\":\"2013-05-04T06:16:48+00:00\",\"mainEntityOfPage\":{\"@id\":\"https:\\\/\\\/antimuseum.com\\\/en\\\/2013\\\/05\\\/04\\\/escherian-stairwell-in-suresnes\\\/\"},\"wordCount\":31,\"commentCount\":2,\"publisher\":{\"@id\":\"https:\\\/\\\/antimuseum.com\\\/en\\\/#organization\"},\"image\":{\"@id\":\"https:\\\/\\\/antimuseum.com\\\/en\\\/2013\\\/05\\\/04\\\/escherian-stairwell-in-suresnes\\\/#primaryimage\"},\"thumbnailUrl\":\"http:\\\/\\\/farm9.staticflickr.com\\\/8271\\\/8701282164_a00f525c4e_c.jpg\",\"articleSection\":[\"Architecture Photos\",\"Photography\"],\"inLanguage\":\"en-US\",\"potentialAction\":[{\"@type\":\"CommentAction\",\"name\":\"Comment\",\"target\":[\"https:\\\/\\\/antimuseum.com\\\/en\\\/2013\\\/05\\\/04\\\/escherian-stairwell-in-suresnes\\\/#respond\"]}]},{\"@type\":\"WebPage\",\"@id\":\"https:\\\/\\\/antimuseum.com\\\/en\\\/2013\\\/05\\\/04\\\/escherian-stairwell-in-suresnes\\\/\",\"url\":\"https:\\\/\\\/antimuseum.com\\\/en\\\/2013\\\/05\\\/04\\\/escherian-stairwell-in-suresnes\\\/\",\"name\":\"Escherian Stairwell in Suresnes\",\"isPartOf\":{\"@id\":\"https:\\\/\\\/antimuseum.com\\\/en\\\/#website\"},\"primaryImageOfPage\":{\"@id\":\"https:\\\/\\\/antimuseum.com\\\/en\\\/2013\\\/05\\\/04\\\/escherian-stairwell-in-suresnes\\\/#primaryimage\"},\"image\":{\"@id\":\"https:\\\/\\\/antimuseum.com\\\/en\\\/2013\\\/05\\\/04\\\/escherian-stairwell-in-suresnes\\\/#primaryimage\"},\"thumbnailUrl\":\"http:\\\/\\\/farm9.staticflickr.com\\\/8271\\\/8701282164_a00f525c4e_c.jpg\",\"datePublished\":\"2013-05-04T06:16:48+00:00\",\"breadcrumb\":{\"@id\":\"https:\\\/\\\/antimuseum.com\\\/en\\\/2013\\\/05\\\/04\\\/escherian-stairwell-in-suresnes\\\/#breadcrumb\"},\"inLanguage\":\"en-US\",\"potentialAction\":[{\"@type\":\"ReadAction\",\"target\":[\"https:\\\/\\\/antimuseum.com\\\/en\\\/2013\\\/05\\\/04\\\/escherian-stairwell-in-suresnes\\\/\"]}]},{\"@type\":\"ImageObject\",\"inLanguage\":\"en-US\",\"@id\":\"https:\\\/\\\/antimuseum.com\\\/en\\\/2013\\\/05\\\/04\\\/escherian-stairwell-in-suresnes\\\/#primaryimage\",\"url\":\"http:\\\/\\\/farm9.staticflickr.com\\\/8271\\\/8701282164_a00f525c4e_c.jpg\",\"contentUrl\":\"http:\\\/\\\/farm9.staticflickr.com\\\/8271\\\/8701282164_a00f525c4e_c.jpg\"},{\"@type\":\"BreadcrumbList\",\"@id\":\"https:\\\/\\\/antimuseum.com\\\/en\\\/2013\\\/05\\\/04\\\/escherian-stairwell-in-suresnes\\\/#breadcrumb\",\"itemListElement\":[{\"@type\":\"ListItem\",\"position\":1,\"name\":\"Home\",\"item\":\"https:\\\/\\\/antimuseum.com\\\/en\\\/\"},{\"@type\":\"ListItem\",\"position\":2,\"name\":\"Escherian Stairwell in Suresnes\"}]},{\"@type\":\"WebSite\",\"@id\":\"https:\\\/\\\/antimuseum.com\\\/en\\\/#website\",\"url\":\"https:\\\/\\\/antimuseum.com\\\/en\\\/\",\"name\":\"The Antimuseum in Paris (and beyond)\",\"description\":\"The Antimuseum in Paris (and beyond)\",\"publisher\":{\"@id\":\"https:\\\/\\\/antimuseum.com\\\/en\\\/#organization\"},\"alternateName\":\"anti-museum in Paris\",\"potentialAction\":[{\"@type\":\"SearchAction\",\"target\":{\"@type\":\"EntryPoint\",\"urlTemplate\":\"https:\\\/\\\/antimuseum.com\\\/en\\\/?s={search_term_string}\"},\"query-input\":{\"@type\":\"PropertyValueSpecification\",\"valueRequired\":true,\"valueName\":\"search_term_string\"}}],\"inLanguage\":\"en-US\"},{\"@type\":\"Organization\",\"@id\":\"https:\\\/\\\/antimuseum.com\\\/en\\\/#organization\",\"name\":\"The Antimuseum in Paris (and beyond)\",\"url\":\"https:\\\/\\\/antimuseum.com\\\/en\\\/\",\"logo\":{\"@type\":\"ImageObject\",\"inLanguage\":\"en-US\",\"@id\":\"https:\\\/\\\/antimuseum.com\\\/en\\\/#\\\/schema\\\/logo\\\/image\\\/\",\"url\":\"https:\\\/\\\/antimuseum.com\\\/wp-content\\\/uploads\\\/2021\\\/01\\\/antimuseum-logo-1-2-e1610813225740.png\",\"contentUrl\":\"https:\\\/\\\/antimuseum.com\\\/wp-content\\\/uploads\\\/2021\\\/01\\\/antimuseum-logo-1-2-e1610813225740.png\",\"width\":1487,\"height\":692,\"caption\":\"The Antimuseum in Paris (and beyond)\"},\"image\":{\"@id\":\"https:\\\/\\\/antimuseum.com\\\/en\\\/#\\\/schema\\\/logo\\\/image\\\/\"},\"sameAs\":[\"https:\\\/\\\/www.facebook.com\\\/AntimuseumParis\\\/\",\"https:\\\/\\\/x.com\\\/ygourven\"]},{\"@type\":\"Person\",\"@id\":\"https:\\\/\\\/antimuseum.com\\\/en\\\/#\\\/schema\\\/person\\\/545aaf6fc711850cd5dace4214985a98\",\"name\":\"Yann Gourvennec\",\"image\":{\"@type\":\"ImageObject\",\"inLanguage\":\"en-US\",\"@id\":\"https:\\\/\\\/secure.gravatar.com\\\/avatar\\\/d6cd451b8e0fc3c089b819830933d0a38a14de90e62c0dfdbf7feeb7bf00510e?s=96&d=identicon&r=g\",\"url\":\"https:\\\/\\\/secure.gravatar.com\\\/avatar\\\/d6cd451b8e0fc3c089b819830933d0a38a14de90e62c0dfdbf7feeb7bf00510e?s=96&d=identicon&r=g\",\"contentUrl\":\"https:\\\/\\\/secure.gravatar.com\\\/avatar\\\/d6cd451b8e0fc3c089b819830933d0a38a14de90e62c0dfdbf7feeb7bf00510e?s=96&d=identicon&r=g\",\"caption\":\"Yann Gourvennec\"},\"description\":\"I'm a photographer and watercolourist. I have practiced photography since childhood and digital photography since 1995. I turned it into my main occupation in 2021. I own a photo studio in Paris, France. ------------ Je suis photographe et aquarelliste. Je pratique la photographie depuis l'enfance et la photographie num\u00e9rique depuis 1995. J'en ai fait mon activit\u00e9 principale en 2021. Je poss\u00e8de un studio photo dans le 15e arrondissement de Paris\",\"sameAs\":[\"https:\\\/\\\/visionarymarketing.com\"],\"url\":\"https:\\\/\\\/antimuseum.com\\\/en\\\/author\\\/visionarymarketing\\\/\"}]}<\/script>\n<!-- \/ Yoast SEO plugin. -->","yoast_head_json":{"title":"Escherian Stairwell in Suresnes","robots":{"index":"noindex","follow":"follow"},"og_locale":"en_US","og_type":"article","og_title":"Escherian Stairwell in Suresnes","og_description":"While visiting the Mont Val\u00e9rien in Suresnes, I found this surreal stairwell which could have been designed by Maurits Escher. alternate view of the Suresnes stairwell","og_url":"https:\/\/antimuseum.com\/en\/2013\/05\/04\/escherian-stairwell-in-suresnes\/","og_site_name":"Yann Gourvennec - Photography","article_publisher":"https:\/\/www.facebook.com\/AntimuseumParis\/","article_published_time":"2013-05-04T06:16:48+00:00","og_image":[{"url":"http:\/\/farm9.staticflickr.com\/8271\/8701282164_a00f525c4e_c.jpg","type":"","width":"","height":""}],"author":"Yann Gourvennec","twitter_card":"summary_large_image","twitter_creator":"@ygourven","twitter_site":"@ygourven","twitter_misc":{"Written by":"Yann Gourvennec"},"schema":{"@context":"https:\/\/schema.org","@graph":[{"@type":"Article","@id":"https:\/\/antimuseum.com\/en\/2013\/05\/04\/escherian-stairwell-in-suresnes\/#article","isPartOf":{"@id":"https:\/\/antimuseum.com\/en\/2013\/05\/04\/escherian-stairwell-in-suresnes\/"},"author":{"name":"Yann Gourvennec","@id":"https:\/\/antimuseum.com\/en\/#\/schema\/person\/545aaf6fc711850cd5dace4214985a98"},"headline":"Escherian Stairwell in Suresnes","datePublished":"2013-05-04T06:16:48+00:00","mainEntityOfPage":{"@id":"https:\/\/antimuseum.com\/en\/2013\/05\/04\/escherian-stairwell-in-suresnes\/"},"wordCount":31,"commentCount":2,"publisher":{"@id":"https:\/\/antimuseum.com\/en\/#organization"},"image":{"@id":"https:\/\/antimuseum.com\/en\/2013\/05\/04\/escherian-stairwell-in-suresnes\/#primaryimage"},"thumbnailUrl":"http:\/\/farm9.staticflickr.com\/8271\/8701282164_a00f525c4e_c.jpg","articleSection":["Architecture Photos","Photography"],"inLanguage":"en-US","potentialAction":[{"@type":"CommentAction","name":"Comment","target":["https:\/\/antimuseum.com\/en\/2013\/05\/04\/escherian-stairwell-in-suresnes\/#respond"]}]},{"@type":"WebPage","@id":"https:\/\/antimuseum.com\/en\/2013\/05\/04\/escherian-stairwell-in-suresnes\/","url":"https:\/\/antimuseum.com\/en\/2013\/05\/04\/escherian-stairwell-in-suresnes\/","name":"Escherian Stairwell in Suresnes","isPartOf":{"@id":"https:\/\/antimuseum.com\/en\/#website"},"primaryImageOfPage":{"@id":"https:\/\/antimuseum.com\/en\/2013\/05\/04\/escherian-stairwell-in-suresnes\/#primaryimage"},"image":{"@id":"https:\/\/antimuseum.com\/en\/2013\/05\/04\/escherian-stairwell-in-suresnes\/#primaryimage"},"thumbnailUrl":"http:\/\/farm9.staticflickr.com\/8271\/8701282164_a00f525c4e_c.jpg","datePublished":"2013-05-04T06:16:48+00:00","breadcrumb":{"@id":"https:\/\/antimuseum.com\/en\/2013\/05\/04\/escherian-stairwell-in-suresnes\/#breadcrumb"},"inLanguage":"en-US","potentialAction":[{"@type":"ReadAction","target":["https:\/\/antimuseum.com\/en\/2013\/05\/04\/escherian-stairwell-in-suresnes\/"]}]},{"@type":"ImageObject","inLanguage":"en-US","@id":"https:\/\/antimuseum.com\/en\/2013\/05\/04\/escherian-stairwell-in-suresnes\/#primaryimage","url":"http:\/\/farm9.staticflickr.com\/8271\/8701282164_a00f525c4e_c.jpg","contentUrl":"http:\/\/farm9.staticflickr.com\/8271\/8701282164_a00f525c4e_c.jpg"},{"@type":"BreadcrumbList","@id":"https:\/\/antimuseum.com\/en\/2013\/05\/04\/escherian-stairwell-in-suresnes\/#breadcrumb","itemListElement":[{"@type":"ListItem","position":1,"name":"Home","item":"https:\/\/antimuseum.com\/en\/"},{"@type":"ListItem","position":2,"name":"Escherian Stairwell in Suresnes"}]},{"@type":"WebSite","@id":"https:\/\/antimuseum.com\/en\/#website","url":"https:\/\/antimuseum.com\/en\/","name":"The Antimuseum in Paris (and beyond)","description":"The Antimuseum in Paris (and beyond)","publisher":{"@id":"https:\/\/antimuseum.com\/en\/#organization"},"alternateName":"anti-museum in Paris","potentialAction":[{"@type":"SearchAction","target":{"@type":"EntryPoint","urlTemplate":"https:\/\/antimuseum.com\/en\/?s={search_term_string}"},"query-input":{"@type":"PropertyValueSpecification","valueRequired":true,"valueName":"search_term_string"}}],"inLanguage":"en-US"},{"@type":"Organization","@id":"https:\/\/antimuseum.com\/en\/#organization","name":"The Antimuseum in Paris (and beyond)","url":"https:\/\/antimuseum.com\/en\/","logo":{"@type":"ImageObject","inLanguage":"en-US","@id":"https:\/\/antimuseum.com\/en\/#\/schema\/logo\/image\/","url":"https:\/\/antimuseum.com\/wp-content\/uploads\/2021\/01\/antimuseum-logo-1-2-e1610813225740.png","contentUrl":"https:\/\/antimuseum.com\/wp-content\/uploads\/2021\/01\/antimuseum-logo-1-2-e1610813225740.png","width":1487,"height":692,"caption":"The Antimuseum in Paris (and beyond)"},"image":{"@id":"https:\/\/antimuseum.com\/en\/#\/schema\/logo\/image\/"},"sameAs":["https:\/\/www.facebook.com\/AntimuseumParis\/","https:\/\/x.com\/ygourven"]},{"@type":"Person","@id":"https:\/\/antimuseum.com\/en\/#\/schema\/person\/545aaf6fc711850cd5dace4214985a98","name":"Yann Gourvennec","image":{"@type":"ImageObject","inLanguage":"en-US","@id":"https:\/\/secure.gravatar.com\/avatar\/d6cd451b8e0fc3c089b819830933d0a38a14de90e62c0dfdbf7feeb7bf00510e?s=96&d=identicon&r=g","url":"https:\/\/secure.gravatar.com\/avatar\/d6cd451b8e0fc3c089b819830933d0a38a14de90e62c0dfdbf7feeb7bf00510e?s=96&d=identicon&r=g","contentUrl":"https:\/\/secure.gravatar.com\/avatar\/d6cd451b8e0fc3c089b819830933d0a38a14de90e62c0dfdbf7feeb7bf00510e?s=96&d=identicon&r=g","caption":"Yann Gourvennec"},"description":"I'm a photographer and watercolourist. I have practiced photography since childhood and digital photography since 1995. I turned it into my main occupation in 2021. I own a photo studio in Paris, France. ------------ Je suis photographe et aquarelliste. Je pratique la photographie depuis l'enfance et la photographie num\u00e9rique depuis 1995. J'en ai fait mon activit\u00e9 principale en 2021. Je poss\u00e8de un studio photo dans le 15e arrondissement de Paris","sameAs":["https:\/\/visionarymarketing.com"],"url":"https:\/\/antimuseum.com\/en\/author\/visionarymarketing\/"}]}},"jetpack_publicize_connections":[],"jetpack_featured_media_url":"","jetpack_likes_enabled":true,"jetpack_sharing_enabled":true,"jetpack_shortlink":"https:\/\/wp.me\/p1bww-g5","jetpack-related-posts":[{"id":6583,"url":"https:\/\/antimuseum.com\/en\/2020\/12\/06\/escherian-stairwell\/","url_meta":{"origin":997,"position":0},"title":"Escherian Stairwell and the Penrose stair","author":"Yann Gourvennec","date":"December 6, 2020","format":false,"excerpt":"Here is a representation of an Escherian stairwell in the South of Paris. Escherian Stairwell and the Penrose Stair It's one of the staircases along the \"petite ceinture\" (literally small belt). The belt is the former orbital railway line that the French Railways decided to close in the 1930s. Those\u2026","rel":"","context":"In &quot;Architecture Photos&quot;","block_context":{"text":"Architecture Photos","link":"https:\/\/antimuseum.com\/en\/category\/photography\/architecture-photography\/"},"img":{"alt_text":"","src":"https:\/\/i0.wp.com\/antimuseum.com\/wp-content\/uploads\/2020\/12\/50681847393_f66191cb1d_k.jpg?fit=800%2C1200&ssl=1&resize=350%2C200","width":350,"height":200,"srcset":"https:\/\/i0.wp.com\/antimuseum.com\/wp-content\/uploads\/2020\/12\/50681847393_f66191cb1d_k.jpg?fit=800%2C1200&ssl=1&resize=350%2C200 1x, https:\/\/i0.wp.com\/antimuseum.com\/wp-content\/uploads\/2020\/12\/50681847393_f66191cb1d_k.jpg?fit=800%2C1200&ssl=1&resize=525%2C300 1.5x, https:\/\/i0.wp.com\/antimuseum.com\/wp-content\/uploads\/2020\/12\/50681847393_f66191cb1d_k.jpg?fit=800%2C1200&ssl=1&resize=700%2C400 2x"},"classes":[]},{"id":11351,"url":"https:\/\/antimuseum.com\/en\/2022\/11\/22\/paris-13\/","url_meta":{"origin":997,"position":1},"title":"The 2013 Tour Paris 13 Contemporary Art Experience","author":"Yann Gourvennec","date":"November 22, 2022","format":false,"excerpt":"I fished the following pictures of the Paris 13 th district out of my archive.\u00a0In October 2013, street artists from all over the world were asked to decorate 36 apartments in a 1960s block of flats due to be demolished in the 13th district of Paris. Immediately after that, Real\u2026","rel":"","context":"In &quot;Architecture Photos&quot;","block_context":{"text":"Architecture Photos","link":"https:\/\/antimuseum.com\/en\/category\/photography\/architecture-photography\/"},"img":{"alt_text":"","src":"https:\/\/i0.wp.com\/antimuseum.com\/wp-content\/uploads\/2022\/11\/10113038724_bf1bcea328_k.jpg?fit=801%2C1200&ssl=1&resize=350%2C200","width":350,"height":200,"srcset":"https:\/\/i0.wp.com\/antimuseum.com\/wp-content\/uploads\/2022\/11\/10113038724_bf1bcea328_k.jpg?fit=801%2C1200&ssl=1&resize=350%2C200 1x, https:\/\/i0.wp.com\/antimuseum.com\/wp-content\/uploads\/2022\/11\/10113038724_bf1bcea328_k.jpg?fit=801%2C1200&ssl=1&resize=525%2C300 1.5x, https:\/\/i0.wp.com\/antimuseum.com\/wp-content\/uploads\/2022\/11\/10113038724_bf1bcea328_k.jpg?fit=801%2C1200&ssl=1&resize=700%2C400 2x"},"classes":[]}],"_links":{"self":[{"href":"https:\/\/antimuseum.com\/en\/wp-json\/wp\/v2\/posts\/997","targetHints":{"allow":["GET"]}}],"collection":[{"href":"https:\/\/antimuseum.com\/en\/wp-json\/wp\/v2\/posts"}],"about":[{"href":"https:\/\/antimuseum.com\/en\/wp-json\/wp\/v2\/types\/post"}],"author":[{"embeddable":true,"href":"https:\/\/antimuseum.com\/en\/wp-json\/wp\/v2\/users\/60439"}],"replies":[{"embeddable":true,"href":"https:\/\/antimuseum.com\/en\/wp-json\/wp\/v2\/comments?post=997"}],"version-history":[{"count":3,"href":"https:\/\/antimuseum.com\/en\/wp-json\/wp\/v2\/posts\/997\/revisions"}],"predecessor-version":[{"id":13445,"href":"https:\/\/antimuseum.com\/en\/wp-json\/wp\/v2\/posts\/997\/revisions\/13445"}],"wp:attachment":[{"href":"https:\/\/antimuseum.com\/en\/wp-json\/wp\/v2\/media?parent=997"}],"wp:term":[{"taxonomy":"category","embeddable":true,"href":"https:\/\/antimuseum.com\/en\/wp-json\/wp\/v2\/categories?post=997"},{"taxonomy":"post_tag","embeddable":true,"href":"https:\/\/antimuseum.com\/en\/wp-json\/wp\/v2\/tags?post=997"}],"curies":[{"name":"wp","href":"https:\/\/api.w.org\/{rel}","templated":true}]}}